{"id":9986,"date":"2021-12-08T03:40:20","date_gmt":"2021-12-08T02:40:20","guid":{"rendered":"https:\/\/lopezdearenas.org\/inicio\/blog\/?p=9986"},"modified":"2021-12-08T03:47:39","modified_gmt":"2021-12-08T02:47:39","slug":"publicacion-definitiva-convocatoria-erasmus","status":"publish","type":"post","link":"https:\/\/lopezdearenas.org\/inicio\/blog\/publicacion-definitiva-convocatoria-erasmus\/","title":{"rendered":"Publicaci\u00f3n definitiva Convocatoria Erasmus +"},"content":{"rendered":"\n<p class=\"has-text-align-center\"><strong>\u201cBRIDGE TO EUROPE\u201d<\/strong><\/p>\n\n\n\n<p class=\"has-text-align-center\"><strong>MOVILIDADES DE 90 D\u00cdAS \u2013 FCT MARZO-ABRIL 2022<\/strong><\/p>\n\n\n\n<p class=\"has-text-align-center\"><strong>2020\u20131\u2013ES01\u2013KA102-078500<\/strong><\/p>\n\n\n\n<p class=\"has-text-align-center\"><em>CURSO 2021 \/ 2022<\/em><\/p>\n\n\n\n<p>La resoluci\u00f3n <strong>definitiva<\/strong> de candidatos seleccionados para la realizaci\u00f3n de las movilidades de 90 d\u00edas es la que figura en el siguiente documento.<\/p>\n\n\n\n<p><a href=\"https:\/\/lopezdearenas.org\/inicio\/blog\/wp-content\/uploads\/2021\/12\/04_RESOLUCION-DEFINITIVA-MOV-90D-FCT2022-firm.pdf\" target=\"_blank\" rel=\"noreferrer noopener\">Resoluci\u00f3n definitiva<\/a><\/p>\n\n\n\n<div class=\"wp-block-image\"><figure class=\"aligncenter size-full is-resized\"><img loading=\"lazy\" decoding=\"async\" src=\"https:\/\/lopezdearenas.org\/inicio\/blog\/wp-content\/uploads\/2021\/12\/cofinanciado-por-Erasmus-EU.jpg\" alt=\"\" class=\"wp-image-9988\" width=\"278\" height=\"66\" srcset=\"https:\/\/lopezdearenas.org\/inicio\/blog\/wp-content\/uploads\/2021\/12\/cofinanciado-por-Erasmus-EU.jpg 751w, https:\/\/lopezdearenas.org\/inicio\/blog\/wp-content\/uploads\/2021\/12\/cofinanciado-por-Erasmus-EU-300x72.jpg 300w, https:\/\/lopezdearenas.org\/inicio\/blog\/wp-content\/uploads\/2021\/12\/cofinanciado-por-Erasmus-EU-500x120.jpg 500w\" sizes=\"auto, (max-width: 278px) 100vw, 278px\" \/><\/figure><\/div>\n\n\n\n<div class=\"wp-block-image\"><figure class=\"aligncenter size-large is-resized\"><img loading=\"lazy\" decoding=\"async\" src=\"https:\/\/lopezdearenas.org\/inicio\/blog\/wp-content\/uploads\/2021\/12\/EU-flag-Erasmus-1024x292.jpg\" alt=\"\" class=\"wp-image-9989\" width=\"212\" height=\"59\" srcset=\"https:\/\/lopezdearenas.org\/inicio\/blog\/wp-content\/uploads\/2021\/12\/EU-flag-Erasmus-1024x292.jpg 1024w, https:\/\/lopezdearenas.org\/inicio\/blog\/wp-content\/uploads\/2021\/12\/EU-flag-Erasmus-768x219.jpg 768w\" sizes=\"auto, (max-width: 212px) 100vw, 212px\" \/><\/figure><\/div>\n","protected":false},"excerpt":{"rendered":"<p>\u201cBRIDGE TO EUROPE\u201d MOVILIDADES DE 90 D\u00cdAS \u2013 FCT MARZO-ABRIL 2022 2020\u20131\u2013ES01\u2013KA102-078500 CURSO 2021 \/ 2022 La resoluci\u00f3n definitiva de candidatos seleccionados para la realizaci\u00f3n de las movilidades de 90 d\u00edas es la que figura en el siguiente documento. Resoluci\u00f3n &hellip; <a href=\"https:\/\/lopezdearenas.org\/inicio\/blog\/publicacion-definitiva-convocatoria-erasmus\/\">Sigue leyendo <span class=\"meta-nav\">&rarr;<\/span><\/a><\/p>\n","protected":false},"author":80,"featured_media":0,"comment_status":"closed","ping_status":"open","sticky":false,"template":"","format":"standard","meta":{"_jetpack_memberships_contains_paid_content":false,"footnotes":"","jetpack_publicize_message":"","jetpack_publicize_feature_enabled":true,"jetpack_social_post_already_shared":true,"jetpack_social_options":{"image_generator_settings":{"template":"highway","default_image_id":0,"enabled":false},"version":2}},"categories":[5],"tags":[],"class_list":["post-9986","post","type-post","status-publish","format-standard","hentry","category-novedades"],"jetpack_publicize_connections":[],"jetpack_featured_media_url":"","jetpack_sharing_enabled":true,"_links":{"self":[{"href":"https:\/\/lopezdearenas.org\/inicio\/blog\/wp-json\/wp\/v2\/posts\/9986","targetHints":{"allow":["GET"]}}],"collection":[{"href":"https:\/\/lopezdearenas.org\/inicio\/blog\/wp-json\/wp\/v2\/posts"}],"about":[{"href":"https:\/\/lopezdearenas.org\/inicio\/blog\/wp-json\/wp\/v2\/types\/post"}],"author":[{"embeddable":true,"href":"https:\/\/lopezdearenas.org\/inicio\/blog\/wp-json\/wp\/v2\/users\/80"}],"replies":[{"embeddable":true,"href":"https:\/\/lopezdearenas.org\/inicio\/blog\/wp-json\/wp\/v2\/comments?post=9986"}],"version-history":[{"count":3,"href":"https:\/\/lopezdearenas.org\/inicio\/blog\/wp-json\/wp\/v2\/posts\/9986\/revisions"}],"predecessor-version":[{"id":9993,"href":"https:\/\/lopezdearenas.org\/inicio\/blog\/wp-json\/wp\/v2\/posts\/9986\/revisions\/9993"}],"wp:attachment":[{"href":"https:\/\/lopezdearenas.org\/inicio\/blog\/wp-json\/wp\/v2\/media?parent=9986"}],"wp:term":[{"taxonomy":"category","embeddable":true,"href":"https:\/\/lopezdearenas.org\/inicio\/blog\/wp-json\/wp\/v2\/categories?post=9986"},{"taxonomy":"post_tag","embeddable":true,"href":"https:\/\/lopezdearenas.org\/inicio\/blog\/wp-json\/wp\/v2\/tags?post=9986"}],"curies":[{"name":"wp","href":"https:\/\/api.w.org\/{rel}","templated":true}]}}