{"id":9970,"date":"2021-11-29T23:58:40","date_gmt":"2021-11-29T22:58:40","guid":{"rendered":"https:\/\/lopezdearenas.org\/inicio\/blog\/?p=9970"},"modified":"2021-12-08T03:48:50","modified_gmt":"2021-12-08T02:48:50","slug":"resolucion-provisional-adoptada-convocatoria-erasmus","status":"publish","type":"post","link":"https:\/\/lopezdearenas.org\/inicio\/blog\/resolucion-provisional-adoptada-convocatoria-erasmus\/","title":{"rendered":"Resoluci\u00f3n provisional adoptada Convocatoria Erasmus+"},"content":{"rendered":"\n<p class=\"has-text-align-center\"><strong>\u201cBRIDGE TO EUROPE\u201d<\/strong><\/p>\n\n\n\n<p class=\"has-text-align-center\"><strong>MOVILIDADES DE 90 D\u00cdAS \u2013 FCT MARZO-ABRIL 2022<\/strong><\/p>\n\n\n\n<p class=\"has-text-align-center\"><strong>2020\u20131\u2013ES01\u2013KA102-078500<\/strong><\/p>\n\n\n\n<p class=\"has-text-align-center\"><em>CURSO 2021 \/ 2022<\/em><\/p>\n\n\n\n<p>El IES L\u00f3pez de Arenas forma parte, junto a otros Institutos de Educaci\u00f3n Secundaria, del Consorcio Erasmus+, creado para la ejecuci\u00f3n del Programa de Movilidad <strong>\u201cBRIDGE TO EUROPE\u201d <\/strong>en sus ediciones aprobadas en 2020.<\/p>\n\n\n\n<p>El Consorcio convoca <strong>becas de movilidad de 90 d\u00edas de duraci\u00f3n a Italia <\/strong>para alumnado matriculado en el segundo curso de los Ciclos Formativos de Grado Medio y FP B\u00e1sica impartidos por los centros que configuran el Consorcio. Los beneficiarios realizar\u00e1n pr\u00e1cticas en empresas en el pa\u00eds de destino.<\/p>\n\n\n\n<p>La resoluci\u00f3n provisional de candidatos seleccionados para la realizaci\u00f3n de las movilidades de 90 d\u00edas es la que figura en el siguiente documento.<\/p>\n\n\n\n<p><a href=\"https:\/\/lopezdearenas.org\/inicio\/blog\/wp-content\/uploads\/2021\/11\/03_RESOLUCION-PROVISIONAL-MOV-90D-FCT2022-firm.pdf\" target=\"_blank\" rel=\"noreferrer noopener\">Resoluci\u00f3n provisional<\/a><\/p>\n\n\n\n<div class=\"wp-block-image\"><figure class=\"aligncenter size-full is-resized\"><img loading=\"lazy\" decoding=\"async\" src=\"https:\/\/lopezdearenas.org\/inicio\/blog\/wp-content\/uploads\/2021\/11\/cofinanciado-por-Erasmus-EU-1.jpg\" alt=\"\" class=\"wp-image-9976\" width=\"282\" height=\"65\"\/><\/figure><\/div>\n\n\n\n<div class=\"wp-block-image\"><figure class=\"aligncenter size-large is-resized\"><img loading=\"lazy\" decoding=\"async\" src=\"https:\/\/lopezdearenas.org\/inicio\/blog\/wp-content\/uploads\/2021\/11\/EU-flag-Erasmus-1024x292.jpg\" alt=\"\" class=\"wp-image-9977\" width=\"218\" height=\"62\" srcset=\"https:\/\/lopezdearenas.org\/inicio\/blog\/wp-content\/uploads\/2021\/11\/EU-flag-Erasmus-1024x292.jpg 1024w, https:\/\/lopezdearenas.org\/inicio\/blog\/wp-content\/uploads\/2021\/11\/EU-flag-Erasmus-300x86.jpg 300w, https:\/\/lopezdearenas.org\/inicio\/blog\/wp-content\/uploads\/2021\/11\/EU-flag-Erasmus-768x219.jpg 768w, https:\/\/lopezdearenas.org\/inicio\/blog\/wp-content\/uploads\/2021\/11\/EU-flag-Erasmus-1536x439.jpg 1536w, https:\/\/lopezdearenas.org\/inicio\/blog\/wp-content\/uploads\/2021\/11\/EU-flag-Erasmus-1000x288.jpg 1000w, https:\/\/lopezdearenas.org\/inicio\/blog\/wp-content\/uploads\/2021\/11\/EU-flag-Erasmus-500x143.jpg 500w, https:\/\/lopezdearenas.org\/inicio\/blog\/wp-content\/uploads\/2021\/11\/EU-flag-Erasmus.jpg 1964w\" sizes=\"auto, (max-width: 218px) 100vw, 218px\" \/><\/figure><\/div>\n","protected":false},"excerpt":{"rendered":"<p>\u201cBRIDGE TO EUROPE\u201d MOVILIDADES DE 90 D\u00cdAS \u2013 FCT MARZO-ABRIL 2022 2020\u20131\u2013ES01\u2013KA102-078500 CURSO 2021 \/ 2022 El IES L\u00f3pez de Arenas forma parte, junto a otros Institutos de Educaci\u00f3n Secundaria, del Consorcio Erasmus+, creado para la ejecuci\u00f3n del Programa de &hellip; <a href=\"https:\/\/lopezdearenas.org\/inicio\/blog\/resolucion-provisional-adoptada-convocatoria-erasmus\/\">Sigue leyendo <span class=\"meta-nav\">&rarr;<\/span><\/a><\/p>\n","protected":false},"author":80,"featured_media":0,"comment_status":"closed","ping_status":"open","sticky":false,"template":"","format":"standard","meta":{"_jetpack_memberships_contains_paid_content":false,"footnotes":"","jetpack_publicize_message":"","jetpack_publicize_feature_enabled":true,"jetpack_social_post_already_shared":true,"jetpack_social_options":{"image_generator_settings":{"template":"highway","default_image_id":0,"enabled":false},"version":2}},"categories":[5],"tags":[],"class_list":["post-9970","post","type-post","status-publish","format-standard","hentry","category-novedades"],"jetpack_publicize_connections":[],"jetpack_featured_media_url":"","jetpack_sharing_enabled":true,"_links":{"self":[{"href":"https:\/\/lopezdearenas.org\/inicio\/blog\/wp-json\/wp\/v2\/posts\/9970","targetHints":{"allow":["GET"]}}],"collection":[{"href":"https:\/\/lopezdearenas.org\/inicio\/blog\/wp-json\/wp\/v2\/posts"}],"about":[{"href":"https:\/\/lopezdearenas.org\/inicio\/blog\/wp-json\/wp\/v2\/types\/post"}],"author":[{"embeddable":true,"href":"https:\/\/lopezdearenas.org\/inicio\/blog\/wp-json\/wp\/v2\/users\/80"}],"replies":[{"embeddable":true,"href":"https:\/\/lopezdearenas.org\/inicio\/blog\/wp-json\/wp\/v2\/comments?post=9970"}],"version-history":[{"count":5,"href":"https:\/\/lopezdearenas.org\/inicio\/blog\/wp-json\/wp\/v2\/posts\/9970\/revisions"}],"predecessor-version":[{"id":9994,"href":"https:\/\/lopezdearenas.org\/inicio\/blog\/wp-json\/wp\/v2\/posts\/9970\/revisions\/9994"}],"wp:attachment":[{"href":"https:\/\/lopezdearenas.org\/inicio\/blog\/wp-json\/wp\/v2\/media?parent=9970"}],"wp:term":[{"taxonomy":"category","embeddable":true,"href":"https:\/\/lopezdearenas.org\/inicio\/blog\/wp-json\/wp\/v2\/categories?post=9970"},{"taxonomy":"post_tag","embeddable":true,"href":"https:\/\/lopezdearenas.org\/inicio\/blog\/wp-json\/wp\/v2\/tags?post=9970"}],"curies":[{"name":"wp","href":"https:\/\/api.w.org\/{rel}","templated":true}]}}