{"id":9964,"date":"2021-11-29T13:02:44","date_gmt":"2021-11-29T12:02:44","guid":{"rendered":"https:\/\/lopezdearenas.org\/inicio\/blog\/?p=9964"},"modified":"2021-11-29T13:04:37","modified_gmt":"2021-11-29T12:04:37","slug":"performance-25n","status":"publish","type":"post","link":"https:\/\/lopezdearenas.org\/inicio\/blog\/performance-25n\/","title":{"rendered":"Performance 25N"},"content":{"rendered":"\n<p>\u00bfQu\u00e9 podemos ofrecer para motivar al alumnado?, \u00bfqu\u00e9 hacer para despertar el inter\u00e9s y la conciencia social sobre el 25N?, \u00bfc\u00f3mo podemos decir todos los nombres de las asesinadas en 2021 en Espa\u00f1a y que no sea una retah\u00edla sin mucho sentido? \u00c9stas, entre otras preguntas, se han hecho las alumnas y alumnos de Psicolog\u00eda de 2\u00ba de bachillerato para realizar la acci\u00f3n o performance para el 25N y as\u00ed colaborar con el Plan de Igualdad.<\/p>\n\n\n\n<figure class=\"wp-block-image size-large\"><img loading=\"lazy\" decoding=\"async\" width=\"1024\" height=\"724\" src=\"https:\/\/lopezdearenas.org\/inicio\/blog\/wp-content\/uploads\/2021\/11\/1-2-1024x724.png\" alt=\"\" class=\"wp-image-9965\" srcset=\"https:\/\/lopezdearenas.org\/inicio\/blog\/wp-content\/uploads\/2021\/11\/1-2-1024x724.png 1024w, https:\/\/lopezdearenas.org\/inicio\/blog\/wp-content\/uploads\/2021\/11\/1-2-300x212.png 300w, https:\/\/lopezdearenas.org\/inicio\/blog\/wp-content\/uploads\/2021\/11\/1-2-768x543.png 768w, https:\/\/lopezdearenas.org\/inicio\/blog\/wp-content\/uploads\/2021\/11\/1-2-1536x1086.png 1536w, https:\/\/lopezdearenas.org\/inicio\/blog\/wp-content\/uploads\/2021\/11\/1-2-2048x1448.png 2048w, https:\/\/lopezdearenas.org\/inicio\/blog\/wp-content\/uploads\/2021\/11\/1-2-424x300.png 424w\" sizes=\"auto, (max-width: 1024px) 100vw, 1024px\" \/><\/figure>\n\n\n\n<figure class=\"wp-block-image size-large\"><img loading=\"lazy\" decoding=\"async\" width=\"1024\" height=\"724\" src=\"https:\/\/lopezdearenas.org\/inicio\/blog\/wp-content\/uploads\/2021\/11\/2-2-1024x724.png\" alt=\"\" class=\"wp-image-9966\" srcset=\"https:\/\/lopezdearenas.org\/inicio\/blog\/wp-content\/uploads\/2021\/11\/2-2-1024x724.png 1024w, https:\/\/lopezdearenas.org\/inicio\/blog\/wp-content\/uploads\/2021\/11\/2-2-300x212.png 300w, https:\/\/lopezdearenas.org\/inicio\/blog\/wp-content\/uploads\/2021\/11\/2-2-768x543.png 768w, https:\/\/lopezdearenas.org\/inicio\/blog\/wp-content\/uploads\/2021\/11\/2-2-1536x1086.png 1536w, https:\/\/lopezdearenas.org\/inicio\/blog\/wp-content\/uploads\/2021\/11\/2-2-2048x1448.png 2048w, https:\/\/lopezdearenas.org\/inicio\/blog\/wp-content\/uploads\/2021\/11\/2-2-424x300.png 424w\" sizes=\"auto, (max-width: 1024px) 100vw, 1024px\" \/><\/figure>\n\n\n\n<p>Un resumen de la puesta en escena la dejamos m\u00e1s abajo en el v\u00eddeo.<\/p>\n\n\n\n<figure class=\"wp-block-embed is-type-video is-provider-youtube wp-block-embed-youtube wp-embed-aspect-16-9 wp-has-aspect-ratio\"><div class=\"wp-block-embed__wrapper\">\n<iframe loading=\"lazy\" title=\"LA CUERDA. UNA PERFORMANCE PARA EL 25N EN EL IESLA\" width=\"584\" height=\"329\" src=\"https:\/\/www.youtube.com\/embed\/UaTOl0qU1ts?feature=oembed\" frameborder=\"0\" allow=\"accelerometer; autoplay; clipboard-write; encrypted-media; gyroscope; picture-in-picture; web-share\" referrerpolicy=\"strict-origin-when-cross-origin\" allowfullscreen><\/iframe>\n<\/div><\/figure>\n\n\n\n<p>Como profesor de Filosof\u00eda siempre intento que mis alumnos y alumnas sepan que es la coherencia: <strong>pensar<\/strong> libremente, tener ideas propias; <strong>decirlas<\/strong>, defenderlas pese a todo y, finalmente: <strong>hacer<\/strong> algo en consecuencia. Parece f\u00e1cil, pero en estos tiempos que corren no lo es porque la libertad y la coherencia no cotizan en bolsa ni en sociedad. Y, sin embargo, con este tipo de actividades me demuestran que han interiorizado lo que trabajamos en clase, y as\u00ed lo demuestran en la materia de Psicolog\u00eda.<\/p>\n\n\n\n<p>Desde aqu\u00ed mi admiraci\u00f3n y mi agradecimiento a todo el alumnado participante: \u00a1!cuando quer\u00e9is, sois geniales! Tambi\u00e9n a 4 profesoras (Sara, \u00c1ngela, Berta, F\u00e1tima) que no saben decir que no a propuestas tan atrevidas y que se van incorporando a nuestro centro con cierta normalidad (no en vano es arte contempor\u00e1neo, aunque su existencia tiene ya m\u00e1s de un siglo). Suponemos que no ser\u00e1 la \u00faltima\u2026<\/p>\n\n\n\n<p>P.D: Agradecemos aqu\u00ed la dedicaci\u00f3n y el esfuerzo de Liberto Alc\u00e1zar, sin \u00e9l hubiera sido imposible el v\u00eddeo.<\/p>\n\n\n\n<p class=\"has-blue-color has-text-color has-background\" style=\"background-color:#ffffff\"><strong>Actividad dirigida por: D. Antonio Mart\u00edn Flores <\/strong><br><strong>(Profesor de Filosof\u00eda del IES L\u00f3pez de Arenas)<\/strong><\/p>\n","protected":false},"excerpt":{"rendered":"<p>\u00bfQu\u00e9 podemos ofrecer para motivar al alumnado?, \u00bfqu\u00e9 hacer para despertar el inter\u00e9s y la conciencia social sobre el 25N?, \u00bfc\u00f3mo podemos decir todos los nombres de las asesinadas en 2021 en Espa\u00f1a y que no sea una retah\u00edla sin &hellip; <a href=\"https:\/\/lopezdearenas.org\/inicio\/blog\/performance-25n\/\">Sigue leyendo <span class=\"meta-nav\">&rarr;<\/span><\/a><\/p>\n","protected":false},"author":1,"featured_media":0,"comment_status":"closed","ping_status":"open","sticky":false,"template":"","format":"standard","meta":{"_jetpack_memberships_contains_paid_content":false,"footnotes":"","jetpack_publicize_message":"","jetpack_publicize_feature_enabled":true,"jetpack_social_post_already_shared":true,"jetpack_social_options":{"image_generator_settings":{"template":"highway","default_image_id":0,"enabled":false},"version":2}},"categories":[5],"tags":[71,8,51,139],"class_list":["post-9964","post","type-post","status-publish","format-standard","hentry","category-novedades","tag-25n","tag-alumnos","tag-coeducacion","tag-filosofia"],"jetpack_publicize_connections":[],"jetpack_featured_media_url":"","jetpack_sharing_enabled":true,"_links":{"self":[{"href":"https:\/\/lopezdearenas.org\/inicio\/blog\/wp-json\/wp\/v2\/posts\/9964","targetHints":{"allow":["GET"]}}],"collection":[{"href":"https:\/\/lopezdearenas.org\/inicio\/blog\/wp-json\/wp\/v2\/posts"}],"about":[{"href":"https:\/\/lopezdearenas.org\/inicio\/blog\/wp-json\/wp\/v2\/types\/post"}],"author":[{"embeddable":true,"href":"https:\/\/lopezdearenas.org\/inicio\/blog\/wp-json\/wp\/v2\/users\/1"}],"replies":[{"embeddable":true,"href":"https:\/\/lopezdearenas.org\/inicio\/blog\/wp-json\/wp\/v2\/comments?post=9964"}],"version-history":[{"count":2,"href":"https:\/\/lopezdearenas.org\/inicio\/blog\/wp-json\/wp\/v2\/posts\/9964\/revisions"}],"predecessor-version":[{"id":9969,"href":"https:\/\/lopezdearenas.org\/inicio\/blog\/wp-json\/wp\/v2\/posts\/9964\/revisions\/9969"}],"wp:attachment":[{"href":"https:\/\/lopezdearenas.org\/inicio\/blog\/wp-json\/wp\/v2\/media?parent=9964"}],"wp:term":[{"taxonomy":"category","embeddable":true,"href":"https:\/\/lopezdearenas.org\/inicio\/blog\/wp-json\/wp\/v2\/categories?post=9964"},{"taxonomy":"post_tag","embeddable":true,"href":"https:\/\/lopezdearenas.org\/inicio\/blog\/wp-json\/wp\/v2\/tags?post=9964"}],"curies":[{"name":"wp","href":"https:\/\/api.w.org\/{rel}","templated":true}]}}