{"id":9595,"date":"2021-06-29T16:10:26","date_gmt":"2021-06-29T15:10:26","guid":{"rendered":"https:\/\/lopezdearenas.org\/inicio\/blog\/?p=9595"},"modified":"2021-06-29T16:29:37","modified_gmt":"2021-06-29T15:29:37","slug":"acto-de-graduacion-ciclos-formativos","status":"publish","type":"post","link":"https:\/\/lopezdearenas.org\/inicio\/blog\/acto-de-graduacion-ciclos-formativos\/","title":{"rendered":"Acto de Graduaci\u00f3n Ciclos Formativos"},"content":{"rendered":"\n<p class=\"wp-block-paragraph\">El pasado viernes 25 de junio tuvo lugar en el centro el acto de graduaci\u00f3n de los Ciclos Formativos de Grado Medio y Superior de Administraci\u00f3n.<\/p>\n\n\n\n<p class=\"wp-block-paragraph\">Os dejamos el enlace al v\u00eddeo de TeleMarchena.<\/p>\n\n\n\n<figure class=\"wp-block-embed is-type-video is-provider-youtube wp-block-embed-youtube wp-embed-aspect-16-9 wp-has-aspect-ratio\"><div class=\"wp-block-embed__wrapper\">\n<object type=\"application\/x-shockwave-flash\" width=\"584\" height=\"62\" data=\"http:\/\/getembedplus.com\/embedplus.swf\" id=\"ep48962\">\r<param value=\"http:\/\/getembedplus.com\/embedplus.swf\" name=\"movie\" \/>\r<param value=\"high\" name=\"quality\" \/>\r<param value=\"transparent\" name=\"wmode\" \/>\r<param value=\"always\" name=\"allowscriptaccess\" \/>\r<param value=\"true\" name=\"allowFullScreen\" \/>\r<param name=\"flashvars\" value=\"ytid=9e4A94wj5D4&#038;height=30&#038;width=584&#038;react=1&#038;sweetspot=1&#038;&amp;rs=w\" \/>\r<iframe loading=\"lazy\" class=\"cantembedplus\" title=\"YouTube video player\" width=\"584\" height=\"30\" src=\"\/\/www.youtube.com\/embed\/9e4A94wj5D4?fs=1&#038;\" frameborder=\"0\" allowfullscreen><\/iframe>\r<\/object>\n<\/div><\/figure>\n\n\n\n<p class=\"wp-block-paragraph\"><\/p>\n","protected":false},"excerpt":{"rendered":"<p>El pasado viernes 25 de junio tuvo lugar en el centro el acto de graduaci\u00f3n de los Ciclos Formativos de Grado Medio y Superior de Administraci\u00f3n. Os dejamos el enlace al v\u00eddeo de TeleMarchena.<\/p>\n","protected":false},"author":80,"featured_media":0,"comment_status":"open","ping_status":"open","sticky":false,"template":"","format":"standard","meta":{"_jetpack_newsletter_access":"","_jetpack_dont_email_post_to_subs":false,"_jetpack_newsletter_tier_id":0,"_jetpack_memberships_contains_paywalled_content":false,"_jetpack_feature_clip_id":0,"_jetpack_memberships_contains_paid_content":false,"footnotes":"","jetpack_publicize_message":"","jetpack_publicize_feature_enabled":true,"jetpack_social_post_already_shared":true,"jetpack_social_options":{"image_generator_settings":{"template":"highway","default_image_id":0,"font":"","enabled":false},"version":2},"jetpack_post_was_ever_published":false},"categories":[5],"tags":[],"class_list":["post-9595","post","type-post","status-publish","format-standard","hentry","category-novedades"],"jetpack_publicize_connections":[],"jetpack_sharing_enabled":true,"jetpack_featured_media_url":"","_links":{"self":[{"href":"https:\/\/lopezdearenas.org\/inicio\/blog\/wp-json\/wp\/v2\/posts\/9595","targetHints":{"allow":["GET"]}}],"collection":[{"href":"https:\/\/lopezdearenas.org\/inicio\/blog\/wp-json\/wp\/v2\/posts"}],"about":[{"href":"https:\/\/lopezdearenas.org\/inicio\/blog\/wp-json\/wp\/v2\/types\/post"}],"author":[{"embeddable":true,"href":"https:\/\/lopezdearenas.org\/inicio\/blog\/wp-json\/wp\/v2\/users\/80"}],"replies":[{"embeddable":true,"href":"https:\/\/lopezdearenas.org\/inicio\/blog\/wp-json\/wp\/v2\/comments?post=9595"}],"version-history":[{"count":7,"href":"https:\/\/lopezdearenas.org\/inicio\/blog\/wp-json\/wp\/v2\/posts\/9595\/revisions"}],"predecessor-version":[{"id":9606,"href":"https:\/\/lopezdearenas.org\/inicio\/blog\/wp-json\/wp\/v2\/posts\/9595\/revisions\/9606"}],"wp:attachment":[{"href":"https:\/\/lopezdearenas.org\/inicio\/blog\/wp-json\/wp\/v2\/media?parent=9595"}],"wp:term":[{"taxonomy":"category","embeddable":true,"href":"https:\/\/lopezdearenas.org\/inicio\/blog\/wp-json\/wp\/v2\/categories?post=9595"},{"taxonomy":"post_tag","embeddable":true,"href":"https:\/\/lopezdearenas.org\/inicio\/blog\/wp-json\/wp\/v2\/tags?post=9595"}],"curies":[{"name":"wp","href":"https:\/\/api.w.org\/{rel}","templated":true}]}}