{"id":9341,"date":"2021-05-02T18:55:48","date_gmt":"2021-05-02T17:55:48","guid":{"rendered":"https:\/\/lopezdearenas.org\/inicio\/blog\/?p=9341"},"modified":"2021-05-02T19:17:57","modified_gmt":"2021-05-02T18:17:57","slug":"v-semana-de-las-artes-y-las-humanidades","status":"publish","type":"post","link":"https:\/\/lopezdearenas.org\/inicio\/blog\/v-semana-de-las-artes-y-las-humanidades\/","title":{"rendered":"V Semana de las Artes y las Humanidades"},"content":{"rendered":"\n<p>Esta semana pasada tuvo lugar en el Centro la \u00abSemana de las Artes y las Humanidades\u00bb, con la primera Vuelta al Mundo como eje central. La semana estuvo jalonada de diferentes actividades y trabajos realizados en los diferentes niveles y materias, una exposicion de Mail Art, y el Certamen de Microrrelatos, entre otros. <\/p>\n\n\n\n<p>Os dejamos el enlace a la noticia de TV Marchena y algunos de estos trabajos y actividades llevados a cabo durante la semana. <\/p>\n\n\n\n<div class=\"wp-block-image\"><figure class=\"aligncenter size-large\"><a href=\"https:\/\/youtu.be\/Zig2kslLWyQ\" target=\"_blank\" rel=\"noopener noreferrer\"><img loading=\"lazy\" decoding=\"async\" width=\"500\" height=\"260\" src=\"https:\/\/lopezdearenas.org\/inicio\/blog\/wp-content\/uploads\/2021\/05\/imagen.jpg\" alt=\"\" class=\"wp-image-9342\" srcset=\"https:\/\/lopezdearenas.org\/inicio\/blog\/wp-content\/uploads\/2021\/05\/imagen.jpg 500w, https:\/\/lopezdearenas.org\/inicio\/blog\/wp-content\/uploads\/2021\/05\/imagen-300x156.jpg 300w\" sizes=\"auto, (max-width: 500px) 100vw, 500px\" \/><\/a><\/figure><\/div>\n\n\n\n<p><\/p>\n\n\n\n<div class=\"wp-block-image\"><figure class=\"aligncenter size-large\"><a href=\"https:\/\/drive.google.com\/file\/d\/1IiKzLWVrc7An9nZD65B-c3E_YF90ybfQ\/view?usp=sharing\"><img loading=\"lazy\" decoding=\"async\" width=\"445\" height=\"249\" src=\"https:\/\/lopezdearenas.org\/inicio\/blog\/wp-content\/uploads\/2021\/05\/Imagen-1.png\" alt=\"\" class=\"wp-image-9343\" srcset=\"https:\/\/lopezdearenas.org\/inicio\/blog\/wp-content\/uploads\/2021\/05\/Imagen-1.png 445w, https:\/\/lopezdearenas.org\/inicio\/blog\/wp-content\/uploads\/2021\/05\/Imagen-1-300x168.png 300w\" sizes=\"auto, (max-width: 445px) 100vw, 445px\" \/><\/a><\/figure><\/div>\n\n\n\n<div class=\"wp-block-image\"><figure class=\"aligncenter size-large\"><a href=\"https:\/\/drive.google.com\/file\/d\/1BUZL6c72pV0_kYgUUTpwwFg2p3Vn3ctW\/view?usp=sharing\"><img loading=\"lazy\" decoding=\"async\" width=\"445\" height=\"250\" src=\"https:\/\/lopezdearenas.org\/inicio\/blog\/wp-content\/uploads\/2021\/05\/imagen-2.png\" alt=\"\" class=\"wp-image-9344\" srcset=\"https:\/\/lopezdearenas.org\/inicio\/blog\/wp-content\/uploads\/2021\/05\/imagen-2.png 445w, https:\/\/lopezdearenas.org\/inicio\/blog\/wp-content\/uploads\/2021\/05\/imagen-2-300x169.png 300w\" sizes=\"auto, (max-width: 445px) 100vw, 445px\" \/><\/a><\/figure><\/div>\n\n\n\n<p>Tambi\u00e9n puedes consultar este <a rel=\"noreferrer noopener\" href=\"https:\/\/www.youtube.com\/watch?v=s-EJHdLEVQc&amp;list=PLRJOJOgaKFI6dU30q0Xsa4jUvhFvGCAbs\" target=\"_blank\">enlace<\/a> a documentales sobre la expedici\u00f3n a las Islas de las especias y entrevistas ficticias a personajes de la \u00e9poca, realizados por alumnos<br>del Aula Espec\u00edfica y de Lat\u00edn y Griego de 4\u00baESO y 1 de bachillerato. Dentro del mismo enlace tambi\u00e9n encontrar\u00e1s otro video que recoge las intervenciones de los ganadores del concurso de recitado de poes\u00eda, organizado por el departamento de ingl\u00e9s.<\/p>\n\n\n\n<p><\/p>\n\n\n\n<p><\/p>\n","protected":false},"excerpt":{"rendered":"<p>Esta semana pasada tuvo lugar en el Centro la \u00abSemana de las Artes y las Humanidades\u00bb, con la primera Vuelta al Mundo como eje central. La semana estuvo jalonada de diferentes actividades y trabajos realizados en los diferentes niveles y &hellip; <a href=\"https:\/\/lopezdearenas.org\/inicio\/blog\/v-semana-de-las-artes-y-las-humanidades\/\">Sigue leyendo <span class=\"meta-nav\">&rarr;<\/span><\/a><\/p>\n","protected":false},"author":80,"featured_media":0,"comment_status":"open","ping_status":"open","sticky":false,"template":"","format":"standard","meta":{"_jetpack_memberships_contains_paid_content":false,"footnotes":"","jetpack_publicize_message":"","jetpack_publicize_feature_enabled":true,"jetpack_social_post_already_shared":true,"jetpack_social_options":{"image_generator_settings":{"template":"highway","default_image_id":0,"enabled":false},"version":2}},"categories":[5],"tags":[],"class_list":["post-9341","post","type-post","status-publish","format-standard","hentry","category-novedades"],"jetpack_publicize_connections":[],"jetpack_featured_media_url":"","jetpack_sharing_enabled":true,"_links":{"self":[{"href":"https:\/\/lopezdearenas.org\/inicio\/blog\/wp-json\/wp\/v2\/posts\/9341","targetHints":{"allow":["GET"]}}],"collection":[{"href":"https:\/\/lopezdearenas.org\/inicio\/blog\/wp-json\/wp\/v2\/posts"}],"about":[{"href":"https:\/\/lopezdearenas.org\/inicio\/blog\/wp-json\/wp\/v2\/types\/post"}],"author":[{"embeddable":true,"href":"https:\/\/lopezdearenas.org\/inicio\/blog\/wp-json\/wp\/v2\/users\/80"}],"replies":[{"embeddable":true,"href":"https:\/\/lopezdearenas.org\/inicio\/blog\/wp-json\/wp\/v2\/comments?post=9341"}],"version-history":[{"count":5,"href":"https:\/\/lopezdearenas.org\/inicio\/blog\/wp-json\/wp\/v2\/posts\/9341\/revisions"}],"predecessor-version":[{"id":9350,"href":"https:\/\/lopezdearenas.org\/inicio\/blog\/wp-json\/wp\/v2\/posts\/9341\/revisions\/9350"}],"wp:attachment":[{"href":"https:\/\/lopezdearenas.org\/inicio\/blog\/wp-json\/wp\/v2\/media?parent=9341"}],"wp:term":[{"taxonomy":"category","embeddable":true,"href":"https:\/\/lopezdearenas.org\/inicio\/blog\/wp-json\/wp\/v2\/categories?post=9341"},{"taxonomy":"post_tag","embeddable":true,"href":"https:\/\/lopezdearenas.org\/inicio\/blog\/wp-json\/wp\/v2\/tags?post=9341"}],"curies":[{"name":"wp","href":"https:\/\/api.w.org\/{rel}","templated":true}]}}