{"id":9261,"date":"2021-03-11T01:39:43","date_gmt":"2021-03-11T00:39:43","guid":{"rendered":"https:\/\/lopezdearenas.org\/inicio\/blog\/?p=9261"},"modified":"2021-03-11T01:40:32","modified_gmt":"2021-03-11T00:40:32","slug":"proyecto-erasmus-2020-1-es01-ka101-079513-movilidad-del-profesorado-usando-las-tics-en-el-aula","status":"publish","type":"post","link":"https:\/\/lopezdearenas.org\/inicio\/blog\/proyecto-erasmus-2020-1-es01-ka101-079513-movilidad-del-profesorado-usando-las-tics-en-el-aula\/","title":{"rendered":"Proyecto Erasmus + 2020-1-ES01-KA101-079513 (Movilidad del profesorado) \u00abUsando las TIC&#8217;s en el aula\u00bb"},"content":{"rendered":"\n<p>Perfil: Coordinaci\u00f3n TIC&nbsp; (1 movilidad)<br>Lugar de celebraci\u00f3n: Split (Croacia) Fechas por confirmar.<\/p>\n\n\n\n<p>Uno de los objetivos que se persiguen con la actividad formativa solicitada es la formaci\u00f3n del profesorado del Centro en la incorporaci\u00f3n de las TIC&#8217;s en el aula, que promueva en el profesorado unos cambios metodol\u00f3gicos que poco a poco vayan introduci\u00e9ndose en las programaciones, adaptando el curriculo a las necesidades y capacidades de aprendizaje de cada alumno.<br>Para impulsar estos cambios metodol\u00f3gicos es fundamental el conocimiento y manejo de las TIC&#8217;s en el aula, que se presenta hoy d\u00eda como algo esencial para la implantaci\u00f3n de cualquier metodolog\u00eda innovadora.<br>As\u00ed pues, el Centro piensa en formar al profesorado en TIC&#8217;s que propicie introducir cambios en el proceso de ense\u00f1anza-aprendizaje para que resulte m\u00e1s motivador y estimulante para el alumnado, posibilitando as\u00ed reducir el fracaso escolar y el abandono escolar temprano. Con la realizaci\u00f3n de este curso, la persona que asista al mismo se dotar\u00e1 de nuevas herramientas y t\u00e9cnicas que difundir\u00e1 al claustro y gracias a las cuales los docentes tienen la posibilidad de aumentar sus competencias profesionales y abordar con nuevas garant\u00edas de \u00e9xito la gesti\u00f3n de aula y el proceso de ense\u00f1anza-aprendizaje en su conjunto.<\/p>\n\n\n\n<p>Respecto al PROCESO DE SELECCI\u00d3N, \u00e9ste se regir\u00e1 por los criterios de transparencia, objetividad y publicidad. El plazo de presentaci\u00f3n de candidaturas estar\u00e1 abierto hasta el pr\u00f3ximo d\u00eda <strong>19 de marzo<\/strong> para que el profesorado que est\u00e9 dispuesto a participar en la movilidad presente su candidatura (hablar con Luis Hidalgo)<br>El baremo de m\u00e9ritos ser\u00e1 el siguiente:<br>a) Profesor con destino definitivo en el Centro: 1 punto<br>b) Grupos de trabajo relacionados con las TIC&#8217;s: 0&#8217;5 puntos por participaci\u00f3n y 1 punto por coordinaci\u00f3n en cada grupo de trabajo (M\u00e1ximo 3 puntos)<br>c) Proyectos de investigaci\u00f3n, innovaci\u00f3n o proyectos de elaboraci\u00f3n de materiales curriculares relacionados con las TIC&#8217;s: 0&#8217;5 puntos por cada participaci\u00f3n en un proyecto realizado y 1 punto por cada coordinaci\u00f3n (M\u00e1ximo 3 puntos)<br>d) Entrevista personal por parte de la comisi\u00f3n Erasmus+ (M\u00e1xima idoneidad 3 puntos)<br>No existe en el claustro personas con minusval\u00edas ni con necesidades especiales, as\u00ed que no se propone en el baremo nada al respecto.<\/p>\n","protected":false},"excerpt":{"rendered":"<p>Perfil: Coordinaci\u00f3n TIC&nbsp; (1 movilidad)Lugar de celebraci\u00f3n: Split (Croacia) Fechas por confirmar. Uno de los objetivos que se persiguen con la actividad formativa solicitada es la formaci\u00f3n del profesorado del Centro en la incorporaci\u00f3n de las TIC&#8217;s en el aula, &hellip; <a href=\"https:\/\/lopezdearenas.org\/inicio\/blog\/proyecto-erasmus-2020-1-es01-ka101-079513-movilidad-del-profesorado-usando-las-tics-en-el-aula\/\">Sigue leyendo <span class=\"meta-nav\">&rarr;<\/span><\/a><\/p>\n","protected":false},"author":80,"featured_media":0,"comment_status":"open","ping_status":"open","sticky":false,"template":"","format":"standard","meta":{"_jetpack_memberships_contains_paid_content":false,"footnotes":"","jetpack_publicize_message":"","jetpack_publicize_feature_enabled":true,"jetpack_social_post_already_shared":true,"jetpack_social_options":{"image_generator_settings":{"template":"highway","default_image_id":0,"enabled":false},"version":2}},"categories":[5],"tags":[],"class_list":["post-9261","post","type-post","status-publish","format-standard","hentry","category-novedades"],"jetpack_publicize_connections":[],"jetpack_featured_media_url":"","jetpack_sharing_enabled":true,"_links":{"self":[{"href":"https:\/\/lopezdearenas.org\/inicio\/blog\/wp-json\/wp\/v2\/posts\/9261","targetHints":{"allow":["GET"]}}],"collection":[{"href":"https:\/\/lopezdearenas.org\/inicio\/blog\/wp-json\/wp\/v2\/posts"}],"about":[{"href":"https:\/\/lopezdearenas.org\/inicio\/blog\/wp-json\/wp\/v2\/types\/post"}],"author":[{"embeddable":true,"href":"https:\/\/lopezdearenas.org\/inicio\/blog\/wp-json\/wp\/v2\/users\/80"}],"replies":[{"embeddable":true,"href":"https:\/\/lopezdearenas.org\/inicio\/blog\/wp-json\/wp\/v2\/comments?post=9261"}],"version-history":[{"count":2,"href":"https:\/\/lopezdearenas.org\/inicio\/blog\/wp-json\/wp\/v2\/posts\/9261\/revisions"}],"predecessor-version":[{"id":9263,"href":"https:\/\/lopezdearenas.org\/inicio\/blog\/wp-json\/wp\/v2\/posts\/9261\/revisions\/9263"}],"wp:attachment":[{"href":"https:\/\/lopezdearenas.org\/inicio\/blog\/wp-json\/wp\/v2\/media?parent=9261"}],"wp:term":[{"taxonomy":"category","embeddable":true,"href":"https:\/\/lopezdearenas.org\/inicio\/blog\/wp-json\/wp\/v2\/categories?post=9261"},{"taxonomy":"post_tag","embeddable":true,"href":"https:\/\/lopezdearenas.org\/inicio\/blog\/wp-json\/wp\/v2\/tags?post=9261"}],"curies":[{"name":"wp","href":"https:\/\/api.w.org\/{rel}","templated":true}]}}