{"id":9246,"date":"2021-03-10T00:24:03","date_gmt":"2021-03-09T23:24:03","guid":{"rendered":"https:\/\/lopezdearenas.org\/inicio\/blog\/?p=9246"},"modified":"2021-03-10T00:25:32","modified_gmt":"2021-03-09T23:25:32","slug":"bases-de-la-convocatoria-erasmus-movilidades-de-60-90-dias-a-italia-par-el-alumnado-recien-titulado-de-grado-medio-y-fpb-bridge-to-europe-2020-1-es01-ka102-078500","status":"publish","type":"post","link":"https:\/\/lopezdearenas.org\/inicio\/blog\/bases-de-la-convocatoria-erasmus-movilidades-de-60-90-dias-a-italia-par-el-alumnado-recien-titulado-de-grado-medio-y-fpb-bridge-to-europe-2020-1-es01-ka102-078500\/","title":{"rendered":"Bases de la Convocatoria Erasmus+ (Movilidades de 60-90 d\u00edas a Italia par el alumnado reci\u00e9n titulado de Grado Medio y FPB) \u201cBridge to Europe\u201d \u2013 2020-1-ES01-KA102-078500"},"content":{"rendered":"\n<p class=\"has-text-align-center\">A\u00d1O 2021<\/p>\n\n\n\n<p>El IES LOPEZ DE ARENAS forma parte, junto a otros ocho Institutos de Educaci\u00f3n Secundaria, del Consorcio Erasmus+, creado para la ejecuci\u00f3n del Programa de Movilidad <strong>\u201cBRIDGE TO EUROPE\u201d.<\/strong><br>El Consorcio convoca <strong>31 becas de movilidad<\/strong> cuya duraci\u00f3n podr\u00e1 ser de 60 \u00f3 90 d\u00edas, para reci\u00e9n titulados de los Ciclos Formativos de Grado Medio y F.P. B\u00e1sica impartidos por los centros que configuran el Consorcio. Los beneficiarios realizar\u00e1n pr\u00e1cticas en empresas de ITALIA.<\/p>\n\n\n\n<p><br><strong>DESTINATARIOS<\/strong><br>&#8211; Reci\u00e9n titulados que hayan obtenido la titulaci\u00f3n oficial de FP B\u00e1sica en los 18 meses anteriores a<br>la finalizaci\u00f3n del per\u00edodo de movilidades.<br>&#8211; Reci\u00e9n titulados que hayan obtenido la titulaci\u00f3n oficial de Ense\u00f1anzas de Grado Medio en los 18 meses anteriores a la finalizaci\u00f3n del per\u00edodo de movilidades.<br>&#8211; En el caso en que un participante tenga previsto cursar un Ciclo Formativo de Grado Superior, la fecha de regreso de la movilidad deber\u00e1 ser anterior a la del inicio del Curso.<br>Las movilidades ser\u00e1n asignadas a los candidatos en r\u00e9gimen de igualdad de oportunidades. Existen medidas espec\u00edficas de apoyo a personas con necesidades especiales (financiaci\u00f3n extra, acompa\u00f1antes, servicios de apoyo) por lo que recomendamos que aquellos candidatos que tengan dudas sobre su participaci\u00f3n contacten con el representante Erasmus+ del centro y exponga su caso concreto<\/p>\n\n\n\n<p><br><strong>PER\u00cdODOS DE LAS ESTANCIAS<\/strong><br>A continuaci\u00f3n, detallamos la duraci\u00f3n y per\u00edodos propuestos para las movilidades:<br><strong><span style=\"text-decoration: underline;\">Flujo1:<\/span><\/strong><br>Per\u00edodo de inicio: Primera quincena de julio 2021<br>Per\u00edodo de finalizaci\u00f3n Primera quincena de septiembre 2021<br>Duraci\u00f3n de la estancia: 60 d\u00edas<br><strong><span style=\"text-decoration: underline;\">Flujo 2:<\/span><\/strong><br>Per\u00edodo de inicio: Primera quincena de julio 2021<br>Per\u00edodo de finalizaci\u00f3n Primera quincena de octubre 2021<br>Duraci\u00f3n de la estancia: 90 d\u00edas<br><strong><span style=\"text-decoration: underline;\">Flujo 3:<\/span><\/strong><br>Per\u00edodo de inicio: Segunda quincena de septiembre 2021<br>Per\u00edodo de finalizaci\u00f3n Segunda quincena de diciembre 2021<br>Duraci\u00f3n de la estancia: 90 d\u00edas<br>El Comit\u00e9 de Direcci\u00f3n del Consorcio comunicar\u00e1 las fechas definitivas y duraci\u00f3n de las estancias en funci\u00f3n de la situaci\u00f3n sanitaria, pudiendo ser modificadas cuantas veces se estime oportuno.<br><strong>Fecha m\u00e1xima de entrega de solicitudes:<\/strong> 19\/03\/2021<br>Publicaci\u00f3n del listado Provisional de Admitidos y Reservas: 09\/04\/2021<br>Publicaci\u00f3n del listado Definitivo de Admitidos y Reservas: 14\/04\/2021<br><\/p>\n\n\n\n<p><strong>PLAZO Y LUGAR DE PRESENTACI\u00d3N DE SOLICITUDES<\/strong><br>Los solicitantes deber\u00e1n entregar en la secretar\u00eda del centro el \u201cFormulario de Inscripci\u00f3n\u201d, debidamente cumplimentado. Este documento puede ser recogido en Secretar\u00eda o bien descargarlo desde la p\u00e1gina Web del centro.<\/p>\n\n\n\n<p>Adem\u00e1s, deber\u00e1n entregar una \u201cCarta de Motivaci\u00f3n\u201d, documento en el que se explicar\u00e1n los motivos por lo que se solicita la beca Erasmus+, y por qu\u00e9 considera que es un buen candidato\/a.<br>La fecha m\u00e1xima de entrega de solicitudes es el 19 de marzo de 2021 pudi\u00e9ndose abrir una nueva convocatoria en el caso en que queden movilidades vacantes despu\u00e9s del primer per\u00edodo de inscripci\u00f3n.<br>Para m\u00e1s informaci\u00f3n puede dirigirse al coordinador Erasmus del centro, D. Luis Hidalgo y descargar los documentos adjuntos:<\/p>\n\n\n\n<div class=\"wp-block-file\"><a href=\"https:\/\/lopezdearenas.org\/inicio\/blog\/wp-content\/uploads\/2021\/03\/Bases-BRIDGE-60-Y-90-D-2021.pdf\">Bases BRIDGE 60 y 90 d\u00edas 2021<\/a><a href=\"https:\/\/lopezdearenas.org\/inicio\/blog\/wp-content\/uploads\/2021\/03\/Bases-BRIDGE-60-Y-90-D-2021.pdf\" class=\"wp-block-file__button\" download>Descarga<\/a><\/div>\n\n\n\n<div class=\"wp-block-file\"><a href=\"https:\/\/lopezdearenas.org\/inicio\/blog\/wp-content\/uploads\/2021\/03\/F-Inscripcion-BRIDGE-60-Y-90-D-2021.pdf\">Ficha de inscripci\u00f3n BRIDGE 60 y 90 d\u00edas 2021<\/a><a href=\"https:\/\/lopezdearenas.org\/inicio\/blog\/wp-content\/uploads\/2021\/03\/F-Inscripcion-BRIDGE-60-Y-90-D-2021.pdf\" class=\"wp-block-file__button\" download>Descarga<\/a><\/div>\n","protected":false},"excerpt":{"rendered":"<p>A\u00d1O 2021 El IES LOPEZ DE ARENAS forma parte, junto a otros ocho Institutos de Educaci\u00f3n Secundaria, del Consorcio Erasmus+, creado para la ejecuci\u00f3n del Programa de Movilidad \u201cBRIDGE TO EUROPE\u201d.El Consorcio convoca 31 becas de movilidad cuya duraci\u00f3n podr\u00e1 &hellip; <a href=\"https:\/\/lopezdearenas.org\/inicio\/blog\/bases-de-la-convocatoria-erasmus-movilidades-de-60-90-dias-a-italia-par-el-alumnado-recien-titulado-de-grado-medio-y-fpb-bridge-to-europe-2020-1-es01-ka102-078500\/\">Sigue leyendo <span class=\"meta-nav\">&rarr;<\/span><\/a><\/p>\n","protected":false},"author":80,"featured_media":0,"comment_status":"open","ping_status":"open","sticky":false,"template":"","format":"standard","meta":{"_jetpack_memberships_contains_paid_content":false,"footnotes":"","jetpack_publicize_message":"","jetpack_publicize_feature_enabled":true,"jetpack_social_post_already_shared":true,"jetpack_social_options":{"image_generator_settings":{"template":"highway","default_image_id":0,"enabled":false},"version":2}},"categories":[5],"tags":[],"class_list":["post-9246","post","type-post","status-publish","format-standard","hentry","category-novedades"],"jetpack_publicize_connections":[],"jetpack_featured_media_url":"","jetpack_sharing_enabled":true,"_links":{"self":[{"href":"https:\/\/lopezdearenas.org\/inicio\/blog\/wp-json\/wp\/v2\/posts\/9246","targetHints":{"allow":["GET"]}}],"collection":[{"href":"https:\/\/lopezdearenas.org\/inicio\/blog\/wp-json\/wp\/v2\/posts"}],"about":[{"href":"https:\/\/lopezdearenas.org\/inicio\/blog\/wp-json\/wp\/v2\/types\/post"}],"author":[{"embeddable":true,"href":"https:\/\/lopezdearenas.org\/inicio\/blog\/wp-json\/wp\/v2\/users\/80"}],"replies":[{"embeddable":true,"href":"https:\/\/lopezdearenas.org\/inicio\/blog\/wp-json\/wp\/v2\/comments?post=9246"}],"version-history":[{"count":4,"href":"https:\/\/lopezdearenas.org\/inicio\/blog\/wp-json\/wp\/v2\/posts\/9246\/revisions"}],"predecessor-version":[{"id":9252,"href":"https:\/\/lopezdearenas.org\/inicio\/blog\/wp-json\/wp\/v2\/posts\/9246\/revisions\/9252"}],"wp:attachment":[{"href":"https:\/\/lopezdearenas.org\/inicio\/blog\/wp-json\/wp\/v2\/media?parent=9246"}],"wp:term":[{"taxonomy":"category","embeddable":true,"href":"https:\/\/lopezdearenas.org\/inicio\/blog\/wp-json\/wp\/v2\/categories?post=9246"},{"taxonomy":"post_tag","embeddable":true,"href":"https:\/\/lopezdearenas.org\/inicio\/blog\/wp-json\/wp\/v2\/tags?post=9246"}],"curies":[{"name":"wp","href":"https:\/\/api.w.org\/{rel}","templated":true}]}}