{"id":8903,"date":"2020-12-20T17:32:54","date_gmt":"2020-12-20T16:32:54","guid":{"rendered":"https:\/\/lopezdearenas.org\/inicio\/blog\/?p=8903"},"modified":"2021-01-10T14:32:00","modified_gmt":"2021-01-10T13:32:00","slug":"villancicos","status":"publish","type":"post","link":"https:\/\/lopezdearenas.org\/inicio\/blog\/villancicos\/","title":{"rendered":"Villancicos"},"content":{"rendered":"\n<p>Llega la Navidad y los alumnos de 2\u00ba ESO A, acompa\u00f1ados de su profesor de m\u00fasica, Samuel, cantaron algunos villancicos populares en el vest\u00edbulo del centro. Eso s\u00ed, no hubo agrupaciones y se cantaron manteniendo la distancia de seguridad.<\/p>\n\n\n\n<div class=\"wp-block-image\"><figure class=\"aligncenter size-large is-resized\"><img loading=\"lazy\" decoding=\"async\" src=\"https:\/\/lopezdearenas.org\/inicio\/blog\/wp-content\/uploads\/2020\/12\/20201218_141525-1024x768.jpg\" alt=\"\" class=\"wp-image-8904\" width=\"572\" height=\"432\"\/><\/figure><\/div>\n\n\n\n<div class=\"wp-block-image\"><figure class=\"aligncenter size-large is-resized\"><img loading=\"lazy\" decoding=\"async\" src=\"https:\/\/lopezdearenas.org\/inicio\/blog\/wp-content\/uploads\/2020\/12\/20201218_141646-1024x768.jpg\" alt=\"\" class=\"wp-image-8905\" width=\"573\" height=\"430\" srcset=\"https:\/\/lopezdearenas.org\/inicio\/blog\/wp-content\/uploads\/2020\/12\/20201218_141646-1024x768.jpg 1024w, https:\/\/lopezdearenas.org\/inicio\/blog\/wp-content\/uploads\/2020\/12\/20201218_141646-300x225.jpg 300w, https:\/\/lopezdearenas.org\/inicio\/blog\/wp-content\/uploads\/2020\/12\/20201218_141646-768x576.jpg 768w, https:\/\/lopezdearenas.org\/inicio\/blog\/wp-content\/uploads\/2020\/12\/20201218_141646-1536x1152.jpg 1536w, https:\/\/lopezdearenas.org\/inicio\/blog\/wp-content\/uploads\/2020\/12\/20201218_141646-2048x1536.jpg 2048w, https:\/\/lopezdearenas.org\/inicio\/blog\/wp-content\/uploads\/2020\/12\/20201218_141646-400x300.jpg 400w\" sizes=\"auto, (max-width: 573px) 100vw, 573px\" \/><\/figure><\/div>\n","protected":false},"excerpt":{"rendered":"<p>Llega la Navidad y los alumnos de 2\u00ba ESO A, acompa\u00f1ados de su profesor de m\u00fasica, Samuel, cantaron algunos villancicos populares en el vest\u00edbulo del centro. Eso s\u00ed, no hubo agrupaciones y se cantaron manteniendo la distancia de seguridad.<\/p>\n","protected":false},"author":80,"featured_media":0,"comment_status":"open","ping_status":"open","sticky":false,"template":"","format":"standard","meta":{"_jetpack_memberships_contains_paid_content":false,"footnotes":"","jetpack_publicize_message":"","jetpack_publicize_feature_enabled":true,"jetpack_social_post_already_shared":true,"jetpack_social_options":{"image_generator_settings":{"template":"highway","default_image_id":0,"enabled":false},"version":2}},"categories":[5],"tags":[],"class_list":["post-8903","post","type-post","status-publish","format-standard","hentry","category-novedades"],"jetpack_publicize_connections":[],"jetpack_featured_media_url":"","jetpack_sharing_enabled":true,"_links":{"self":[{"href":"https:\/\/lopezdearenas.org\/inicio\/blog\/wp-json\/wp\/v2\/posts\/8903","targetHints":{"allow":["GET"]}}],"collection":[{"href":"https:\/\/lopezdearenas.org\/inicio\/blog\/wp-json\/wp\/v2\/posts"}],"about":[{"href":"https:\/\/lopezdearenas.org\/inicio\/blog\/wp-json\/wp\/v2\/types\/post"}],"author":[{"embeddable":true,"href":"https:\/\/lopezdearenas.org\/inicio\/blog\/wp-json\/wp\/v2\/users\/80"}],"replies":[{"embeddable":true,"href":"https:\/\/lopezdearenas.org\/inicio\/blog\/wp-json\/wp\/v2\/comments?post=8903"}],"version-history":[{"count":1,"href":"https:\/\/lopezdearenas.org\/inicio\/blog\/wp-json\/wp\/v2\/posts\/8903\/revisions"}],"predecessor-version":[{"id":8906,"href":"https:\/\/lopezdearenas.org\/inicio\/blog\/wp-json\/wp\/v2\/posts\/8903\/revisions\/8906"}],"wp:attachment":[{"href":"https:\/\/lopezdearenas.org\/inicio\/blog\/wp-json\/wp\/v2\/media?parent=8903"}],"wp:term":[{"taxonomy":"category","embeddable":true,"href":"https:\/\/lopezdearenas.org\/inicio\/blog\/wp-json\/wp\/v2\/categories?post=8903"},{"taxonomy":"post_tag","embeddable":true,"href":"https:\/\/lopezdearenas.org\/inicio\/blog\/wp-json\/wp\/v2\/tags?post=8903"}],"curies":[{"name":"wp","href":"https:\/\/api.w.org\/{rel}","templated":true}]}}