{"id":8839,"date":"2020-11-14T13:29:37","date_gmt":"2020-11-14T12:29:37","guid":{"rendered":"https:\/\/lopezdearenas.org\/inicio\/blog\/?p=8839"},"modified":"2020-11-19T23:47:43","modified_gmt":"2020-11-19T22:47:43","slug":"larga-trayectoria-investigadora-en-en-nuestro-centro","status":"publish","type":"post","link":"https:\/\/lopezdearenas.org\/inicio\/blog\/larga-trayectoria-investigadora-en-en-nuestro-centro\/","title":{"rendered":"Larga trayectoria investigadora en nuestro Centro"},"content":{"rendered":"\n<p>Son muchos los proyectos que se llevan a cabo en nuestro  centro: desde el biling\u00fcismo, proyectos Erasmus+, proyectos Profundiza, Plan Ling\u00fc\u00edstico de centro, proyectos empresariales de Ciclos,&#8230;  Una se\u00f1a de identidad del centro cuyos or\u00edgenes se remontan a algunos a\u00f1os atr\u00e1s.<\/p>\n\n\n\n<p>Hace 20 a\u00f1os y gracias al director del Instituto, Jos\u00e9 Manuel Sevillano, con la colaboraci\u00f3n del Ampa del centro presidida por Manuel Garc\u00eda, dio luz a esta publicaci\u00f3n que recopilaba Diez A\u00f1os de Finales en J\u00f3venes Investigadores Ministerio de Educaci\u00f3n. Fueron 14 trabajos donde participaron 44 alumnos\/as.<\/p>\n\n\n\n<p>Son pocos los institutos de Espa\u00f1a que tienen un extenso curriculum de fomento de investigaci\u00f3n en el aula.<\/p>\n\n\n\n<p>(Estamos haciendo las gestiones oportunas para ofreceros el enlace a la publicaci\u00f3n para que toda la comunidad educativa pueda consultar los or\u00edgenes de esta fruct\u00edfera trayectoria investigadora.)<\/p>\n\n\n\n<div class=\"wp-block-image\"><figure class=\"aligncenter size-large is-resized\"><img loading=\"lazy\" decoding=\"async\" src=\"https:\/\/lopezdearenas.org\/inicio\/blog\/wp-content\/uploads\/2020\/11\/IMG-20201114-WA0000-768x1024.jpg\" alt=\"\" class=\"wp-image-8840\" width=\"376\" height=\"506\"\/><\/figure><\/div>\n","protected":false},"excerpt":{"rendered":"<p>Son muchos los proyectos que se llevan a cabo en nuestro centro: desde el biling\u00fcismo, proyectos Erasmus+, proyectos Profundiza, Plan Ling\u00fc\u00edstico de centro, proyectos empresariales de Ciclos,&#8230; Una se\u00f1a de identidad del centro cuyos or\u00edgenes se remontan a algunos a\u00f1os &hellip; <a href=\"https:\/\/lopezdearenas.org\/inicio\/blog\/larga-trayectoria-investigadora-en-en-nuestro-centro\/\">Sigue leyendo <span class=\"meta-nav\">&rarr;<\/span><\/a><\/p>\n","protected":false},"author":80,"featured_media":0,"comment_status":"open","ping_status":"open","sticky":false,"template":"","format":"standard","meta":{"_jetpack_memberships_contains_paid_content":false,"footnotes":"","jetpack_publicize_message":"","jetpack_publicize_feature_enabled":true,"jetpack_social_post_already_shared":true,"jetpack_social_options":{"image_generator_settings":{"template":"highway","default_image_id":0,"enabled":false},"version":2}},"categories":[5],"tags":[],"class_list":["post-8839","post","type-post","status-publish","format-standard","hentry","category-novedades"],"jetpack_publicize_connections":[],"jetpack_featured_media_url":"","jetpack_sharing_enabled":true,"_links":{"self":[{"href":"https:\/\/lopezdearenas.org\/inicio\/blog\/wp-json\/wp\/v2\/posts\/8839","targetHints":{"allow":["GET"]}}],"collection":[{"href":"https:\/\/lopezdearenas.org\/inicio\/blog\/wp-json\/wp\/v2\/posts"}],"about":[{"href":"https:\/\/lopezdearenas.org\/inicio\/blog\/wp-json\/wp\/v2\/types\/post"}],"author":[{"embeddable":true,"href":"https:\/\/lopezdearenas.org\/inicio\/blog\/wp-json\/wp\/v2\/users\/80"}],"replies":[{"embeddable":true,"href":"https:\/\/lopezdearenas.org\/inicio\/blog\/wp-json\/wp\/v2\/comments?post=8839"}],"version-history":[{"count":4,"href":"https:\/\/lopezdearenas.org\/inicio\/blog\/wp-json\/wp\/v2\/posts\/8839\/revisions"}],"predecessor-version":[{"id":8844,"href":"https:\/\/lopezdearenas.org\/inicio\/blog\/wp-json\/wp\/v2\/posts\/8839\/revisions\/8844"}],"wp:attachment":[{"href":"https:\/\/lopezdearenas.org\/inicio\/blog\/wp-json\/wp\/v2\/media?parent=8839"}],"wp:term":[{"taxonomy":"category","embeddable":true,"href":"https:\/\/lopezdearenas.org\/inicio\/blog\/wp-json\/wp\/v2\/categories?post=8839"},{"taxonomy":"post_tag","embeddable":true,"href":"https:\/\/lopezdearenas.org\/inicio\/blog\/wp-json\/wp\/v2\/tags?post=8839"}],"curies":[{"name":"wp","href":"https:\/\/api.w.org\/{rel}","templated":true}]}}