{"id":7281,"date":"2019-04-05T08:10:11","date_gmt":"2019-04-05T07:10:11","guid":{"rendered":"https:\/\/lopezdearenas.org\/inicio\/blog\/?p=7281"},"modified":"2019-04-05T08:10:18","modified_gmt":"2019-04-05T07:10:18","slug":"tabla-periodica","status":"publish","type":"post","link":"https:\/\/lopezdearenas.org\/inicio\/blog\/tabla-periodica\/","title":{"rendered":"Tabla Peri\u00f3dica"},"content":{"rendered":"\n<p>Desde el Departamento de F\u00edsica y Qu\u00edmica tambi\u00e9n se ha participado en la IV Semana de las Artes y las Humanidades.<\/p>\n\n\n\n<p>Con motivo del A\u00f1o Internacional de la Tabla Peri\u00f3dica, el alumnado de 2\u00ba de ESO han elaborado una tabla peri\u00f3dica donde cada elemento tiene un estudio etimol\u00f3gico, datos sobre el cient\u00edfico que lo descubri\u00f3, as\u00ed como las diversas aplicaciones que se le pueden encontrar.<\/p>\n\n\n\n<figure class=\"wp-block-image\"><img loading=\"lazy\" decoding=\"async\" width=\"1200\" height=\"900\" src=\"https:\/\/lopezdearenas.org\/inicio\/blog\/wp-content\/uploads\/2019\/04\/foto0.jpg\" alt=\"\" class=\"wp-image-7282\" srcset=\"https:\/\/lopezdearenas.org\/inicio\/blog\/wp-content\/uploads\/2019\/04\/foto0.jpg 1200w, https:\/\/lopezdearenas.org\/inicio\/blog\/wp-content\/uploads\/2019\/04\/foto0-300x225.jpg 300w, https:\/\/lopezdearenas.org\/inicio\/blog\/wp-content\/uploads\/2019\/04\/foto0-768x576.jpg 768w, https:\/\/lopezdearenas.org\/inicio\/blog\/wp-content\/uploads\/2019\/04\/foto0-1024x768.jpg 1024w, https:\/\/lopezdearenas.org\/inicio\/blog\/wp-content\/uploads\/2019\/04\/foto0-400x300.jpg 400w\" sizes=\"auto, (max-width: 1200px) 100vw, 1200px\" \/><\/figure>\n\n\n\n<figure class=\"wp-block-image\"><img loading=\"lazy\" decoding=\"async\" width=\"900\" height=\"1200\" src=\"https:\/\/lopezdearenas.org\/inicio\/blog\/wp-content\/uploads\/2019\/04\/foto1-1.jpg\" alt=\"\" class=\"wp-image-7283\" srcset=\"https:\/\/lopezdearenas.org\/inicio\/blog\/wp-content\/uploads\/2019\/04\/foto1-1.jpg 900w, https:\/\/lopezdearenas.org\/inicio\/blog\/wp-content\/uploads\/2019\/04\/foto1-1-225x300.jpg 225w, https:\/\/lopezdearenas.org\/inicio\/blog\/wp-content\/uploads\/2019\/04\/foto1-1-768x1024.jpg 768w\" sizes=\"auto, (max-width: 900px) 100vw, 900px\" \/><\/figure>\n\n\n\n<figure class=\"wp-block-image\"><img loading=\"lazy\" decoding=\"async\" width=\"900\" height=\"1200\" src=\"https:\/\/lopezdearenas.org\/inicio\/blog\/wp-content\/uploads\/2019\/04\/foto2-1.jpg\" alt=\"\" class=\"wp-image-7284\" srcset=\"https:\/\/lopezdearenas.org\/inicio\/blog\/wp-content\/uploads\/2019\/04\/foto2-1.jpg 900w, https:\/\/lopezdearenas.org\/inicio\/blog\/wp-content\/uploads\/2019\/04\/foto2-1-225x300.jpg 225w, https:\/\/lopezdearenas.org\/inicio\/blog\/wp-content\/uploads\/2019\/04\/foto2-1-768x1024.jpg 768w\" sizes=\"auto, (max-width: 900px) 100vw, 900px\" \/><\/figure>\n\n\n\n<figure class=\"wp-block-image\"><img loading=\"lazy\" decoding=\"async\" width=\"1200\" height=\"900\" src=\"https:\/\/lopezdearenas.org\/inicio\/blog\/wp-content\/uploads\/2019\/04\/foto4-2.jpg\" alt=\"\" class=\"wp-image-7287\" srcset=\"https:\/\/lopezdearenas.org\/inicio\/blog\/wp-content\/uploads\/2019\/04\/foto4-2.jpg 1200w, https:\/\/lopezdearenas.org\/inicio\/blog\/wp-content\/uploads\/2019\/04\/foto4-2-300x225.jpg 300w, https:\/\/lopezdearenas.org\/inicio\/blog\/wp-content\/uploads\/2019\/04\/foto4-2-768x576.jpg 768w, https:\/\/lopezdearenas.org\/inicio\/blog\/wp-content\/uploads\/2019\/04\/foto4-2-1024x768.jpg 1024w, https:\/\/lopezdearenas.org\/inicio\/blog\/wp-content\/uploads\/2019\/04\/foto4-2-400x300.jpg 400w\" sizes=\"auto, (max-width: 1200px) 100vw, 1200px\" \/><\/figure>\n\n\n\n<figure class=\"wp-block-image\"><img loading=\"lazy\" decoding=\"async\" width=\"1200\" height=\"900\" src=\"https:\/\/lopezdearenas.org\/inicio\/blog\/wp-content\/uploads\/2019\/04\/foto5.jpg\" alt=\"\" class=\"wp-image-7288\" srcset=\"https:\/\/lopezdearenas.org\/inicio\/blog\/wp-content\/uploads\/2019\/04\/foto5.jpg 1200w, https:\/\/lopezdearenas.org\/inicio\/blog\/wp-content\/uploads\/2019\/04\/foto5-300x225.jpg 300w, https:\/\/lopezdearenas.org\/inicio\/blog\/wp-content\/uploads\/2019\/04\/foto5-768x576.jpg 768w, https:\/\/lopezdearenas.org\/inicio\/blog\/wp-content\/uploads\/2019\/04\/foto5-1024x768.jpg 1024w, https:\/\/lopezdearenas.org\/inicio\/blog\/wp-content\/uploads\/2019\/04\/foto5-400x300.jpg 400w\" sizes=\"auto, (max-width: 1200px) 100vw, 1200px\" \/><\/figure>\n","protected":false},"excerpt":{"rendered":"<p>Desde el Departamento de F\u00edsica y Qu\u00edmica tambi\u00e9n se ha participado en la IV Semana de las Artes y las Humanidades. Con motivo del A\u00f1o Internacional de la Tabla Peri\u00f3dica, el alumnado de 2\u00ba de ESO han elaborado una tabla &hellip; <a href=\"https:\/\/lopezdearenas.org\/inicio\/blog\/tabla-periodica\/\">Sigue leyendo <span class=\"meta-nav\">&rarr;<\/span><\/a><\/p>\n","protected":false},"author":1,"featured_media":0,"comment_status":"open","ping_status":"open","sticky":false,"template":"","format":"standard","meta":{"_jetpack_memberships_contains_paid_content":false,"footnotes":"","jetpack_publicize_message":"","jetpack_publicize_feature_enabled":true,"jetpack_social_post_already_shared":true,"jetpack_social_options":{"image_generator_settings":{"template":"highway","default_image_id":0,"enabled":false},"version":2}},"categories":[5],"tags":[8,83,80],"class_list":["post-7281","post","type-post","status-publish","format-standard","hentry","category-novedades","tag-alumnos","tag-eso","tag-semana-de-las-artes-y-las-humanidades"],"jetpack_publicize_connections":[],"jetpack_featured_media_url":"","jetpack_sharing_enabled":true,"_links":{"self":[{"href":"https:\/\/lopezdearenas.org\/inicio\/blog\/wp-json\/wp\/v2\/posts\/7281","targetHints":{"allow":["GET"]}}],"collection":[{"href":"https:\/\/lopezdearenas.org\/inicio\/blog\/wp-json\/wp\/v2\/posts"}],"about":[{"href":"https:\/\/lopezdearenas.org\/inicio\/blog\/wp-json\/wp\/v2\/types\/post"}],"author":[{"embeddable":true,"href":"https:\/\/lopezdearenas.org\/inicio\/blog\/wp-json\/wp\/v2\/users\/1"}],"replies":[{"embeddable":true,"href":"https:\/\/lopezdearenas.org\/inicio\/blog\/wp-json\/wp\/v2\/comments?post=7281"}],"version-history":[{"count":1,"href":"https:\/\/lopezdearenas.org\/inicio\/blog\/wp-json\/wp\/v2\/posts\/7281\/revisions"}],"predecessor-version":[{"id":7289,"href":"https:\/\/lopezdearenas.org\/inicio\/blog\/wp-json\/wp\/v2\/posts\/7281\/revisions\/7289"}],"wp:attachment":[{"href":"https:\/\/lopezdearenas.org\/inicio\/blog\/wp-json\/wp\/v2\/media?parent=7281"}],"wp:term":[{"taxonomy":"category","embeddable":true,"href":"https:\/\/lopezdearenas.org\/inicio\/blog\/wp-json\/wp\/v2\/categories?post=7281"},{"taxonomy":"post_tag","embeddable":true,"href":"https:\/\/lopezdearenas.org\/inicio\/blog\/wp-json\/wp\/v2\/tags?post=7281"}],"curies":[{"name":"wp","href":"https:\/\/api.w.org\/{rel}","templated":true}]}}