{"id":7269,"date":"2019-04-04T12:48:09","date_gmt":"2019-04-04T11:48:09","guid":{"rendered":"https:\/\/lopezdearenas.org\/inicio\/blog\/?p=7269"},"modified":"2019-04-04T12:48:16","modified_gmt":"2019-04-04T11:48:16","slug":"mesa-redonda-literatura-investigacion-y-creacion","status":"publish","type":"post","link":"https:\/\/lopezdearenas.org\/inicio\/blog\/mesa-redonda-literatura-investigacion-y-creacion\/","title":{"rendered":"Mesa Redonda: \u00abLiteratura, Investigaci\u00f3n y Creaci\u00f3n\u00bb"},"content":{"rendered":"\n<figure class=\"wp-block-image\"><img loading=\"lazy\" decoding=\"async\" width=\"567\" height=\"441\" src=\"https:\/\/lopezdearenas.org\/inicio\/blog\/wp-content\/uploads\/2019\/04\/thumbnail-1.jpg\" alt=\"\" class=\"wp-image-7277\" srcset=\"https:\/\/lopezdearenas.org\/inicio\/blog\/wp-content\/uploads\/2019\/04\/thumbnail-1.jpg 567w, https:\/\/lopezdearenas.org\/inicio\/blog\/wp-content\/uploads\/2019\/04\/thumbnail-1-300x233.jpg 300w, https:\/\/lopezdearenas.org\/inicio\/blog\/wp-content\/uploads\/2019\/04\/thumbnail-1-386x300.jpg 386w\" sizes=\"auto, (max-width: 567px) 100vw, 567px\" \/><\/figure>\n\n\n\n<p>Nos visitaron tres escritores de la zona para contarnos sus experiencias personales sobre su proceso de creaci\u00f3n literaria, cu\u00e1les son sus motivaciones, sus fuentes de inspiraci\u00f3n, el mensaje que intentan transmitir, c\u00f3mo y d\u00f3nde encuentran la documentaci\u00f3n necesaria para fundamentar sus escritos y plasmarla, c\u00f3mo se logra luego publicar y el papel que juegan las redes sociales en la difusi\u00f3n, recogida de documentaci\u00f3n y b\u00fasqueda de fuentes e incluso en la publicaci\u00f3n.<\/p>\n\n\n\n<figure class=\"wp-block-image\"><img loading=\"lazy\" decoding=\"async\" width=\"1062\" height=\"1416\" src=\"https:\/\/lopezdearenas.org\/inicio\/blog\/wp-content\/uploads\/2019\/04\/mesa.jpg\" alt=\"\" class=\"wp-image-7276\" srcset=\"https:\/\/lopezdearenas.org\/inicio\/blog\/wp-content\/uploads\/2019\/04\/mesa.jpg 1062w, https:\/\/lopezdearenas.org\/inicio\/blog\/wp-content\/uploads\/2019\/04\/mesa-225x300.jpg 225w, https:\/\/lopezdearenas.org\/inicio\/blog\/wp-content\/uploads\/2019\/04\/mesa-768x1024.jpg 768w\" sizes=\"auto, (max-width: 1062px) 100vw, 1062px\" \/><\/figure>\n\n\n\n<p>De la intervenci\u00f3n de Manuel Jes\u00fas Garc\u00eda Amador result\u00f3 llamativo que siendo de El Arahal animara a los alumnos a conocer el rico patrimonio cultural de Marchena, que \u00e9l ha estudiado y del que ha publicado su Un Paseo Por Marchena.\u00a0<\/p>\n\n\n\n<figure class=\"wp-block-image\"><img loading=\"lazy\" decoding=\"async\" width=\"1062\" height=\"1416\" src=\"https:\/\/lopezdearenas.org\/inicio\/blog\/wp-content\/uploads\/2019\/04\/Manuel-J.jpg\" alt=\"\" class=\"wp-image-7275\" srcset=\"https:\/\/lopezdearenas.org\/inicio\/blog\/wp-content\/uploads\/2019\/04\/Manuel-J.jpg 1062w, https:\/\/lopezdearenas.org\/inicio\/blog\/wp-content\/uploads\/2019\/04\/Manuel-J-225x300.jpg 225w, https:\/\/lopezdearenas.org\/inicio\/blog\/wp-content\/uploads\/2019\/04\/Manuel-J-768x1024.jpg 768w\" sizes=\"auto, (max-width: 1062px) 100vw, 1062px\" \/><\/figure>\n\n\n\n<p>Ana Jim\u00e9nez Lobo, profesora de ingl\u00e9s que estuvo en nuestro centro el pasado curso, subray\u00f3 el valor terap\u00e9utico que la escritura tiene para ella, la capacidad del lenguaje para sanar heridas emocionales y como esa experiencia personal y propia puede ser tambi\u00e9n v\u00e1lida para el lector.<\/p>\n\n\n\n<figure class=\"wp-block-image\"><img loading=\"lazy\" decoding=\"async\" width=\"1062\" height=\"1416\" src=\"https:\/\/lopezdearenas.org\/inicio\/blog\/wp-content\/uploads\/2019\/04\/Ana.jpg\" alt=\"\" class=\"wp-image-7274\" srcset=\"https:\/\/lopezdearenas.org\/inicio\/blog\/wp-content\/uploads\/2019\/04\/Ana.jpg 1062w, https:\/\/lopezdearenas.org\/inicio\/blog\/wp-content\/uploads\/2019\/04\/Ana-225x300.jpg 225w, https:\/\/lopezdearenas.org\/inicio\/blog\/wp-content\/uploads\/2019\/04\/Ana-768x1024.jpg 768w\" sizes=\"auto, (max-width: 1062px) 100vw, 1062px\" \/><\/figure>\n\n\n\n<p>Oliver Tovar Urbina destac\u00f3 en su intervenci\u00f3n lo importante que es el decidirse a escribir y a investigar, el no ponerse a uno mismo l\u00edmites y anteponer la satisfacci\u00f3n personal a todo, eso hace que lo dif\u00edcil que es ganarse la vida con la escritura, no sea un obst\u00e1culo.<\/p>\n\n\n\n<figure class=\"wp-block-image\"><img loading=\"lazy\" decoding=\"async\" width=\"1062\" height=\"1416\" src=\"https:\/\/lopezdearenas.org\/inicio\/blog\/wp-content\/uploads\/2019\/04\/Oliver-1.jpg\" alt=\"\" class=\"wp-image-7273\" srcset=\"https:\/\/lopezdearenas.org\/inicio\/blog\/wp-content\/uploads\/2019\/04\/Oliver-1.jpg 1062w, https:\/\/lopezdearenas.org\/inicio\/blog\/wp-content\/uploads\/2019\/04\/Oliver-1-225x300.jpg 225w, https:\/\/lopezdearenas.org\/inicio\/blog\/wp-content\/uploads\/2019\/04\/Oliver-1-768x1024.jpg 768w\" sizes=\"auto, (max-width: 1062px) 100vw, 1062px\" \/><\/figure>\n\n\n\n<p>Gracias a todos ellos por aportarnos su experiencia en esta nuestra IV Semana de las Artes y Humanidades.<\/p>\n\n\n\n<figure class=\"wp-block-image\"><img loading=\"lazy\" decoding=\"async\" width=\"1080\" height=\"810\" src=\"https:\/\/lopezdearenas.org\/inicio\/blog\/wp-content\/uploads\/2019\/04\/sala.jpg\" alt=\"\" class=\"wp-image-7278\" srcset=\"https:\/\/lopezdearenas.org\/inicio\/blog\/wp-content\/uploads\/2019\/04\/sala.jpg 1080w, https:\/\/lopezdearenas.org\/inicio\/blog\/wp-content\/uploads\/2019\/04\/sala-300x225.jpg 300w, https:\/\/lopezdearenas.org\/inicio\/blog\/wp-content\/uploads\/2019\/04\/sala-768x576.jpg 768w, https:\/\/lopezdearenas.org\/inicio\/blog\/wp-content\/uploads\/2019\/04\/sala-1024x768.jpg 1024w, https:\/\/lopezdearenas.org\/inicio\/blog\/wp-content\/uploads\/2019\/04\/sala-400x300.jpg 400w\" sizes=\"auto, (max-width: 1080px) 100vw, 1080px\" \/><\/figure>\n\n\n\n<p><\/p>\n\n\n\n<p><br><\/p>\n","protected":false},"excerpt":{"rendered":"<p>Nos visitaron tres escritores de la zona para contarnos sus experiencias personales sobre su proceso de creaci\u00f3n literaria, cu\u00e1les son sus motivaciones, sus fuentes de inspiraci\u00f3n, el mensaje que intentan transmitir, c\u00f3mo y d\u00f3nde encuentran la documentaci\u00f3n necesaria para fundamentar &hellip; <a href=\"https:\/\/lopezdearenas.org\/inicio\/blog\/mesa-redonda-literatura-investigacion-y-creacion\/\">Sigue leyendo <span class=\"meta-nav\">&rarr;<\/span><\/a><\/p>\n","protected":false},"author":78,"featured_media":0,"comment_status":"open","ping_status":"open","sticky":false,"template":"","format":"standard","meta":{"_jetpack_memberships_contains_paid_content":false,"footnotes":"","jetpack_publicize_message":"","jetpack_publicize_feature_enabled":true,"jetpack_social_post_already_shared":true,"jetpack_social_options":{"image_generator_settings":{"template":"highway","default_image_id":0,"enabled":false},"version":2}},"categories":[5],"tags":[],"class_list":["post-7269","post","type-post","status-publish","format-standard","hentry","category-novedades"],"jetpack_publicize_connections":[],"jetpack_featured_media_url":"","jetpack_sharing_enabled":true,"_links":{"self":[{"href":"https:\/\/lopezdearenas.org\/inicio\/blog\/wp-json\/wp\/v2\/posts\/7269","targetHints":{"allow":["GET"]}}],"collection":[{"href":"https:\/\/lopezdearenas.org\/inicio\/blog\/wp-json\/wp\/v2\/posts"}],"about":[{"href":"https:\/\/lopezdearenas.org\/inicio\/blog\/wp-json\/wp\/v2\/types\/post"}],"author":[{"embeddable":true,"href":"https:\/\/lopezdearenas.org\/inicio\/blog\/wp-json\/wp\/v2\/users\/78"}],"replies":[{"embeddable":true,"href":"https:\/\/lopezdearenas.org\/inicio\/blog\/wp-json\/wp\/v2\/comments?post=7269"}],"version-history":[{"count":2,"href":"https:\/\/lopezdearenas.org\/inicio\/blog\/wp-json\/wp\/v2\/posts\/7269\/revisions"}],"predecessor-version":[{"id":7279,"href":"https:\/\/lopezdearenas.org\/inicio\/blog\/wp-json\/wp\/v2\/posts\/7269\/revisions\/7279"}],"wp:attachment":[{"href":"https:\/\/lopezdearenas.org\/inicio\/blog\/wp-json\/wp\/v2\/media?parent=7269"}],"wp:term":[{"taxonomy":"category","embeddable":true,"href":"https:\/\/lopezdearenas.org\/inicio\/blog\/wp-json\/wp\/v2\/categories?post=7269"},{"taxonomy":"post_tag","embeddable":true,"href":"https:\/\/lopezdearenas.org\/inicio\/blog\/wp-json\/wp\/v2\/tags?post=7269"}],"curies":[{"name":"wp","href":"https:\/\/api.w.org\/{rel}","templated":true}]}}