{"id":7177,"date":"2019-02-23T06:02:30","date_gmt":"2019-02-23T05:02:30","guid":{"rendered":"https:\/\/lopezdearenas.org\/inicio\/blog\/?p=7177"},"modified":"2019-02-23T06:02:38","modified_gmt":"2019-02-23T05:02:38","slug":"gynkana-las-fuentes-de-agua-en-marchena","status":"publish","type":"post","link":"https:\/\/lopezdearenas.org\/inicio\/blog\/gynkana-las-fuentes-de-agua-en-marchena\/","title":{"rendered":"Gynkana: Las fuentes de agua en Marchena"},"content":{"rendered":"\n<p>Este viernes 22 de febrero se ha celebrado una Gynkana con el alumnado de 2\u00ba de ESO.<\/p>\n\n\n\n<p>Organizado por los departamentos de Educaci\u00f3n F\u00edsica y Sociales, y desarrollada por toda Marchena, esta actividad ha dado a conocer entre nuestro alumnado las fuentes de agua p\u00fablica que han existido en Marchena y que realizaron una important\u00edsima funci\u00f3n en nuestro pueblo.<\/p>\n\n\n\n<figure class=\"wp-block-image\"><img loading=\"lazy\" decoding=\"async\" width=\"1600\" height=\"1200\" src=\"https:\/\/lopezdearenas.org\/inicio\/blog\/wp-content\/uploads\/2019\/02\/gynkana13.jpeg\" alt=\"\" class=\"wp-image-7178\" srcset=\"https:\/\/lopezdearenas.org\/inicio\/blog\/wp-content\/uploads\/2019\/02\/gynkana13.jpeg 1600w, https:\/\/lopezdearenas.org\/inicio\/blog\/wp-content\/uploads\/2019\/02\/gynkana13-300x225.jpeg 300w, https:\/\/lopezdearenas.org\/inicio\/blog\/wp-content\/uploads\/2019\/02\/gynkana13-768x576.jpeg 768w, https:\/\/lopezdearenas.org\/inicio\/blog\/wp-content\/uploads\/2019\/02\/gynkana13-1024x768.jpeg 1024w, https:\/\/lopezdearenas.org\/inicio\/blog\/wp-content\/uploads\/2019\/02\/gynkana13-400x300.jpeg 400w\" sizes=\"auto, (max-width: 1600px) 100vw, 1600px\" \/><\/figure>\n\n\n\n<figure class=\"wp-block-image\"><img loading=\"lazy\" decoding=\"async\" width=\"1599\" height=\"899\" src=\"https:\/\/lopezdearenas.org\/inicio\/blog\/wp-content\/uploads\/2019\/02\/gynkana16.jpeg\" alt=\"\" class=\"wp-image-7179\" srcset=\"https:\/\/lopezdearenas.org\/inicio\/blog\/wp-content\/uploads\/2019\/02\/gynkana16.jpeg 1599w, https:\/\/lopezdearenas.org\/inicio\/blog\/wp-content\/uploads\/2019\/02\/gynkana16-300x169.jpeg 300w, https:\/\/lopezdearenas.org\/inicio\/blog\/wp-content\/uploads\/2019\/02\/gynkana16-768x432.jpeg 768w, https:\/\/lopezdearenas.org\/inicio\/blog\/wp-content\/uploads\/2019\/02\/gynkana16-1024x576.jpeg 1024w, https:\/\/lopezdearenas.org\/inicio\/blog\/wp-content\/uploads\/2019\/02\/gynkana16-500x281.jpeg 500w\" sizes=\"auto, (max-width: 1599px) 100vw, 1599px\" \/><\/figure>\n\n\n\n<figure class=\"wp-block-image\"><img loading=\"lazy\" decoding=\"async\" width=\"768\" height=\"1024\" src=\"https:\/\/lopezdearenas.org\/inicio\/blog\/wp-content\/uploads\/2019\/02\/gynkana17.jpeg\" alt=\"\" class=\"wp-image-7180\" srcset=\"https:\/\/lopezdearenas.org\/inicio\/blog\/wp-content\/uploads\/2019\/02\/gynkana17.jpeg 768w, https:\/\/lopezdearenas.org\/inicio\/blog\/wp-content\/uploads\/2019\/02\/gynkana17-225x300.jpeg 225w\" sizes=\"auto, (max-width: 768px) 100vw, 768px\" \/><\/figure>\n\n\n\n<figure class=\"wp-block-image\"><img loading=\"lazy\" decoding=\"async\" width=\"799\" height=\"1599\" src=\"https:\/\/lopezdearenas.org\/inicio\/blog\/wp-content\/uploads\/2019\/02\/gynkana9.jpeg\" alt=\"\" class=\"wp-image-7181\" srcset=\"https:\/\/lopezdearenas.org\/inicio\/blog\/wp-content\/uploads\/2019\/02\/gynkana9.jpeg 799w, https:\/\/lopezdearenas.org\/inicio\/blog\/wp-content\/uploads\/2019\/02\/gynkana9-150x300.jpeg 150w, https:\/\/lopezdearenas.org\/inicio\/blog\/wp-content\/uploads\/2019\/02\/gynkana9-768x1537.jpeg 768w, https:\/\/lopezdearenas.org\/inicio\/blog\/wp-content\/uploads\/2019\/02\/gynkana9-512x1024.jpeg 512w\" sizes=\"auto, (max-width: 799px) 100vw, 799px\" \/><\/figure>\n","protected":false},"excerpt":{"rendered":"<p>Este viernes 22 de febrero se ha celebrado una Gynkana con el alumnado de 2\u00ba de ESO. Organizado por los departamentos de Educaci\u00f3n F\u00edsica y Sociales, y desarrollada por toda Marchena, esta actividad ha dado a conocer entre nuestro alumnado &hellip; <a href=\"https:\/\/lopezdearenas.org\/inicio\/blog\/gynkana-las-fuentes-de-agua-en-marchena\/\">Sigue leyendo <span class=\"meta-nav\">&rarr;<\/span><\/a><\/p>\n","protected":false},"author":1,"featured_media":0,"comment_status":"open","ping_status":"open","sticky":false,"template":"","format":"standard","meta":{"_jetpack_memberships_contains_paid_content":false,"footnotes":"","jetpack_publicize_message":"","jetpack_publicize_feature_enabled":true,"jetpack_social_post_already_shared":true,"jetpack_social_options":{"image_generator_settings":{"template":"highway","default_image_id":0,"enabled":false},"version":2}},"categories":[5],"tags":[8,83,105],"class_list":["post-7177","post","type-post","status-publish","format-standard","hentry","category-novedades","tag-alumnos","tag-eso","tag-vivir-y-sentir-el-patrimonio"],"jetpack_publicize_connections":[],"jetpack_featured_media_url":"","jetpack_sharing_enabled":true,"_links":{"self":[{"href":"https:\/\/lopezdearenas.org\/inicio\/blog\/wp-json\/wp\/v2\/posts\/7177","targetHints":{"allow":["GET"]}}],"collection":[{"href":"https:\/\/lopezdearenas.org\/inicio\/blog\/wp-json\/wp\/v2\/posts"}],"about":[{"href":"https:\/\/lopezdearenas.org\/inicio\/blog\/wp-json\/wp\/v2\/types\/post"}],"author":[{"embeddable":true,"href":"https:\/\/lopezdearenas.org\/inicio\/blog\/wp-json\/wp\/v2\/users\/1"}],"replies":[{"embeddable":true,"href":"https:\/\/lopezdearenas.org\/inicio\/blog\/wp-json\/wp\/v2\/comments?post=7177"}],"version-history":[{"count":1,"href":"https:\/\/lopezdearenas.org\/inicio\/blog\/wp-json\/wp\/v2\/posts\/7177\/revisions"}],"predecessor-version":[{"id":7182,"href":"https:\/\/lopezdearenas.org\/inicio\/blog\/wp-json\/wp\/v2\/posts\/7177\/revisions\/7182"}],"wp:attachment":[{"href":"https:\/\/lopezdearenas.org\/inicio\/blog\/wp-json\/wp\/v2\/media?parent=7177"}],"wp:term":[{"taxonomy":"category","embeddable":true,"href":"https:\/\/lopezdearenas.org\/inicio\/blog\/wp-json\/wp\/v2\/categories?post=7177"},{"taxonomy":"post_tag","embeddable":true,"href":"https:\/\/lopezdearenas.org\/inicio\/blog\/wp-json\/wp\/v2\/tags?post=7177"}],"curies":[{"name":"wp","href":"https:\/\/api.w.org\/{rel}","templated":true}]}}