{"id":6566,"date":"2018-08-19T12:22:58","date_gmt":"2018-08-19T11:22:58","guid":{"rendered":"https:\/\/lopezdearenas.org\/inicio\/blog\/?p=6566"},"modified":"2018-08-19T12:37:44","modified_gmt":"2018-08-19T11:37:44","slug":"convocatoria-de-beca-f-p","status":"publish","type":"post","link":"https:\/\/lopezdearenas.org\/inicio\/blog\/convocatoria-de-beca-f-p\/","title":{"rendered":"Convocatoria de Becas F.P."},"content":{"rendered":"<p><a href=\"https:\/\/lopezdearenas.org\/inicio\/blog\/wp-content\/uploads\/2014\/03\/logo-web.jpg\"><img loading=\"lazy\" decoding=\"async\" class=\"aligncenter size-medium wp-image-1129\" src=\"https:\/\/lopezdearenas.org\/inicio\/blog\/wp-content\/uploads\/2014\/03\/logo-web-300x166.jpg\" alt=\"\" width=\"300\" height=\"166\" srcset=\"https:\/\/lopezdearenas.org\/inicio\/blog\/wp-content\/uploads\/2014\/03\/logo-web-300x166.jpg 300w, https:\/\/lopezdearenas.org\/inicio\/blog\/wp-content\/uploads\/2014\/03\/logo-web.jpg 500w\" sizes=\"auto, (max-width: 300px) 100vw, 300px\" \/><\/a><\/p>\n<p>Con fecha 16\u00a0de agosto de 2018\u00a0se publica en el BOE el extracto de la Resoluci\u00f3n de la Secretar\u00eda de Estado de Educaci\u00f3n, Formaci\u00f3n Profesional y Universidades, por la que se convocan becas de car\u00e1cter general para el curso acad\u00e9mico 2018-2019\u00a0para estudiantes que cursen estudios postobligatorios.<\/p>\n<p>Puedes encontrar m\u00e1s informaci\u00f3n en el siguiente enlace:<\/p>\n<p><a href=\"http:\/\/www.juntadeandalucia.es\/educacion\/portals\/web\/becas-y-ayudas\/convocatoria-general\/impresos\">http:\/\/www.juntadeandalucia.es\/educacion\/portals\/web\/becas-y-ayudas\/convocatoria-general\/impresos<\/a><a href=\"http:\/\/www.juntadeandalucia.es\/educacion\/portals\/web\/becas-y-ayudas\/convocatoria-general\/impresos\"><img loading=\"lazy\" decoding=\"async\" class=\"aligncenter wp-image-6567 size-large\" src=\"https:\/\/lopezdearenas.org\/inicio\/blog\/wp-content\/uploads\/2018\/08\/Captura-de-pantalla-2018-08-19-a-las-13.18.32-1024x163.png\" alt=\"\" width=\"584\" height=\"93\" srcset=\"https:\/\/lopezdearenas.org\/inicio\/blog\/wp-content\/uploads\/2018\/08\/Captura-de-pantalla-2018-08-19-a-las-13.18.32-1024x163.png 1024w, https:\/\/lopezdearenas.org\/inicio\/blog\/wp-content\/uploads\/2018\/08\/Captura-de-pantalla-2018-08-19-a-las-13.18.32-300x48.png 300w, https:\/\/lopezdearenas.org\/inicio\/blog\/wp-content\/uploads\/2018\/08\/Captura-de-pantalla-2018-08-19-a-las-13.18.32-768x122.png 768w, https:\/\/lopezdearenas.org\/inicio\/blog\/wp-content\/uploads\/2018\/08\/Captura-de-pantalla-2018-08-19-a-las-13.18.32-500x79.png 500w, https:\/\/lopezdearenas.org\/inicio\/blog\/wp-content\/uploads\/2018\/08\/Captura-de-pantalla-2018-08-19-a-las-13.18.32.png 1952w\" sizes=\"auto, (max-width: 584px) 100vw, 584px\" \/><\/a><\/p>\n","protected":false},"excerpt":{"rendered":"<p>Con fecha 16\u00a0de agosto de 2018\u00a0se publica en el BOE el extracto de la Resoluci\u00f3n de la Secretar\u00eda de Estado de Educaci\u00f3n, Formaci\u00f3n Profesional y Universidades, por la que se convocan becas de car\u00e1cter general para el curso acad\u00e9mico 2018-2019\u00a0para &hellip; <a href=\"https:\/\/lopezdearenas.org\/inicio\/blog\/convocatoria-de-beca-f-p\/\">Sigue leyendo <span class=\"meta-nav\">&rarr;<\/span><\/a><\/p>\n","protected":false},"author":1,"featured_media":0,"comment_status":"open","ping_status":"open","sticky":false,"template":"","format":"standard","meta":{"_jetpack_memberships_contains_paid_content":false,"footnotes":"","jetpack_publicize_message":"","jetpack_publicize_feature_enabled":true,"jetpack_social_post_already_shared":true,"jetpack_social_options":{"image_generator_settings":{"template":"highway","default_image_id":0,"enabled":false},"version":2}},"categories":[5],"tags":[8,110,45,56],"class_list":["post-6566","post","type-post","status-publish","format-standard","hentry","category-novedades","tag-alumnos","tag-becas","tag-ciclos-formativos","tag-formacion-profesional"],"jetpack_publicize_connections":[],"jetpack_featured_media_url":"","jetpack_sharing_enabled":true,"_links":{"self":[{"href":"https:\/\/lopezdearenas.org\/inicio\/blog\/wp-json\/wp\/v2\/posts\/6566","targetHints":{"allow":["GET"]}}],"collection":[{"href":"https:\/\/lopezdearenas.org\/inicio\/blog\/wp-json\/wp\/v2\/posts"}],"about":[{"href":"https:\/\/lopezdearenas.org\/inicio\/blog\/wp-json\/wp\/v2\/types\/post"}],"author":[{"embeddable":true,"href":"https:\/\/lopezdearenas.org\/inicio\/blog\/wp-json\/wp\/v2\/users\/1"}],"replies":[{"embeddable":true,"href":"https:\/\/lopezdearenas.org\/inicio\/blog\/wp-json\/wp\/v2\/comments?post=6566"}],"version-history":[{"count":3,"href":"https:\/\/lopezdearenas.org\/inicio\/blog\/wp-json\/wp\/v2\/posts\/6566\/revisions"}],"predecessor-version":[{"id":6576,"href":"https:\/\/lopezdearenas.org\/inicio\/blog\/wp-json\/wp\/v2\/posts\/6566\/revisions\/6576"}],"wp:attachment":[{"href":"https:\/\/lopezdearenas.org\/inicio\/blog\/wp-json\/wp\/v2\/media?parent=6566"}],"wp:term":[{"taxonomy":"category","embeddable":true,"href":"https:\/\/lopezdearenas.org\/inicio\/blog\/wp-json\/wp\/v2\/categories?post=6566"},{"taxonomy":"post_tag","embeddable":true,"href":"https:\/\/lopezdearenas.org\/inicio\/blog\/wp-json\/wp\/v2\/tags?post=6566"}],"curies":[{"name":"wp","href":"https:\/\/api.w.org\/{rel}","templated":true}]}}