{"id":6452,"date":"2018-06-07T07:45:15","date_gmt":"2018-06-07T06:45:15","guid":{"rendered":"https:\/\/lopezdearenas.org\/inicio\/blog\/?p=6452"},"modified":"2018-06-07T07:56:38","modified_gmt":"2018-06-07T06:56:38","slug":"feria-del-emprendimiento-5","status":"publish","type":"post","link":"https:\/\/lopezdearenas.org\/inicio\/blog\/feria-del-emprendimiento-5\/","title":{"rendered":"Feria del Emprendimiento"},"content":{"rendered":"<p><strong>El IES L\u00d3PEZ DE ARENAS DE MARCHENA HA ESTADO PRESENTE EN LA FERIA DEL EMPRENDIMIENTO<\/strong><\/p>\n<p>La Feria de Emprendimiento de Sevilla, celebrada el 6 de junio en el Marqu\u00e9s del Contadero, ha tenido una participaci\u00f3n de m\u00e1s de una treintena de centros educativos y de 37 proyectos emprendedores que se han desarrollado durante el curso dentro del programa INNICIA una iniciativa impulsada por la Junta de Andaluc\u00eda, que tiene como objetivo acercar el mundo de la empresa al aula e inculcar el desarrollo de habilidades emprendedoras en estudiantes de todas las edades, mediante formaci\u00f3n te\u00f3rica y pr\u00e1ctica en materia empresarial.<\/p>\n<p><a href=\"https:\/\/lopezdearenas.org\/inicio\/blog\/wp-content\/uploads\/2018\/06\/IMG_1254.jpg\"><img loading=\"lazy\" decoding=\"async\" class=\"aligncenter size-large wp-image-6453\" src=\"https:\/\/lopezdearenas.org\/inicio\/blog\/wp-content\/uploads\/2018\/06\/IMG_1254-1024x498.jpg\" alt=\"\" width=\"584\" height=\"284\" srcset=\"https:\/\/lopezdearenas.org\/inicio\/blog\/wp-content\/uploads\/2018\/06\/IMG_1254-1024x498.jpg 1024w, https:\/\/lopezdearenas.org\/inicio\/blog\/wp-content\/uploads\/2018\/06\/IMG_1254-300x146.jpg 300w, https:\/\/lopezdearenas.org\/inicio\/blog\/wp-content\/uploads\/2018\/06\/IMG_1254-768x373.jpg 768w, https:\/\/lopezdearenas.org\/inicio\/blog\/wp-content\/uploads\/2018\/06\/IMG_1254-500x243.jpg 500w, https:\/\/lopezdearenas.org\/inicio\/blog\/wp-content\/uploads\/2018\/06\/IMG_1254.jpg 1599w\" sizes=\"auto, (max-width: 584px) 100vw, 584px\" \/><\/a><\/p>\n<p>Las autoridades asistentes y p\u00fablico en general han podido recorrer en la capital andaluza la zona expositiva donde los estudiantes sevillanos han expuesto sus proyectos emprendedores, distribuidos seg\u00fan su tem\u00e1tica, en diferentes c\u00f3rners, como &#8216;Tecnolog\u00eda Creativa&#8217;, donde se encuentran los estudiantes de los proyectos emprendedores de &#8216;QR M\u00e9mora&#8217;, &#8216;EcpoFP&#8217;, &#8216;Divi\u00e9rtete aprendiendo&#8217;, &#8216;Recicleta&#8217; y &#8216;Mi huella en el tiempo&#8217;, que usan la tecnolog\u00eda y la rob\u00f3tica.<\/p>\n<p><a href=\"https:\/\/lopezdearenas.org\/inicio\/blog\/wp-content\/uploads\/2018\/06\/IMG_1252.jpg\"><img loading=\"lazy\" decoding=\"async\" class=\"aligncenter size-large wp-image-6454\" src=\"https:\/\/lopezdearenas.org\/inicio\/blog\/wp-content\/uploads\/2018\/06\/IMG_1252-1024x768.jpg\" alt=\"\" width=\"584\" height=\"438\" srcset=\"https:\/\/lopezdearenas.org\/inicio\/blog\/wp-content\/uploads\/2018\/06\/IMG_1252-1024x768.jpg 1024w, https:\/\/lopezdearenas.org\/inicio\/blog\/wp-content\/uploads\/2018\/06\/IMG_1252-300x225.jpg 300w, https:\/\/lopezdearenas.org\/inicio\/blog\/wp-content\/uploads\/2018\/06\/IMG_1252-768x576.jpg 768w, https:\/\/lopezdearenas.org\/inicio\/blog\/wp-content\/uploads\/2018\/06\/IMG_1252-400x300.jpg 400w, https:\/\/lopezdearenas.org\/inicio\/blog\/wp-content\/uploads\/2018\/06\/IMG_1252.jpg 1600w\" sizes=\"auto, (max-width: 584px) 100vw, 584px\" \/><\/a><\/p>\n<p>Tambi\u00e9n, se encuentra &#8216;Empresa&#8217;, para los centrados en bienes tangibles para su venta, como han sido &#8216;Tebaida&#8217;, &#8216;Emprende-Safa&#8217;, &#8216;Arenas Emprende&#8217; y &#8216;Sope\u00f1a&#8217;s look&#8217;; &#8216;Medio Ambiente&#8217;, donde han participado &#8216;Casa dom\u00f3tica&#8217; y &#8216;Lombricultura en el cuesta&#8217;, relacionados con la conservaci\u00f3n, el cuidado, la protecci\u00f3n, la puesta en valor y el mantenimiento de los recursos medioambientales; y &#8216;Cambio social&#8217;, donde han estado ubicados, entre otros, los proyectos de &#8216;Emprendedores para un futuro sostenible&#8217; y &#8216;Pamu y gu\u00eda tur\u00edstica La Mina&#8217;, que buscan dar soluciones a las necesidades de colectivos vulnerables.<\/p>\n<p>El IES L\u00f3pez de Arenas ha estado presente con un stand presentando las diferentes miniempresas creadas en el m\u00f3dulo de Simulaci\u00f3n empresarial y representado varios fragmentos de la obra de teatro itinerante la Marchena de Diego L\u00f3pez de Arenas, dentro del Programa Educativo INNICIA Arenas-Emprende: Diego L\u00f3pez de Arenas.<\/p>\n","protected":false},"excerpt":{"rendered":"<p>El IES L\u00d3PEZ DE ARENAS DE MARCHENA HA ESTADO PRESENTE EN LA FERIA DEL EMPRENDIMIENTO La Feria de Emprendimiento de Sevilla, celebrada el 6 de junio en el Marqu\u00e9s del Contadero, ha tenido una participaci\u00f3n de m\u00e1s de una treintena &hellip; <a href=\"https:\/\/lopezdearenas.org\/inicio\/blog\/feria-del-emprendimiento-5\/\">Sigue leyendo <span class=\"meta-nav\">&rarr;<\/span><\/a><\/p>\n","protected":false},"author":1,"featured_media":0,"comment_status":"open","ping_status":"open","sticky":false,"template":"","format":"standard","meta":{"_jetpack_memberships_contains_paid_content":false,"footnotes":"","jetpack_publicize_message":"","jetpack_publicize_feature_enabled":true,"jetpack_social_post_already_shared":true,"jetpack_social_options":{"image_generator_settings":{"template":"highway","default_image_id":0,"enabled":false},"version":2}},"categories":[5],"tags":[8,81,45,22],"class_list":["post-6452","post","type-post","status-publish","format-standard","hentry","category-novedades","tag-alumnos","tag-bachilleratos","tag-ciclos-formativos","tag-emprender"],"jetpack_publicize_connections":[],"jetpack_featured_media_url":"","jetpack_sharing_enabled":true,"_links":{"self":[{"href":"https:\/\/lopezdearenas.org\/inicio\/blog\/wp-json\/wp\/v2\/posts\/6452","targetHints":{"allow":["GET"]}}],"collection":[{"href":"https:\/\/lopezdearenas.org\/inicio\/blog\/wp-json\/wp\/v2\/posts"}],"about":[{"href":"https:\/\/lopezdearenas.org\/inicio\/blog\/wp-json\/wp\/v2\/types\/post"}],"author":[{"embeddable":true,"href":"https:\/\/lopezdearenas.org\/inicio\/blog\/wp-json\/wp\/v2\/users\/1"}],"replies":[{"embeddable":true,"href":"https:\/\/lopezdearenas.org\/inicio\/blog\/wp-json\/wp\/v2\/comments?post=6452"}],"version-history":[{"count":3,"href":"https:\/\/lopezdearenas.org\/inicio\/blog\/wp-json\/wp\/v2\/posts\/6452\/revisions"}],"predecessor-version":[{"id":6457,"href":"https:\/\/lopezdearenas.org\/inicio\/blog\/wp-json\/wp\/v2\/posts\/6452\/revisions\/6457"}],"wp:attachment":[{"href":"https:\/\/lopezdearenas.org\/inicio\/blog\/wp-json\/wp\/v2\/media?parent=6452"}],"wp:term":[{"taxonomy":"category","embeddable":true,"href":"https:\/\/lopezdearenas.org\/inicio\/blog\/wp-json\/wp\/v2\/categories?post=6452"},{"taxonomy":"post_tag","embeddable":true,"href":"https:\/\/lopezdearenas.org\/inicio\/blog\/wp-json\/wp\/v2\/tags?post=6452"}],"curies":[{"name":"wp","href":"https:\/\/api.w.org\/{rel}","templated":true}]}}