{"id":6256,"date":"2018-04-10T12:35:33","date_gmt":"2018-04-10T11:35:33","guid":{"rendered":"http:\/\/lopezdearenas.org\/inicio\/blog\/?p=6256"},"modified":"2018-04-10T12:36:45","modified_gmt":"2018-04-10T11:36:45","slug":"ii-semana-de-artes-y-las-humanidades","status":"publish","type":"post","link":"https:\/\/lopezdearenas.org\/inicio\/blog\/ii-semana-de-artes-y-las-humanidades\/","title":{"rendered":"II Semana de las Artes y las Humanidades"},"content":{"rendered":"<p>Hoy martes 10 de abril ha comenzado la II Semana de la Artes y las Humanidades.<\/p>\n<p>Se ha descubierto un Mural Cer\u00e1mico sobre Diego L\u00f3pez de Arenas elaborado por el alumnado de 4\u00ba ESO y los profesores de Educaci\u00f3n Pl\u00e1stica y Visual, Fidel Rodr\u00edguez y Ana M\u00e1rquez.<\/p>\n<p><a href=\"http:\/\/lopezdearenas.org\/inicio\/blog\/wp-content\/uploads\/2018\/04\/foto0.jpg\"><img loading=\"lazy\" decoding=\"async\" class=\"aligncenter size-large wp-image-6257\" src=\"http:\/\/lopezdearenas.org\/inicio\/blog\/wp-content\/uploads\/2018\/04\/foto0-1024x768.jpg\" alt=\"\" width=\"584\" height=\"438\" srcset=\"https:\/\/lopezdearenas.org\/inicio\/blog\/wp-content\/uploads\/2018\/04\/foto0-1024x768.jpg 1024w, https:\/\/lopezdearenas.org\/inicio\/blog\/wp-content\/uploads\/2018\/04\/foto0-300x225.jpg 300w, https:\/\/lopezdearenas.org\/inicio\/blog\/wp-content\/uploads\/2018\/04\/foto0-768x576.jpg 768w, https:\/\/lopezdearenas.org\/inicio\/blog\/wp-content\/uploads\/2018\/04\/foto0-400x300.jpg 400w, https:\/\/lopezdearenas.org\/inicio\/blog\/wp-content\/uploads\/2018\/04\/foto0.jpg 1200w\" sizes=\"auto, (max-width: 584px) 100vw, 584px\" \/><\/a> <a href=\"http:\/\/lopezdearenas.org\/inicio\/blog\/wp-content\/uploads\/2018\/04\/foto1-1.jpg\"><img loading=\"lazy\" decoding=\"async\" class=\"aligncenter size-large wp-image-6258\" src=\"http:\/\/lopezdearenas.org\/inicio\/blog\/wp-content\/uploads\/2018\/04\/foto1-1-1024x768.jpg\" alt=\"\" width=\"584\" height=\"438\" srcset=\"https:\/\/lopezdearenas.org\/inicio\/blog\/wp-content\/uploads\/2018\/04\/foto1-1-1024x768.jpg 1024w, https:\/\/lopezdearenas.org\/inicio\/blog\/wp-content\/uploads\/2018\/04\/foto1-1-300x225.jpg 300w, https:\/\/lopezdearenas.org\/inicio\/blog\/wp-content\/uploads\/2018\/04\/foto1-1-768x576.jpg 768w, https:\/\/lopezdearenas.org\/inicio\/blog\/wp-content\/uploads\/2018\/04\/foto1-1-400x300.jpg 400w, https:\/\/lopezdearenas.org\/inicio\/blog\/wp-content\/uploads\/2018\/04\/foto1-1.jpg 1200w\" sizes=\"auto, (max-width: 584px) 100vw, 584px\" \/><\/a> <a href=\"http:\/\/lopezdearenas.org\/inicio\/blog\/wp-content\/uploads\/2018\/04\/foto2-1.jpg\"><img loading=\"lazy\" decoding=\"async\" class=\"aligncenter size-large wp-image-6259\" src=\"http:\/\/lopezdearenas.org\/inicio\/blog\/wp-content\/uploads\/2018\/04\/foto2-1-1024x768.jpg\" alt=\"\" width=\"584\" height=\"438\" srcset=\"https:\/\/lopezdearenas.org\/inicio\/blog\/wp-content\/uploads\/2018\/04\/foto2-1-1024x768.jpg 1024w, https:\/\/lopezdearenas.org\/inicio\/blog\/wp-content\/uploads\/2018\/04\/foto2-1-300x225.jpg 300w, https:\/\/lopezdearenas.org\/inicio\/blog\/wp-content\/uploads\/2018\/04\/foto2-1-768x576.jpg 768w, https:\/\/lopezdearenas.org\/inicio\/blog\/wp-content\/uploads\/2018\/04\/foto2-1-400x300.jpg 400w, https:\/\/lopezdearenas.org\/inicio\/blog\/wp-content\/uploads\/2018\/04\/foto2-1.jpg 1200w\" sizes=\"auto, (max-width: 584px) 100vw, 584px\" \/><\/a> <a href=\"http:\/\/lopezdearenas.org\/inicio\/blog\/wp-content\/uploads\/2018\/04\/foto4.jpg\"><img loading=\"lazy\" decoding=\"async\" class=\"aligncenter size-large wp-image-6260\" src=\"http:\/\/lopezdearenas.org\/inicio\/blog\/wp-content\/uploads\/2018\/04\/foto4-768x1024.jpg\" alt=\"\" width=\"584\" height=\"779\" srcset=\"https:\/\/lopezdearenas.org\/inicio\/blog\/wp-content\/uploads\/2018\/04\/foto4-768x1024.jpg 768w, https:\/\/lopezdearenas.org\/inicio\/blog\/wp-content\/uploads\/2018\/04\/foto4-225x300.jpg 225w, https:\/\/lopezdearenas.org\/inicio\/blog\/wp-content\/uploads\/2018\/04\/foto4.jpg 900w\" sizes=\"auto, (max-width: 584px) 100vw, 584px\" \/><\/a> <a href=\"http:\/\/lopezdearenas.org\/inicio\/blog\/wp-content\/uploads\/2018\/04\/foto6.jpg\"><img loading=\"lazy\" decoding=\"async\" class=\"aligncenter size-large wp-image-6261\" src=\"http:\/\/lopezdearenas.org\/inicio\/blog\/wp-content\/uploads\/2018\/04\/foto6-768x1024.jpg\" alt=\"\" width=\"584\" height=\"779\" srcset=\"https:\/\/lopezdearenas.org\/inicio\/blog\/wp-content\/uploads\/2018\/04\/foto6-768x1024.jpg 768w, https:\/\/lopezdearenas.org\/inicio\/blog\/wp-content\/uploads\/2018\/04\/foto6-225x300.jpg 225w, https:\/\/lopezdearenas.org\/inicio\/blog\/wp-content\/uploads\/2018\/04\/foto6.jpg 900w\" sizes=\"auto, (max-width: 584px) 100vw, 584px\" \/><\/a> <a href=\"http:\/\/lopezdearenas.org\/inicio\/blog\/wp-content\/uploads\/2018\/04\/foto7.jpg\"><img loading=\"lazy\" decoding=\"async\" class=\"aligncenter size-large wp-image-6262\" src=\"http:\/\/lopezdearenas.org\/inicio\/blog\/wp-content\/uploads\/2018\/04\/foto7-1024x768.jpg\" alt=\"\" width=\"584\" height=\"438\" srcset=\"https:\/\/lopezdearenas.org\/inicio\/blog\/wp-content\/uploads\/2018\/04\/foto7-1024x768.jpg 1024w, https:\/\/lopezdearenas.org\/inicio\/blog\/wp-content\/uploads\/2018\/04\/foto7-300x225.jpg 300w, https:\/\/lopezdearenas.org\/inicio\/blog\/wp-content\/uploads\/2018\/04\/foto7-768x576.jpg 768w, https:\/\/lopezdearenas.org\/inicio\/blog\/wp-content\/uploads\/2018\/04\/foto7-400x300.jpg 400w, https:\/\/lopezdearenas.org\/inicio\/blog\/wp-content\/uploads\/2018\/04\/foto7.jpg 1200w\" sizes=\"auto, (max-width: 584px) 100vw, 584px\" \/><\/a> <a href=\"http:\/\/lopezdearenas.org\/inicio\/blog\/wp-content\/uploads\/2018\/04\/foto8.jpg\"><img loading=\"lazy\" decoding=\"async\" class=\"aligncenter size-large wp-image-6263\" src=\"http:\/\/lopezdearenas.org\/inicio\/blog\/wp-content\/uploads\/2018\/04\/foto8-1024x768.jpg\" alt=\"\" width=\"584\" height=\"438\" srcset=\"https:\/\/lopezdearenas.org\/inicio\/blog\/wp-content\/uploads\/2018\/04\/foto8-1024x768.jpg 1024w, https:\/\/lopezdearenas.org\/inicio\/blog\/wp-content\/uploads\/2018\/04\/foto8-300x225.jpg 300w, https:\/\/lopezdearenas.org\/inicio\/blog\/wp-content\/uploads\/2018\/04\/foto8-768x576.jpg 768w, https:\/\/lopezdearenas.org\/inicio\/blog\/wp-content\/uploads\/2018\/04\/foto8-400x300.jpg 400w, https:\/\/lopezdearenas.org\/inicio\/blog\/wp-content\/uploads\/2018\/04\/foto8.jpg 1200w\" sizes=\"auto, (max-width: 584px) 100vw, 584px\" \/><\/a> <a href=\"http:\/\/lopezdearenas.org\/inicio\/blog\/wp-content\/uploads\/2018\/04\/foto9.jpg\"><img loading=\"lazy\" decoding=\"async\" class=\"aligncenter size-large wp-image-6264\" src=\"http:\/\/lopezdearenas.org\/inicio\/blog\/wp-content\/uploads\/2018\/04\/foto9-1024x768.jpg\" alt=\"\" width=\"584\" height=\"438\" srcset=\"https:\/\/lopezdearenas.org\/inicio\/blog\/wp-content\/uploads\/2018\/04\/foto9-1024x768.jpg 1024w, https:\/\/lopezdearenas.org\/inicio\/blog\/wp-content\/uploads\/2018\/04\/foto9-300x225.jpg 300w, https:\/\/lopezdearenas.org\/inicio\/blog\/wp-content\/uploads\/2018\/04\/foto9-768x576.jpg 768w, https:\/\/lopezdearenas.org\/inicio\/blog\/wp-content\/uploads\/2018\/04\/foto9-400x300.jpg 400w, https:\/\/lopezdearenas.org\/inicio\/blog\/wp-content\/uploads\/2018\/04\/foto9.jpg 1200w\" sizes=\"auto, (max-width: 584px) 100vw, 584px\" \/><\/a> <a href=\"http:\/\/lopezdearenas.org\/inicio\/blog\/wp-content\/uploads\/2018\/04\/foto10.jpg\"><img loading=\"lazy\" decoding=\"async\" class=\"aligncenter size-large wp-image-6265\" src=\"http:\/\/lopezdearenas.org\/inicio\/blog\/wp-content\/uploads\/2018\/04\/foto10-1024x768.jpg\" alt=\"\" width=\"584\" height=\"438\" srcset=\"https:\/\/lopezdearenas.org\/inicio\/blog\/wp-content\/uploads\/2018\/04\/foto10-1024x768.jpg 1024w, https:\/\/lopezdearenas.org\/inicio\/blog\/wp-content\/uploads\/2018\/04\/foto10-300x225.jpg 300w, https:\/\/lopezdearenas.org\/inicio\/blog\/wp-content\/uploads\/2018\/04\/foto10-768x576.jpg 768w, https:\/\/lopezdearenas.org\/inicio\/blog\/wp-content\/uploads\/2018\/04\/foto10-400x300.jpg 400w, https:\/\/lopezdearenas.org\/inicio\/blog\/wp-content\/uploads\/2018\/04\/foto10.jpg 1200w\" sizes=\"auto, (max-width: 584px) 100vw, 584px\" \/><\/a> <a href=\"http:\/\/lopezdearenas.org\/inicio\/blog\/wp-content\/uploads\/2018\/04\/foto11.jpg\"><img loading=\"lazy\" decoding=\"async\" class=\"aligncenter size-large wp-image-6266\" src=\"http:\/\/lopezdearenas.org\/inicio\/blog\/wp-content\/uploads\/2018\/04\/foto11-1024x768.jpg\" alt=\"\" width=\"584\" height=\"438\" srcset=\"https:\/\/lopezdearenas.org\/inicio\/blog\/wp-content\/uploads\/2018\/04\/foto11-1024x768.jpg 1024w, https:\/\/lopezdearenas.org\/inicio\/blog\/wp-content\/uploads\/2018\/04\/foto11-300x225.jpg 300w, https:\/\/lopezdearenas.org\/inicio\/blog\/wp-content\/uploads\/2018\/04\/foto11-768x576.jpg 768w, https:\/\/lopezdearenas.org\/inicio\/blog\/wp-content\/uploads\/2018\/04\/foto11-400x300.jpg 400w, https:\/\/lopezdearenas.org\/inicio\/blog\/wp-content\/uploads\/2018\/04\/foto11.jpg 1200w\" sizes=\"auto, (max-width: 584px) 100vw, 584px\" \/><\/a><\/p>\n","protected":false},"excerpt":{"rendered":"<p>Hoy martes 10 de abril ha comenzado la II Semana de la Artes y las Humanidades. Se ha descubierto un Mural Cer\u00e1mico sobre Diego L\u00f3pez de Arenas elaborado por el alumnado de 4\u00ba ESO y los profesores de Educaci\u00f3n Pl\u00e1stica &hellip; <a href=\"https:\/\/lopezdearenas.org\/inicio\/blog\/ii-semana-de-artes-y-las-humanidades\/\">Sigue leyendo <span class=\"meta-nav\">&rarr;<\/span><\/a><\/p>\n","protected":false},"author":1,"featured_media":0,"comment_status":"open","ping_status":"open","sticky":false,"template":"","format":"standard","meta":{"_jetpack_memberships_contains_paid_content":false,"footnotes":"","jetpack_publicize_message":"","jetpack_publicize_feature_enabled":true,"jetpack_social_post_already_shared":true,"jetpack_social_options":{"image_generator_settings":{"template":"highway","default_image_id":0,"enabled":false},"version":2}},"categories":[5],"tags":[8,81,83,28,80],"class_list":["post-6256","post","type-post","status-publish","format-standard","hentry","category-novedades","tag-alumnos","tag-bachilleratos","tag-eso","tag-instituto","tag-semana-de-las-artes-y-las-humanidades"],"jetpack_publicize_connections":[],"jetpack_featured_media_url":"","jetpack_sharing_enabled":true,"_links":{"self":[{"href":"https:\/\/lopezdearenas.org\/inicio\/blog\/wp-json\/wp\/v2\/posts\/6256","targetHints":{"allow":["GET"]}}],"collection":[{"href":"https:\/\/lopezdearenas.org\/inicio\/blog\/wp-json\/wp\/v2\/posts"}],"about":[{"href":"https:\/\/lopezdearenas.org\/inicio\/blog\/wp-json\/wp\/v2\/types\/post"}],"author":[{"embeddable":true,"href":"https:\/\/lopezdearenas.org\/inicio\/blog\/wp-json\/wp\/v2\/users\/1"}],"replies":[{"embeddable":true,"href":"https:\/\/lopezdearenas.org\/inicio\/blog\/wp-json\/wp\/v2\/comments?post=6256"}],"version-history":[{"count":2,"href":"https:\/\/lopezdearenas.org\/inicio\/blog\/wp-json\/wp\/v2\/posts\/6256\/revisions"}],"predecessor-version":[{"id":6268,"href":"https:\/\/lopezdearenas.org\/inicio\/blog\/wp-json\/wp\/v2\/posts\/6256\/revisions\/6268"}],"wp:attachment":[{"href":"https:\/\/lopezdearenas.org\/inicio\/blog\/wp-json\/wp\/v2\/media?parent=6256"}],"wp:term":[{"taxonomy":"category","embeddable":true,"href":"https:\/\/lopezdearenas.org\/inicio\/blog\/wp-json\/wp\/v2\/categories?post=6256"},{"taxonomy":"post_tag","embeddable":true,"href":"https:\/\/lopezdearenas.org\/inicio\/blog\/wp-json\/wp\/v2\/tags?post=6256"}],"curies":[{"name":"wp","href":"https:\/\/api.w.org\/{rel}","templated":true}]}}