{"id":5097,"date":"2017-02-15T12:13:41","date_gmt":"2017-02-15T11:13:41","guid":{"rendered":"http:\/\/lopezdearenas.org\/inicio\/blog\/?p=5097"},"modified":"2017-02-15T12:13:41","modified_gmt":"2017-02-15T11:13:41","slug":"proyectos-participantes-en-jovemprende-ix-ed","status":"publish","type":"post","link":"https:\/\/lopezdearenas.org\/inicio\/blog\/proyectos-participantes-en-jovemprende-ix-ed\/","title":{"rendered":"Proyectos participantes en JovEmprende IX Ed."},"content":{"rendered":"<p>Se han inscrito 49 Proyectos de Empresas a la IX edici\u00f3n del Concurso JOVEMPRENDE, de los Institutos Velez de Guevara y Escuelas Profesionales (SAFA) de \u00c9cija , IES\u00a0 Arrabal de Carmona y IES L\u00f3pez de Arenas de Marchena.<\/p>\n<p>Se ha producido un aumento de proyectos de Empresas del 8,89%<\/p>\n<p>Los proyectos de Empresas se presentar\u00e1n hasta el 31 de Marzo.<\/p>\n<p>Se entregar\u00e1n cuatro premios en la categor\u00eda de Grado Superior y dos premios en la categor\u00eda de Grado Medio, consistente en una tablet para cada alumno\/a premiado.<\/p>\n<p><a href=\"http:\/\/lopezdearenas.org\/inicio\/blog\/wp-content\/uploads\/2017\/02\/gradosuperior-JE-IX.png\"><img loading=\"lazy\" decoding=\"async\" class=\"aligncenter size-large wp-image-5098\" src=\"http:\/\/lopezdearenas.org\/inicio\/blog\/wp-content\/uploads\/2017\/02\/gradosuperior-JE-IX-1024x703.png\" alt=\"\" width=\"584\" height=\"401\" srcset=\"https:\/\/lopezdearenas.org\/inicio\/blog\/wp-content\/uploads\/2017\/02\/gradosuperior-JE-IX-1024x703.png 1024w, https:\/\/lopezdearenas.org\/inicio\/blog\/wp-content\/uploads\/2017\/02\/gradosuperior-JE-IX-300x206.png 300w, https:\/\/lopezdearenas.org\/inicio\/blog\/wp-content\/uploads\/2017\/02\/gradosuperior-JE-IX-768x528.png 768w, https:\/\/lopezdearenas.org\/inicio\/blog\/wp-content\/uploads\/2017\/02\/gradosuperior-JE-IX-437x300.png 437w, https:\/\/lopezdearenas.org\/inicio\/blog\/wp-content\/uploads\/2017\/02\/gradosuperior-JE-IX.png 1546w\" sizes=\"auto, (max-width: 584px) 100vw, 584px\" \/><\/a> <a href=\"http:\/\/lopezdearenas.org\/inicio\/blog\/wp-content\/uploads\/2017\/02\/gradomedio-JE-IX.png\"><img loading=\"lazy\" decoding=\"async\" class=\"aligncenter size-large wp-image-5099\" src=\"http:\/\/lopezdearenas.org\/inicio\/blog\/wp-content\/uploads\/2017\/02\/gradomedio-JE-IX-1024x349.png\" alt=\"\" width=\"584\" height=\"199\" srcset=\"https:\/\/lopezdearenas.org\/inicio\/blog\/wp-content\/uploads\/2017\/02\/gradomedio-JE-IX-1024x349.png 1024w, https:\/\/lopezdearenas.org\/inicio\/blog\/wp-content\/uploads\/2017\/02\/gradomedio-JE-IX-300x102.png 300w, https:\/\/lopezdearenas.org\/inicio\/blog\/wp-content\/uploads\/2017\/02\/gradomedio-JE-IX-768x262.png 768w, https:\/\/lopezdearenas.org\/inicio\/blog\/wp-content\/uploads\/2017\/02\/gradomedio-JE-IX-500x170.png 500w, https:\/\/lopezdearenas.org\/inicio\/blog\/wp-content\/uploads\/2017\/02\/gradomedio-JE-IX.png 1556w\" sizes=\"auto, (max-width: 584px) 100vw, 584px\" \/><\/a><\/p>\n","protected":false},"excerpt":{"rendered":"<p>Se han inscrito 49 Proyectos de Empresas a la IX edici\u00f3n del Concurso JOVEMPRENDE, de los Institutos Velez de Guevara y Escuelas Profesionales (SAFA) de \u00c9cija , IES\u00a0 Arrabal de Carmona y IES L\u00f3pez de Arenas de Marchena. Se ha &hellip; <a href=\"https:\/\/lopezdearenas.org\/inicio\/blog\/proyectos-participantes-en-jovemprende-ix-ed\/\">Sigue leyendo <span class=\"meta-nav\">&rarr;<\/span><\/a><\/p>\n","protected":false},"author":1,"featured_media":0,"comment_status":"open","ping_status":"open","sticky":false,"template":"","format":"standard","meta":{"_jetpack_memberships_contains_paid_content":false,"footnotes":"","jetpack_publicize_message":"","jetpack_publicize_feature_enabled":true,"jetpack_social_post_already_shared":false,"jetpack_social_options":{"image_generator_settings":{"template":"highway","default_image_id":0,"enabled":false},"version":2}},"categories":[5],"tags":[18,22,23,17],"class_list":["post-5097","post","type-post","status-publish","format-standard","hentry","category-novedades","tag-concurso","tag-emprender","tag-jovemprende","tag-proyecto"],"jetpack_publicize_connections":[],"jetpack_featured_media_url":"","jetpack_sharing_enabled":true,"_links":{"self":[{"href":"https:\/\/lopezdearenas.org\/inicio\/blog\/wp-json\/wp\/v2\/posts\/5097","targetHints":{"allow":["GET"]}}],"collection":[{"href":"https:\/\/lopezdearenas.org\/inicio\/blog\/wp-json\/wp\/v2\/posts"}],"about":[{"href":"https:\/\/lopezdearenas.org\/inicio\/blog\/wp-json\/wp\/v2\/types\/post"}],"author":[{"embeddable":true,"href":"https:\/\/lopezdearenas.org\/inicio\/blog\/wp-json\/wp\/v2\/users\/1"}],"replies":[{"embeddable":true,"href":"https:\/\/lopezdearenas.org\/inicio\/blog\/wp-json\/wp\/v2\/comments?post=5097"}],"version-history":[{"count":1,"href":"https:\/\/lopezdearenas.org\/inicio\/blog\/wp-json\/wp\/v2\/posts\/5097\/revisions"}],"predecessor-version":[{"id":5100,"href":"https:\/\/lopezdearenas.org\/inicio\/blog\/wp-json\/wp\/v2\/posts\/5097\/revisions\/5100"}],"wp:attachment":[{"href":"https:\/\/lopezdearenas.org\/inicio\/blog\/wp-json\/wp\/v2\/media?parent=5097"}],"wp:term":[{"taxonomy":"category","embeddable":true,"href":"https:\/\/lopezdearenas.org\/inicio\/blog\/wp-json\/wp\/v2\/categories?post=5097"},{"taxonomy":"post_tag","embeddable":true,"href":"https:\/\/lopezdearenas.org\/inicio\/blog\/wp-json\/wp\/v2\/tags?post=5097"}],"curies":[{"name":"wp","href":"https:\/\/api.w.org\/{rel}","templated":true}]}}