{"id":5061,"date":"2017-02-10T07:39:21","date_gmt":"2017-02-10T06:39:21","guid":{"rendered":"http:\/\/lopezdearenas.org\/inicio\/blog\/?p=5061"},"modified":"2017-02-10T07:39:21","modified_gmt":"2017-02-10T06:39:21","slug":"taller-sobre-habilidades-comunicativas","status":"publish","type":"post","link":"https:\/\/lopezdearenas.org\/inicio\/blog\/taller-sobre-habilidades-comunicativas\/","title":{"rendered":"Taller sobre Habilidades Comunicativas"},"content":{"rendered":"<p>Este jueves\u00a0dentro del m\u00f3dulo de Simulaci\u00f3n Empresarial hemos contado con la presencia de Luis Javier Labella t\u00e9cnico de la Fundaci\u00f3n Andaluc\u00eda Emprende que ha impartido un Taller de Habilidades Comunicativas a los alumnos y alumnas de Segundo Curso de Grado Superior de Administraci\u00f3n y Finanzas.<\/p>\n<p><a href=\"http:\/\/lopezdearenas.org\/inicio\/blog\/wp-content\/uploads\/2017\/02\/IMG_9962.jpg\"><img loading=\"lazy\" decoding=\"async\" class=\"aligncenter size-full wp-image-5062\" src=\"http:\/\/lopezdearenas.org\/inicio\/blog\/wp-content\/uploads\/2017\/02\/IMG_9962.jpg\" alt=\"IMG_9962\" width=\"1200\" height=\"900\" srcset=\"https:\/\/lopezdearenas.org\/inicio\/blog\/wp-content\/uploads\/2017\/02\/IMG_9962.jpg 1200w, https:\/\/lopezdearenas.org\/inicio\/blog\/wp-content\/uploads\/2017\/02\/IMG_9962-300x225.jpg 300w, https:\/\/lopezdearenas.org\/inicio\/blog\/wp-content\/uploads\/2017\/02\/IMG_9962-768x576.jpg 768w, https:\/\/lopezdearenas.org\/inicio\/blog\/wp-content\/uploads\/2017\/02\/IMG_9962-1024x768.jpg 1024w, https:\/\/lopezdearenas.org\/inicio\/blog\/wp-content\/uploads\/2017\/02\/IMG_9962-400x300.jpg 400w\" sizes=\"auto, (max-width: 1200px) 100vw, 1200px\" \/><\/a> <a href=\"http:\/\/lopezdearenas.org\/inicio\/blog\/wp-content\/uploads\/2017\/02\/IMG_9970.jpg\"><img loading=\"lazy\" decoding=\"async\" class=\"aligncenter size-full wp-image-5063\" src=\"http:\/\/lopezdearenas.org\/inicio\/blog\/wp-content\/uploads\/2017\/02\/IMG_9970.jpg\" alt=\"IMG_9970\" width=\"1200\" height=\"900\" srcset=\"https:\/\/lopezdearenas.org\/inicio\/blog\/wp-content\/uploads\/2017\/02\/IMG_9970.jpg 1200w, https:\/\/lopezdearenas.org\/inicio\/blog\/wp-content\/uploads\/2017\/02\/IMG_9970-300x225.jpg 300w, https:\/\/lopezdearenas.org\/inicio\/blog\/wp-content\/uploads\/2017\/02\/IMG_9970-768x576.jpg 768w, https:\/\/lopezdearenas.org\/inicio\/blog\/wp-content\/uploads\/2017\/02\/IMG_9970-1024x768.jpg 1024w, https:\/\/lopezdearenas.org\/inicio\/blog\/wp-content\/uploads\/2017\/02\/IMG_9970-400x300.jpg 400w\" sizes=\"auto, (max-width: 1200px) 100vw, 1200px\" \/><\/a> <a href=\"http:\/\/lopezdearenas.org\/inicio\/blog\/wp-content\/uploads\/2017\/02\/IMG_9968.jpg\"><img loading=\"lazy\" decoding=\"async\" class=\"aligncenter size-full wp-image-5064\" src=\"http:\/\/lopezdearenas.org\/inicio\/blog\/wp-content\/uploads\/2017\/02\/IMG_9968.jpg\" alt=\"IMG_9968\" width=\"1200\" height=\"1600\" srcset=\"https:\/\/lopezdearenas.org\/inicio\/blog\/wp-content\/uploads\/2017\/02\/IMG_9968.jpg 1200w, https:\/\/lopezdearenas.org\/inicio\/blog\/wp-content\/uploads\/2017\/02\/IMG_9968-225x300.jpg 225w, https:\/\/lopezdearenas.org\/inicio\/blog\/wp-content\/uploads\/2017\/02\/IMG_9968-768x1024.jpg 768w\" sizes=\"auto, (max-width: 1200px) 100vw, 1200px\" \/><\/a><\/p>\n","protected":false},"excerpt":{"rendered":"<p>Este jueves\u00a0dentro del m\u00f3dulo de Simulaci\u00f3n Empresarial hemos contado con la presencia de Luis Javier Labella t\u00e9cnico de la Fundaci\u00f3n Andaluc\u00eda Emprende que ha impartido un Taller de Habilidades Comunicativas a los alumnos y alumnas de Segundo Curso de Grado &hellip; <a href=\"https:\/\/lopezdearenas.org\/inicio\/blog\/taller-sobre-habilidades-comunicativas\/\">Sigue leyendo <span class=\"meta-nav\">&rarr;<\/span><\/a><\/p>\n","protected":false},"author":1,"featured_media":0,"comment_status":"open","ping_status":"open","sticky":false,"template":"","format":"standard","meta":{"_jetpack_memberships_contains_paid_content":false,"footnotes":"","jetpack_publicize_message":"","jetpack_publicize_feature_enabled":true,"jetpack_social_post_already_shared":false,"jetpack_social_options":{"image_generator_settings":{"template":"highway","default_image_id":0,"enabled":false},"version":2}},"categories":[5],"tags":[84,8,45],"class_list":["post-5061","post","type-post","status-publish","format-standard","hentry","category-novedades","tag-administrativo","tag-alumnos","tag-ciclos-formativos"],"jetpack_publicize_connections":[],"jetpack_featured_media_url":"","jetpack_sharing_enabled":true,"_links":{"self":[{"href":"https:\/\/lopezdearenas.org\/inicio\/blog\/wp-json\/wp\/v2\/posts\/5061","targetHints":{"allow":["GET"]}}],"collection":[{"href":"https:\/\/lopezdearenas.org\/inicio\/blog\/wp-json\/wp\/v2\/posts"}],"about":[{"href":"https:\/\/lopezdearenas.org\/inicio\/blog\/wp-json\/wp\/v2\/types\/post"}],"author":[{"embeddable":true,"href":"https:\/\/lopezdearenas.org\/inicio\/blog\/wp-json\/wp\/v2\/users\/1"}],"replies":[{"embeddable":true,"href":"https:\/\/lopezdearenas.org\/inicio\/blog\/wp-json\/wp\/v2\/comments?post=5061"}],"version-history":[{"count":1,"href":"https:\/\/lopezdearenas.org\/inicio\/blog\/wp-json\/wp\/v2\/posts\/5061\/revisions"}],"predecessor-version":[{"id":5065,"href":"https:\/\/lopezdearenas.org\/inicio\/blog\/wp-json\/wp\/v2\/posts\/5061\/revisions\/5065"}],"wp:attachment":[{"href":"https:\/\/lopezdearenas.org\/inicio\/blog\/wp-json\/wp\/v2\/media?parent=5061"}],"wp:term":[{"taxonomy":"category","embeddable":true,"href":"https:\/\/lopezdearenas.org\/inicio\/blog\/wp-json\/wp\/v2\/categories?post=5061"},{"taxonomy":"post_tag","embeddable":true,"href":"https:\/\/lopezdearenas.org\/inicio\/blog\/wp-json\/wp\/v2\/tags?post=5061"}],"curies":[{"name":"wp","href":"https:\/\/api.w.org\/{rel}","templated":true}]}}