{"id":4744,"date":"2016-09-29T15:33:06","date_gmt":"2016-09-29T14:33:06","guid":{"rendered":"http:\/\/lopezdearenas.org\/inicio\/blog\/?p=4744"},"modified":"2016-09-29T15:33:58","modified_gmt":"2016-09-29T14:33:58","slug":"taller-de-creatividad-e-innovacion","status":"publish","type":"post","link":"https:\/\/lopezdearenas.org\/inicio\/blog\/taller-de-creatividad-e-innovacion\/","title":{"rendered":"Taller de Creatividad e Innovaci\u00f3n"},"content":{"rendered":"<div>Hoy de 9h a 11.30h los alumnos y alumnas de Segundo Curso de Grado Superior \u00a0de Administraci\u00f3n y Finanzas han asistido al Taller de Creatividad e Innovaci\u00f3n impartido por D.Javier Labella, t\u00e9cnico de la Fundaci\u00f3n Andaluc\u00eda Emprende. Ma\u00f1ana a las 8.30 se volver\u00e1 a impartir dicho taller para los alumnos y alumnas de Segundo Curso de Grado Medio de Gesti\u00f3n Administrativa.<\/div>\n<div><a href=\"http:\/\/lopezdearenas.org\/inicio\/blog\/wp-content\/uploads\/2016\/09\/foto1.jpg\"><img loading=\"lazy\" decoding=\"async\" class=\"aligncenter size-large wp-image-4745\" src=\"http:\/\/lopezdearenas.org\/inicio\/blog\/wp-content\/uploads\/2016\/09\/foto1-768x1024.jpg\" alt=\"foto1\" width=\"584\" height=\"779\" srcset=\"https:\/\/lopezdearenas.org\/inicio\/blog\/wp-content\/uploads\/2016\/09\/foto1-768x1024.jpg 768w, https:\/\/lopezdearenas.org\/inicio\/blog\/wp-content\/uploads\/2016\/09\/foto1-225x300.jpg 225w, https:\/\/lopezdearenas.org\/inicio\/blog\/wp-content\/uploads\/2016\/09\/foto1.jpg 900w\" sizes=\"auto, (max-width: 584px) 100vw, 584px\" \/><\/a><\/div>\n<div><a href=\"http:\/\/lopezdearenas.org\/inicio\/blog\/wp-content\/uploads\/2016\/09\/foto2.jpg\"><img loading=\"lazy\" decoding=\"async\" class=\"aligncenter size-large wp-image-4746\" src=\"http:\/\/lopezdearenas.org\/inicio\/blog\/wp-content\/uploads\/2016\/09\/foto2-1024x768.jpg\" alt=\"foto2\" width=\"584\" height=\"438\" srcset=\"https:\/\/lopezdearenas.org\/inicio\/blog\/wp-content\/uploads\/2016\/09\/foto2-1024x768.jpg 1024w, https:\/\/lopezdearenas.org\/inicio\/blog\/wp-content\/uploads\/2016\/09\/foto2-300x225.jpg 300w, https:\/\/lopezdearenas.org\/inicio\/blog\/wp-content\/uploads\/2016\/09\/foto2-768x576.jpg 768w, https:\/\/lopezdearenas.org\/inicio\/blog\/wp-content\/uploads\/2016\/09\/foto2-400x300.jpg 400w, https:\/\/lopezdearenas.org\/inicio\/blog\/wp-content\/uploads\/2016\/09\/foto2.jpg 1200w\" sizes=\"auto, (max-width: 584px) 100vw, 584px\" \/><\/a><\/div>\n<div><a href=\"http:\/\/lopezdearenas.org\/inicio\/blog\/wp-content\/uploads\/2016\/09\/foto3.jpg\"><img loading=\"lazy\" decoding=\"async\" class=\"aligncenter size-large wp-image-4747\" src=\"http:\/\/lopezdearenas.org\/inicio\/blog\/wp-content\/uploads\/2016\/09\/foto3-1024x768.jpg\" alt=\"foto3\" width=\"584\" height=\"438\" srcset=\"https:\/\/lopezdearenas.org\/inicio\/blog\/wp-content\/uploads\/2016\/09\/foto3-1024x768.jpg 1024w, https:\/\/lopezdearenas.org\/inicio\/blog\/wp-content\/uploads\/2016\/09\/foto3-300x225.jpg 300w, https:\/\/lopezdearenas.org\/inicio\/blog\/wp-content\/uploads\/2016\/09\/foto3-768x576.jpg 768w, https:\/\/lopezdearenas.org\/inicio\/blog\/wp-content\/uploads\/2016\/09\/foto3-400x300.jpg 400w, https:\/\/lopezdearenas.org\/inicio\/blog\/wp-content\/uploads\/2016\/09\/foto3.jpg 1200w\" sizes=\"auto, (max-width: 584px) 100vw, 584px\" \/><\/a><\/div>\n","protected":false},"excerpt":{"rendered":"<p>Hoy de 9h a 11.30h los alumnos y alumnas de Segundo Curso de Grado Superior \u00a0de Administraci\u00f3n y Finanzas han asistido al Taller de Creatividad e Innovaci\u00f3n impartido por D.Javier Labella, t\u00e9cnico de la Fundaci\u00f3n Andaluc\u00eda Emprende. Ma\u00f1ana a las &hellip; <a href=\"https:\/\/lopezdearenas.org\/inicio\/blog\/taller-de-creatividad-e-innovacion\/\">Sigue leyendo <span class=\"meta-nav\">&rarr;<\/span><\/a><\/p>\n","protected":false},"author":1,"featured_media":0,"comment_status":"open","ping_status":"open","sticky":false,"template":"","format":"standard","meta":{"_jetpack_memberships_contains_paid_content":false,"footnotes":"","jetpack_publicize_message":"","jetpack_publicize_feature_enabled":true,"jetpack_social_post_already_shared":false,"jetpack_social_options":{"image_generator_settings":{"template":"highway","default_image_id":0,"enabled":false},"version":2}},"categories":[5],"tags":[8,45,28,62,16],"class_list":["post-4744","post","type-post","status-publish","format-standard","hentry","category-novedades","tag-alumnos","tag-ciclos-formativos","tag-instituto","tag-novedades","tag-programa"],"jetpack_publicize_connections":[],"jetpack_featured_media_url":"","jetpack_sharing_enabled":true,"_links":{"self":[{"href":"https:\/\/lopezdearenas.org\/inicio\/blog\/wp-json\/wp\/v2\/posts\/4744","targetHints":{"allow":["GET"]}}],"collection":[{"href":"https:\/\/lopezdearenas.org\/inicio\/blog\/wp-json\/wp\/v2\/posts"}],"about":[{"href":"https:\/\/lopezdearenas.org\/inicio\/blog\/wp-json\/wp\/v2\/types\/post"}],"author":[{"embeddable":true,"href":"https:\/\/lopezdearenas.org\/inicio\/blog\/wp-json\/wp\/v2\/users\/1"}],"replies":[{"embeddable":true,"href":"https:\/\/lopezdearenas.org\/inicio\/blog\/wp-json\/wp\/v2\/comments?post=4744"}],"version-history":[{"count":2,"href":"https:\/\/lopezdearenas.org\/inicio\/blog\/wp-json\/wp\/v2\/posts\/4744\/revisions"}],"predecessor-version":[{"id":4749,"href":"https:\/\/lopezdearenas.org\/inicio\/blog\/wp-json\/wp\/v2\/posts\/4744\/revisions\/4749"}],"wp:attachment":[{"href":"https:\/\/lopezdearenas.org\/inicio\/blog\/wp-json\/wp\/v2\/media?parent=4744"}],"wp:term":[{"taxonomy":"category","embeddable":true,"href":"https:\/\/lopezdearenas.org\/inicio\/blog\/wp-json\/wp\/v2\/categories?post=4744"},{"taxonomy":"post_tag","embeddable":true,"href":"https:\/\/lopezdearenas.org\/inicio\/blog\/wp-json\/wp\/v2\/tags?post=4744"}],"curies":[{"name":"wp","href":"https:\/\/api.w.org\/{rel}","templated":true}]}}