{"id":4667,"date":"2016-06-24T07:13:44","date_gmt":"2016-06-24T06:13:44","guid":{"rendered":"http:\/\/lopezdearenas.org\/inicio\/blog\/?p=4667"},"modified":"2016-06-24T07:16:50","modified_gmt":"2016-06-24T06:16:50","slug":"rendimiento-academico-y-satisfaccion-del-ambiente-escolar","status":"publish","type":"post","link":"https:\/\/lopezdearenas.org\/inicio\/blog\/rendimiento-academico-y-satisfaccion-del-ambiente-escolar\/","title":{"rendered":"Rendimiento acad\u00e9mico y satisfacci\u00f3n del ambiente escolar"},"content":{"rendered":"<p><span style=\"font-family: arial, helvetica, sans-serif;\">Desde el curso acad\u00e9mico 2014\/15 se viene desarrollando\u00a0<\/span>en el centro\u00a0una investigaci\u00f3n cient\u00edfica\u00a0con objeto de identificar qu\u00e9 factores influyen en el rendimiento acad\u00e9mico y en la satisfacci\u00f3n con el ambiente escolar del alumnado de Educaci\u00f3n Secundaria y Bachillerato. En este archivo se exponen los resultados obtenidos con los grupos que participaron durante el curso acad\u00e9mico pasado.<\/p>\n<p>Dicho estudio ha sido realizado por <span style=\"color: #ff0000;\"><strong>D\u00f1a. Virginia Fern\u00e1ndez Jim\u00e9nez y Dr. D. Eduardo Fern\u00e1ndez Jim\u00e9nez<\/strong><\/span>, pertenecientes a la Universidad de Sevilla.<\/p>\n<p><a href=\"http:\/\/lopezdearenas.org\/inicio\/blog\/wp-content\/uploads\/2016\/06\/Exposicion-a-padres.pdf\">Descargar los resultados del estudio<\/a><\/p>\n<p><a href=\"http:\/\/lopezdearenas.org\/inicio\/blog\/wp-content\/uploads\/2016\/06\/Captura-de-pantalla-2016-06-24-a-las-8.07.57.png\"><img loading=\"lazy\" decoding=\"async\" class=\"aligncenter size-full wp-image-4668\" src=\"http:\/\/lopezdearenas.org\/inicio\/blog\/wp-content\/uploads\/2016\/06\/Captura-de-pantalla-2016-06-24-a-las-8.07.57.png\" alt=\"Captura de pantalla 2016-06-24 a las 8.07.57\" width=\"900\" height=\"680\" srcset=\"https:\/\/lopezdearenas.org\/inicio\/blog\/wp-content\/uploads\/2016\/06\/Captura-de-pantalla-2016-06-24-a-las-8.07.57.png 900w, https:\/\/lopezdearenas.org\/inicio\/blog\/wp-content\/uploads\/2016\/06\/Captura-de-pantalla-2016-06-24-a-las-8.07.57-300x227.png 300w, https:\/\/lopezdearenas.org\/inicio\/blog\/wp-content\/uploads\/2016\/06\/Captura-de-pantalla-2016-06-24-a-las-8.07.57-768x580.png 768w, https:\/\/lopezdearenas.org\/inicio\/blog\/wp-content\/uploads\/2016\/06\/Captura-de-pantalla-2016-06-24-a-las-8.07.57-397x300.png 397w\" sizes=\"auto, (max-width: 900px) 100vw, 900px\" \/><\/a><\/p>\n","protected":false},"excerpt":{"rendered":"<p>Desde el curso acad\u00e9mico 2014\/15 se viene desarrollando\u00a0en el centro\u00a0una investigaci\u00f3n cient\u00edfica\u00a0con objeto de identificar qu\u00e9 factores influyen en el rendimiento acad\u00e9mico y en la satisfacci\u00f3n con el ambiente escolar del alumnado de Educaci\u00f3n Secundaria y Bachillerato. En este archivo &hellip; <a href=\"https:\/\/lopezdearenas.org\/inicio\/blog\/rendimiento-academico-y-satisfaccion-del-ambiente-escolar\/\">Sigue leyendo <span class=\"meta-nav\">&rarr;<\/span><\/a><\/p>\n","protected":false},"author":1,"featured_media":0,"comment_status":"open","ping_status":"open","sticky":false,"template":"","format":"standard","meta":{"_jetpack_memberships_contains_paid_content":false,"footnotes":"","jetpack_publicize_message":"","jetpack_publicize_feature_enabled":true,"jetpack_social_post_already_shared":false,"jetpack_social_options":{"image_generator_settings":{"template":"highway","default_image_id":0,"enabled":false},"version":2}},"categories":[5],"tags":[8,30,28,38],"class_list":["post-4667","post","type-post","status-publish","format-standard","hentry","category-novedades","tag-alumnos","tag-familias","tag-instituto","tag-universidad"],"jetpack_publicize_connections":[],"jetpack_featured_media_url":"","jetpack_sharing_enabled":true,"_links":{"self":[{"href":"https:\/\/lopezdearenas.org\/inicio\/blog\/wp-json\/wp\/v2\/posts\/4667","targetHints":{"allow":["GET"]}}],"collection":[{"href":"https:\/\/lopezdearenas.org\/inicio\/blog\/wp-json\/wp\/v2\/posts"}],"about":[{"href":"https:\/\/lopezdearenas.org\/inicio\/blog\/wp-json\/wp\/v2\/types\/post"}],"author":[{"embeddable":true,"href":"https:\/\/lopezdearenas.org\/inicio\/blog\/wp-json\/wp\/v2\/users\/1"}],"replies":[{"embeddable":true,"href":"https:\/\/lopezdearenas.org\/inicio\/blog\/wp-json\/wp\/v2\/comments?post=4667"}],"version-history":[{"count":2,"href":"https:\/\/lopezdearenas.org\/inicio\/blog\/wp-json\/wp\/v2\/posts\/4667\/revisions"}],"predecessor-version":[{"id":4671,"href":"https:\/\/lopezdearenas.org\/inicio\/blog\/wp-json\/wp\/v2\/posts\/4667\/revisions\/4671"}],"wp:attachment":[{"href":"https:\/\/lopezdearenas.org\/inicio\/blog\/wp-json\/wp\/v2\/media?parent=4667"}],"wp:term":[{"taxonomy":"category","embeddable":true,"href":"https:\/\/lopezdearenas.org\/inicio\/blog\/wp-json\/wp\/v2\/categories?post=4667"},{"taxonomy":"post_tag","embeddable":true,"href":"https:\/\/lopezdearenas.org\/inicio\/blog\/wp-json\/wp\/v2\/tags?post=4667"}],"curies":[{"name":"wp","href":"https:\/\/api.w.org\/{rel}","templated":true}]}}