{"id":4653,"date":"2016-06-16T06:17:55","date_gmt":"2016-06-16T05:17:55","guid":{"rendered":"http:\/\/lopezdearenas.org\/inicio\/blog\/?p=4653"},"modified":"2016-06-16T06:17:55","modified_gmt":"2016-06-16T05:17:55","slug":"xiii-premios-emprendejoven","status":"publish","type":"post","link":"https:\/\/lopezdearenas.org\/inicio\/blog\/xiii-premios-emprendejoven\/","title":{"rendered":"XIII Premios Emprendejoven"},"content":{"rendered":"<p>Este mi\u00e9rcoles 15 de junio en el I.E.S. Murillo de Sevilla se ha celebrado la entrega de premios de la d\u00e9cimo tercera edici\u00f3n de los <span style=\"color: #ff0000;\"><strong>Premios Emprendejoven<\/strong><\/span>, concurso enmarcado dentro del Plan de Fomento\u00a0de Cultura Emprendedora de la Junta de Andaluc\u00eda.<\/p>\n<p>Han sido premiados 8 proyectos, uno por cada provincia.<\/p>\n<p>Los alumnos <span style=\"color: #ff0000;\"><strong>Andrea Gonz\u00e1lez y Carmelo Jos\u00e9 Gonz\u00e1lez<\/strong><\/span> del Ciclo Superior de Administraci\u00f3n y Finanzas del I.E.S. L\u00f3pez de Arenas, han sido los galardonados con el primer premio por la provincia de Sevilla con el proyecto <span style=\"color: #ff0000;\"><strong>ISYWEAR, S.L.<\/strong><\/span>, consistente en una empresa dedicada a la distribuci\u00f3n y venta de prendas de vestir con f\u00e1cil apertura para personas con discapacidad.<\/p>\n<p><a href=\"http:\/\/lopezdearenas.org\/inicio\/blog\/wp-content\/uploads\/2016\/06\/emprendejoven1.jpg\"><img loading=\"lazy\" decoding=\"async\" class=\"aligncenter size-large wp-image-4654\" src=\"http:\/\/lopezdearenas.org\/inicio\/blog\/wp-content\/uploads\/2016\/06\/emprendejoven1-1024x768.jpg\" alt=\"emprendejoven1\" width=\"584\" height=\"438\" srcset=\"https:\/\/lopezdearenas.org\/inicio\/blog\/wp-content\/uploads\/2016\/06\/emprendejoven1-1024x768.jpg 1024w, https:\/\/lopezdearenas.org\/inicio\/blog\/wp-content\/uploads\/2016\/06\/emprendejoven1-300x225.jpg 300w, https:\/\/lopezdearenas.org\/inicio\/blog\/wp-content\/uploads\/2016\/06\/emprendejoven1-768x576.jpg 768w, https:\/\/lopezdearenas.org\/inicio\/blog\/wp-content\/uploads\/2016\/06\/emprendejoven1-400x300.jpg 400w, https:\/\/lopezdearenas.org\/inicio\/blog\/wp-content\/uploads\/2016\/06\/emprendejoven1.jpg 1600w\" sizes=\"auto, (max-width: 584px) 100vw, 584px\" \/><\/a> <a href=\"http:\/\/lopezdearenas.org\/inicio\/blog\/wp-content\/uploads\/2016\/06\/emprendejoven2.jpg\"><img loading=\"lazy\" decoding=\"async\" class=\"aligncenter size-large wp-image-4655\" src=\"http:\/\/lopezdearenas.org\/inicio\/blog\/wp-content\/uploads\/2016\/06\/emprendejoven2-1024x768.jpg\" alt=\"emprendejoven2\" width=\"584\" height=\"438\" srcset=\"https:\/\/lopezdearenas.org\/inicio\/blog\/wp-content\/uploads\/2016\/06\/emprendejoven2-1024x768.jpg 1024w, https:\/\/lopezdearenas.org\/inicio\/blog\/wp-content\/uploads\/2016\/06\/emprendejoven2-300x225.jpg 300w, https:\/\/lopezdearenas.org\/inicio\/blog\/wp-content\/uploads\/2016\/06\/emprendejoven2-768x576.jpg 768w, https:\/\/lopezdearenas.org\/inicio\/blog\/wp-content\/uploads\/2016\/06\/emprendejoven2-400x300.jpg 400w, https:\/\/lopezdearenas.org\/inicio\/blog\/wp-content\/uploads\/2016\/06\/emprendejoven2.jpg 1600w\" sizes=\"auto, (max-width: 584px) 100vw, 584px\" \/><\/a><\/p>\n<p>&nbsp;<\/p>\n","protected":false},"excerpt":{"rendered":"<p>Este mi\u00e9rcoles 15 de junio en el I.E.S. Murillo de Sevilla se ha celebrado la entrega de premios de la d\u00e9cimo tercera edici\u00f3n de los Premios Emprendejoven, concurso enmarcado dentro del Plan de Fomento\u00a0de Cultura Emprendedora de la Junta de &hellip; <a href=\"https:\/\/lopezdearenas.org\/inicio\/blog\/xiii-premios-emprendejoven\/\">Sigue leyendo <span class=\"meta-nav\">&rarr;<\/span><\/a><\/p>\n","protected":false},"author":1,"featured_media":0,"comment_status":"open","ping_status":"open","sticky":false,"template":"","format":"standard","meta":{"_jetpack_memberships_contains_paid_content":false,"footnotes":"","jetpack_publicize_message":"","jetpack_publicize_feature_enabled":true,"jetpack_social_post_already_shared":false,"jetpack_social_options":{"image_generator_settings":{"template":"highway","default_image_id":0,"enabled":false},"version":2}},"categories":[5],"tags":[84,8,45,18,22],"class_list":["post-4653","post","type-post","status-publish","format-standard","hentry","category-novedades","tag-administrativo","tag-alumnos","tag-ciclos-formativos","tag-concurso","tag-emprender"],"jetpack_publicize_connections":[],"jetpack_featured_media_url":"","jetpack_sharing_enabled":true,"_links":{"self":[{"href":"https:\/\/lopezdearenas.org\/inicio\/blog\/wp-json\/wp\/v2\/posts\/4653","targetHints":{"allow":["GET"]}}],"collection":[{"href":"https:\/\/lopezdearenas.org\/inicio\/blog\/wp-json\/wp\/v2\/posts"}],"about":[{"href":"https:\/\/lopezdearenas.org\/inicio\/blog\/wp-json\/wp\/v2\/types\/post"}],"author":[{"embeddable":true,"href":"https:\/\/lopezdearenas.org\/inicio\/blog\/wp-json\/wp\/v2\/users\/1"}],"replies":[{"embeddable":true,"href":"https:\/\/lopezdearenas.org\/inicio\/blog\/wp-json\/wp\/v2\/comments?post=4653"}],"version-history":[{"count":1,"href":"https:\/\/lopezdearenas.org\/inicio\/blog\/wp-json\/wp\/v2\/posts\/4653\/revisions"}],"predecessor-version":[{"id":4656,"href":"https:\/\/lopezdearenas.org\/inicio\/blog\/wp-json\/wp\/v2\/posts\/4653\/revisions\/4656"}],"wp:attachment":[{"href":"https:\/\/lopezdearenas.org\/inicio\/blog\/wp-json\/wp\/v2\/media?parent=4653"}],"wp:term":[{"taxonomy":"category","embeddable":true,"href":"https:\/\/lopezdearenas.org\/inicio\/blog\/wp-json\/wp\/v2\/categories?post=4653"},{"taxonomy":"post_tag","embeddable":true,"href":"https:\/\/lopezdearenas.org\/inicio\/blog\/wp-json\/wp\/v2\/tags?post=4653"}],"curies":[{"name":"wp","href":"https:\/\/api.w.org\/{rel}","templated":true}]}}