{"id":4634,"date":"2016-06-11T07:43:27","date_gmt":"2016-06-11T06:43:27","guid":{"rendered":"http:\/\/lopezdearenas.org\/inicio\/blog\/?p=4634"},"modified":"2016-06-11T07:44:09","modified_gmt":"2016-06-11T06:44:09","slug":"ganadores-de-jovemprende-2016","status":"publish","type":"post","link":"https:\/\/lopezdearenas.org\/inicio\/blog\/ganadores-de-jovemprende-2016\/","title":{"rendered":"Ganadores de JovEmprende 2016"},"content":{"rendered":"<p>Celebrada la fase final de exposici\u00f3n y defensa de los proyectos finalistas de la octava edici\u00f3n del Concurso de ideas empresariales JovEmprende 2016, han resultados vencedores los siguientes proyectos:<\/p>\n<p><span style=\"color: #008000;\"><strong>Categor\u00eda de Ciclos Formativos de Grado Superior:<\/strong><\/span><\/p>\n<p>Proyecto Vencedor: <span style=\"color: #ff0000;\"><strong>Guarding Keys<\/strong><\/span><\/p>\n<p>Autores: <strong>Antonio Andr\u00e9s\u00a0Arisp\u00f3n Paco, Borja Bernal Prieto y Manuel Mar\u00eda Mu\u00f1oz Guisado<\/strong>. Pertenecientes al I.E.S. L\u00f3pez de Arenas<\/p>\n<p><a href=\"http:\/\/lopezdearenas.org\/inicio\/blog\/wp-content\/uploads\/2016\/06\/gs1.jpg\"><img loading=\"lazy\" decoding=\"async\" class=\"aligncenter size-full wp-image-4635\" src=\"http:\/\/lopezdearenas.org\/inicio\/blog\/wp-content\/uploads\/2016\/06\/gs1.jpg\" alt=\"gs1\" width=\"800\" height=\"533\" srcset=\"https:\/\/lopezdearenas.org\/inicio\/blog\/wp-content\/uploads\/2016\/06\/gs1.jpg 800w, https:\/\/lopezdearenas.org\/inicio\/blog\/wp-content\/uploads\/2016\/06\/gs1-300x200.jpg 300w, https:\/\/lopezdearenas.org\/inicio\/blog\/wp-content\/uploads\/2016\/06\/gs1-768x512.jpg 768w, https:\/\/lopezdearenas.org\/inicio\/blog\/wp-content\/uploads\/2016\/06\/gs1-450x300.jpg 450w\" sizes=\"auto, (max-width: 800px) 100vw, 800px\" \/><\/a><\/p>\n<p><span style=\"color: #008000;\"><strong>Categor\u00eda de ciclos formativos de Grado Medio<\/strong><\/span><\/p>\n<p>Proyecto: <span style=\"color: #ff0000;\"><strong>Duin\u00f3tica<\/strong><\/span><\/p>\n<p>Autores: <strong>Nathalie Mar\u00edn Victorio y Jos\u00e9 Manuel Garc\u00eda Isla<\/strong>. Pertenecientes al I.E.S. Luis V\u00e9lez de Guevara.<\/p>\n<p><a href=\"http:\/\/lopezdearenas.org\/inicio\/blog\/wp-content\/uploads\/2016\/06\/gm1.jpg\"><img loading=\"lazy\" decoding=\"async\" class=\"aligncenter size-full wp-image-4636\" src=\"http:\/\/lopezdearenas.org\/inicio\/blog\/wp-content\/uploads\/2016\/06\/gm1.jpg\" alt=\"gm1\" width=\"800\" height=\"533\" srcset=\"https:\/\/lopezdearenas.org\/inicio\/blog\/wp-content\/uploads\/2016\/06\/gm1.jpg 800w, https:\/\/lopezdearenas.org\/inicio\/blog\/wp-content\/uploads\/2016\/06\/gm1-300x200.jpg 300w, https:\/\/lopezdearenas.org\/inicio\/blog\/wp-content\/uploads\/2016\/06\/gm1-768x512.jpg 768w, https:\/\/lopezdearenas.org\/inicio\/blog\/wp-content\/uploads\/2016\/06\/gm1-450x300.jpg 450w\" sizes=\"auto, (max-width: 800px) 100vw, 800px\" \/><\/a><\/p>\n<p>Durante el acto de clausura se llev\u00f3 a cabo la entrega de premios y diplomas a todos los finalistas.<\/p>\n<p><a href=\"http:\/\/lopezdearenas.org\/inicio\/blog\/wp-content\/uploads\/2016\/06\/gs2.jpg\"><img loading=\"lazy\" decoding=\"async\" class=\"aligncenter size-full wp-image-4637\" src=\"http:\/\/lopezdearenas.org\/inicio\/blog\/wp-content\/uploads\/2016\/06\/gs2.jpg\" alt=\"gs2\" width=\"800\" height=\"533\" srcset=\"https:\/\/lopezdearenas.org\/inicio\/blog\/wp-content\/uploads\/2016\/06\/gs2.jpg 800w, https:\/\/lopezdearenas.org\/inicio\/blog\/wp-content\/uploads\/2016\/06\/gs2-300x200.jpg 300w, https:\/\/lopezdearenas.org\/inicio\/blog\/wp-content\/uploads\/2016\/06\/gs2-768x512.jpg 768w, https:\/\/lopezdearenas.org\/inicio\/blog\/wp-content\/uploads\/2016\/06\/gs2-450x300.jpg 450w\" sizes=\"auto, (max-width: 800px) 100vw, 800px\" \/><\/a> <a href=\"http:\/\/lopezdearenas.org\/inicio\/blog\/wp-content\/uploads\/2016\/06\/gs3.jpg\"><img loading=\"lazy\" decoding=\"async\" class=\"aligncenter size-large wp-image-4638\" src=\"http:\/\/lopezdearenas.org\/inicio\/blog\/wp-content\/uploads\/2016\/06\/gs3.jpg\" alt=\"gs3\" width=\"584\" height=\"389\" srcset=\"https:\/\/lopezdearenas.org\/inicio\/blog\/wp-content\/uploads\/2016\/06\/gs3.jpg 800w, https:\/\/lopezdearenas.org\/inicio\/blog\/wp-content\/uploads\/2016\/06\/gs3-300x200.jpg 300w, https:\/\/lopezdearenas.org\/inicio\/blog\/wp-content\/uploads\/2016\/06\/gs3-768x512.jpg 768w, https:\/\/lopezdearenas.org\/inicio\/blog\/wp-content\/uploads\/2016\/06\/gs3-450x300.jpg 450w\" sizes=\"auto, (max-width: 584px) 100vw, 584px\" \/><\/a><\/p>\n<p>Participaron en la Clausura el Delegado Provincial de Econom\u00eda D, Juan Borrego, la Delegada Provincial de Educaci\u00f3n D\u00f1a. Mar\u00eda Francisca Aparicio y D. Gonzalo Alcaide Aguilar Director en funciones del I.E.S. L\u00f3pez de Arenas.<\/p>\n<p><a href=\"http:\/\/lopezdearenas.org\/inicio\/blog\/wp-content\/uploads\/2016\/06\/foto3-1.jpg\"><img loading=\"lazy\" decoding=\"async\" class=\"aligncenter size-full wp-image-4639\" src=\"http:\/\/lopezdearenas.org\/inicio\/blog\/wp-content\/uploads\/2016\/06\/foto3-1.jpg\" alt=\"foto3\" width=\"800\" height=\"533\" srcset=\"https:\/\/lopezdearenas.org\/inicio\/blog\/wp-content\/uploads\/2016\/06\/foto3-1.jpg 800w, https:\/\/lopezdearenas.org\/inicio\/blog\/wp-content\/uploads\/2016\/06\/foto3-1-300x200.jpg 300w, https:\/\/lopezdearenas.org\/inicio\/blog\/wp-content\/uploads\/2016\/06\/foto3-1-768x512.jpg 768w, https:\/\/lopezdearenas.org\/inicio\/blog\/wp-content\/uploads\/2016\/06\/foto3-1-450x300.jpg 450w\" sizes=\"auto, (max-width: 800px) 100vw, 800px\" \/><\/a> <a href=\"http:\/\/lopezdearenas.org\/inicio\/blog\/wp-content\/uploads\/2016\/06\/foto4-1.jpg\"><img loading=\"lazy\" decoding=\"async\" class=\"aligncenter size-large wp-image-4640\" src=\"http:\/\/lopezdearenas.org\/inicio\/blog\/wp-content\/uploads\/2016\/06\/foto4-1.jpg\" alt=\"foto4\" width=\"584\" height=\"389\" srcset=\"https:\/\/lopezdearenas.org\/inicio\/blog\/wp-content\/uploads\/2016\/06\/foto4-1.jpg 800w, https:\/\/lopezdearenas.org\/inicio\/blog\/wp-content\/uploads\/2016\/06\/foto4-1-300x200.jpg 300w, https:\/\/lopezdearenas.org\/inicio\/blog\/wp-content\/uploads\/2016\/06\/foto4-1-768x512.jpg 768w, https:\/\/lopezdearenas.org\/inicio\/blog\/wp-content\/uploads\/2016\/06\/foto4-1-450x300.jpg 450w\" sizes=\"auto, (max-width: 584px) 100vw, 584px\" \/><\/a><\/p>\n<p>&nbsp;<\/p>\n","protected":false},"excerpt":{"rendered":"<p>Celebrada la fase final de exposici\u00f3n y defensa de los proyectos finalistas de la octava edici\u00f3n del Concurso de ideas empresariales JovEmprende 2016, han resultados vencedores los siguientes proyectos: Categor\u00eda de Ciclos Formativos de Grado Superior: Proyecto Vencedor: Guarding Keys &hellip; <a href=\"https:\/\/lopezdearenas.org\/inicio\/blog\/ganadores-de-jovemprende-2016\/\">Sigue leyendo <span class=\"meta-nav\">&rarr;<\/span><\/a><\/p>\n","protected":false},"author":1,"featured_media":0,"comment_status":"open","ping_status":"open","sticky":false,"template":"","format":"standard","meta":{"_jetpack_memberships_contains_paid_content":false,"footnotes":"","jetpack_publicize_message":"","jetpack_publicize_feature_enabled":true,"jetpack_social_post_already_shared":false,"jetpack_social_options":{"image_generator_settings":{"template":"highway","default_image_id":0,"enabled":false},"version":2}},"categories":[5],"tags":[84,8,28,23],"class_list":["post-4634","post","type-post","status-publish","format-standard","hentry","category-novedades","tag-administrativo","tag-alumnos","tag-instituto","tag-jovemprende"],"jetpack_publicize_connections":[],"jetpack_featured_media_url":"","jetpack_sharing_enabled":true,"_links":{"self":[{"href":"https:\/\/lopezdearenas.org\/inicio\/blog\/wp-json\/wp\/v2\/posts\/4634","targetHints":{"allow":["GET"]}}],"collection":[{"href":"https:\/\/lopezdearenas.org\/inicio\/blog\/wp-json\/wp\/v2\/posts"}],"about":[{"href":"https:\/\/lopezdearenas.org\/inicio\/blog\/wp-json\/wp\/v2\/types\/post"}],"author":[{"embeddable":true,"href":"https:\/\/lopezdearenas.org\/inicio\/blog\/wp-json\/wp\/v2\/users\/1"}],"replies":[{"embeddable":true,"href":"https:\/\/lopezdearenas.org\/inicio\/blog\/wp-json\/wp\/v2\/comments?post=4634"}],"version-history":[{"count":1,"href":"https:\/\/lopezdearenas.org\/inicio\/blog\/wp-json\/wp\/v2\/posts\/4634\/revisions"}],"predecessor-version":[{"id":4641,"href":"https:\/\/lopezdearenas.org\/inicio\/blog\/wp-json\/wp\/v2\/posts\/4634\/revisions\/4641"}],"wp:attachment":[{"href":"https:\/\/lopezdearenas.org\/inicio\/blog\/wp-json\/wp\/v2\/media?parent=4634"}],"wp:term":[{"taxonomy":"category","embeddable":true,"href":"https:\/\/lopezdearenas.org\/inicio\/blog\/wp-json\/wp\/v2\/categories?post=4634"},{"taxonomy":"post_tag","embeddable":true,"href":"https:\/\/lopezdearenas.org\/inicio\/blog\/wp-json\/wp\/v2\/tags?post=4634"}],"curies":[{"name":"wp","href":"https:\/\/api.w.org\/{rel}","templated":true}]}}