{"id":4596,"date":"2016-05-30T15:51:35","date_gmt":"2016-05-30T14:51:35","guid":{"rendered":"http:\/\/lopezdearenas.org\/inicio\/blog\/?p=4596"},"modified":"2016-05-30T15:52:24","modified_gmt":"2016-05-30T14:52:24","slug":"informacion-al-alumnado-de-2o-bachillerato","status":"publish","type":"post","link":"https:\/\/lopezdearenas.org\/inicio\/blog\/informacion-al-alumnado-de-2o-bachillerato\/","title":{"rendered":"Informaci\u00f3n al alumnado de 2\u00ba Bachillerato"},"content":{"rendered":"<p>La <span style=\"color: #ff0000;\"><strong>entrega de boletines<\/strong><\/span> de calificaciones de los grupos de 2\u00ba Bachillerato se realizar\u00e1 el <span style=\"color: #ff0000;\"><strong>martes 31 de mayo de 12:00 a 13:00 horas<\/strong><\/span>.<\/p>\n<p style=\"text-align: center;\"><strong>2\u00ba Bach. Cient\u00edfico-Tecnol\u00f3gico (Aula de M\u00fasica)<\/strong><\/p>\n<p style=\"text-align: center;\"><strong>2\u00ba Bach. Humanidades y Ciencias Sociales (Aula de Cl\u00e1sicas)<\/strong><\/p>\n<p>Se convoca al alumnado de 2\u00ba Bachillerato a una <span style=\"color: #008000;\"><strong>reuni\u00f3n informativa<\/strong><\/span> sobre los tr\u00e1mites a realizar con respecto a las <span style=\"color: #008000;\"><strong>pruebas de acceso a la Universidad el mi\u00e9rcoles 1 de junio de 13:00 a 14:00 en la biblioteca del centro<\/strong><\/span>.<\/p>\n<p><a href=\"http:\/\/lopezdearenas.org\/inicio\/blog\/wp-content\/uploads\/2014\/03\/logo-web.jpg\"><img loading=\"lazy\" decoding=\"async\" class=\"aligncenter wp-image-1129 size-medium\" src=\"http:\/\/lopezdearenas.org\/inicio\/blog\/wp-content\/uploads\/2014\/03\/logo-web-300x166.jpg\" alt=\"logo-web\" width=\"300\" height=\"166\" srcset=\"https:\/\/lopezdearenas.org\/inicio\/blog\/wp-content\/uploads\/2014\/03\/logo-web-300x166.jpg 300w, https:\/\/lopezdearenas.org\/inicio\/blog\/wp-content\/uploads\/2014\/03\/logo-web.jpg 500w\" sizes=\"auto, (max-width: 300px) 100vw, 300px\" \/><\/a><\/p>\n","protected":false},"excerpt":{"rendered":"<p>La entrega de boletines de calificaciones de los grupos de 2\u00ba Bachillerato se realizar\u00e1 el martes 31 de mayo de 12:00 a 13:00 horas. 2\u00ba Bach. Cient\u00edfico-Tecnol\u00f3gico (Aula de M\u00fasica) 2\u00ba Bach. Humanidades y Ciencias Sociales (Aula de Cl\u00e1sicas) Se &hellip; <a href=\"https:\/\/lopezdearenas.org\/inicio\/blog\/informacion-al-alumnado-de-2o-bachillerato\/\">Sigue leyendo <span class=\"meta-nav\">&rarr;<\/span><\/a><\/p>\n","protected":false},"author":1,"featured_media":0,"comment_status":"open","ping_status":"open","sticky":false,"template":"","format":"standard","meta":{"_jetpack_memberships_contains_paid_content":false,"footnotes":"","jetpack_publicize_message":"","jetpack_publicize_feature_enabled":true,"jetpack_social_post_already_shared":false,"jetpack_social_options":{"image_generator_settings":{"template":"highway","default_image_id":0,"enabled":false},"version":2}},"categories":[5],"tags":[8,81,58,38],"class_list":["post-4596","post","type-post","status-publish","format-standard","hentry","category-novedades","tag-alumnos","tag-bachilleratos","tag-selectividad","tag-universidad"],"jetpack_publicize_connections":[],"jetpack_featured_media_url":"","jetpack_sharing_enabled":true,"_links":{"self":[{"href":"https:\/\/lopezdearenas.org\/inicio\/blog\/wp-json\/wp\/v2\/posts\/4596","targetHints":{"allow":["GET"]}}],"collection":[{"href":"https:\/\/lopezdearenas.org\/inicio\/blog\/wp-json\/wp\/v2\/posts"}],"about":[{"href":"https:\/\/lopezdearenas.org\/inicio\/blog\/wp-json\/wp\/v2\/types\/post"}],"author":[{"embeddable":true,"href":"https:\/\/lopezdearenas.org\/inicio\/blog\/wp-json\/wp\/v2\/users\/1"}],"replies":[{"embeddable":true,"href":"https:\/\/lopezdearenas.org\/inicio\/blog\/wp-json\/wp\/v2\/comments?post=4596"}],"version-history":[{"count":2,"href":"https:\/\/lopezdearenas.org\/inicio\/blog\/wp-json\/wp\/v2\/posts\/4596\/revisions"}],"predecessor-version":[{"id":4598,"href":"https:\/\/lopezdearenas.org\/inicio\/blog\/wp-json\/wp\/v2\/posts\/4596\/revisions\/4598"}],"wp:attachment":[{"href":"https:\/\/lopezdearenas.org\/inicio\/blog\/wp-json\/wp\/v2\/media?parent=4596"}],"wp:term":[{"taxonomy":"category","embeddable":true,"href":"https:\/\/lopezdearenas.org\/inicio\/blog\/wp-json\/wp\/v2\/categories?post=4596"},{"taxonomy":"post_tag","embeddable":true,"href":"https:\/\/lopezdearenas.org\/inicio\/blog\/wp-json\/wp\/v2\/tags?post=4596"}],"curies":[{"name":"wp","href":"https:\/\/api.w.org\/{rel}","templated":true}]}}