{"id":4580,"date":"2016-05-25T10:00:32","date_gmt":"2016-05-25T09:00:32","guid":{"rendered":"http:\/\/lopezdearenas.org\/inicio\/blog\/?p=4580"},"modified":"2016-05-25T08:23:27","modified_gmt":"2016-05-25T07:23:27","slug":"acto-de-graduacion","status":"publish","type":"post","link":"https:\/\/lopezdearenas.org\/inicio\/blog\/acto-de-graduacion\/","title":{"rendered":"Acto de Graduaci\u00f3n"},"content":{"rendered":"<p>Hoy <span style=\"color: #ff0000;\"><strong>mi\u00e9rcoles 25 de mayo, a la 20:45 horas<\/strong> <\/span>tendr\u00e1 lugar en el I.E.S. L\u00f3pez de Arenas el Acto de Graduaci\u00f3n de los alumnos que han finalizado su etapa formativa en:<\/p>\n<ul>\n<li><span style=\"color: #008000;\"><strong>2\u00ba Bachillerato<\/strong><\/span><\/li>\n<li><span style=\"color: #008000;\"><strong>Ciclos Formativo de Grado Medio &#8211; Gesti\u00f3n Administrativa<\/strong><\/span><\/li>\n<li><span style=\"color: #008000;\"><strong>Ciclo formativo de Grado Superior &#8211; Administraci\u00f3n y Finanzas<\/strong><\/span><\/li>\n<\/ul>\n<p>El Acto se desarrollar\u00e1 en el patio interior del centro, con car\u00e1cter abierto para que puedan asistir todas las personas que quieran acompa\u00f1ar a nuestros alumnos en este d\u00eda tan importante.<\/p>\n<p><img loading=\"lazy\" decoding=\"async\" class=\"aligncenter size-medium wp-image-1129\" src=\"http:\/\/lopezdearenas.org\/inicio\/blog\/wp-content\/uploads\/2014\/03\/logo-web-300x166.jpg\" alt=\"logo-web\" width=\"300\" height=\"166\" srcset=\"https:\/\/lopezdearenas.org\/inicio\/blog\/wp-content\/uploads\/2014\/03\/logo-web-300x166.jpg 300w, https:\/\/lopezdearenas.org\/inicio\/blog\/wp-content\/uploads\/2014\/03\/logo-web.jpg 500w\" sizes=\"auto, (max-width: 300px) 100vw, 300px\" \/><\/p>\n","protected":false},"excerpt":{"rendered":"<p>Hoy mi\u00e9rcoles 25 de mayo, a la 20:45 horas tendr\u00e1 lugar en el I.E.S. L\u00f3pez de Arenas el Acto de Graduaci\u00f3n de los alumnos que han finalizado su etapa formativa en: 2\u00ba Bachillerato Ciclos Formativo de Grado Medio &#8211; Gesti\u00f3n &hellip; <a href=\"https:\/\/lopezdearenas.org\/inicio\/blog\/acto-de-graduacion\/\">Sigue leyendo <span class=\"meta-nav\">&rarr;<\/span><\/a><\/p>\n","protected":false},"author":1,"featured_media":0,"comment_status":"open","ping_status":"open","sticky":false,"template":"","format":"standard","meta":{"_jetpack_memberships_contains_paid_content":false,"footnotes":"","jetpack_publicize_message":"","jetpack_publicize_feature_enabled":true,"jetpack_social_post_already_shared":false,"jetpack_social_options":{"image_generator_settings":{"template":"highway","default_image_id":0,"enabled":false},"version":2}},"categories":[5],"tags":[],"class_list":["post-4580","post","type-post","status-publish","format-standard","hentry","category-novedades"],"jetpack_publicize_connections":[],"jetpack_featured_media_url":"","jetpack_sharing_enabled":true,"_links":{"self":[{"href":"https:\/\/lopezdearenas.org\/inicio\/blog\/wp-json\/wp\/v2\/posts\/4580","targetHints":{"allow":["GET"]}}],"collection":[{"href":"https:\/\/lopezdearenas.org\/inicio\/blog\/wp-json\/wp\/v2\/posts"}],"about":[{"href":"https:\/\/lopezdearenas.org\/inicio\/blog\/wp-json\/wp\/v2\/types\/post"}],"author":[{"embeddable":true,"href":"https:\/\/lopezdearenas.org\/inicio\/blog\/wp-json\/wp\/v2\/users\/1"}],"replies":[{"embeddable":true,"href":"https:\/\/lopezdearenas.org\/inicio\/blog\/wp-json\/wp\/v2\/comments?post=4580"}],"version-history":[{"count":1,"href":"https:\/\/lopezdearenas.org\/inicio\/blog\/wp-json\/wp\/v2\/posts\/4580\/revisions"}],"predecessor-version":[{"id":4581,"href":"https:\/\/lopezdearenas.org\/inicio\/blog\/wp-json\/wp\/v2\/posts\/4580\/revisions\/4581"}],"wp:attachment":[{"href":"https:\/\/lopezdearenas.org\/inicio\/blog\/wp-json\/wp\/v2\/media?parent=4580"}],"wp:term":[{"taxonomy":"category","embeddable":true,"href":"https:\/\/lopezdearenas.org\/inicio\/blog\/wp-json\/wp\/v2\/categories?post=4580"},{"taxonomy":"post_tag","embeddable":true,"href":"https:\/\/lopezdearenas.org\/inicio\/blog\/wp-json\/wp\/v2\/tags?post=4580"}],"curies":[{"name":"wp","href":"https:\/\/api.w.org\/{rel}","templated":true}]}}