{"id":18478,"date":"2026-09-04T12:54:54","date_gmt":"2026-09-04T11:54:54","guid":{"rendered":"https:\/\/lopezdearenas.org\/inicio\/blog\/?p=18478"},"modified":"2026-09-04T12:54:54","modified_gmt":"2026-09-04T11:54:54","slug":"el-ampa-el-barranco-abre-su-periodo-de-inscripciones-e-inicia-la-venta-de-agendas-escolares","status":"publish","type":"post","link":"https:\/\/lopezdearenas.org\/inicio\/blog\/el-ampa-el-barranco-abre-su-periodo-de-inscripciones-e-inicia-la-venta-de-agendas-escolares\/","title":{"rendered":"El AMPA \u00abEl Barranco\u00bb abre su periodo de inscripciones e inicia la venta de agendas escolares"},"content":{"rendered":"\n<p class=\"wp-block-paragraph\">La Asociaci\u00f3n de Madres y Padres del Alumnado (AMPA) \u00abEl Barranco\u00bb anuncia el inicio de sus actividades e inscripciones para el nuevo curso, invitando a todas las familias de la comunidad educativa a unirse y participar.<\/p>\n\n\n\n<p class=\"wp-block-paragraph\">A partir del <strong>6 de octubre<\/strong>, quedar\u00e1 oficialmente abierto el plazo para sumarse a la asociaci\u00f3n. La cuota de inscripci\u00f3n se ha fijado en <strong>15 \u20ac<\/strong>.<\/p>\n\n\n\n<figure class=\"wp-block-gallery has-nested-images columns-default is-cropped wp-block-gallery-1 is-layout-flex wp-block-gallery-is-layout-flex\">\n<figure class=\"wp-block-image size-large\"><img loading=\"lazy\" decoding=\"async\" width=\"719\" height=\"1024\" data-id=\"18479\" src=\"https:\/\/lopezdearenas.org\/inicio\/blog\/wp-content\/uploads\/2026\/09\/WhatsApp-Image-2026-09-04-at-12.39.27-719x1024.jpeg\" alt=\"\" class=\"wp-image-18479\" srcset=\"https:\/\/lopezdearenas.org\/inicio\/blog\/wp-content\/uploads\/2026\/09\/WhatsApp-Image-2026-09-04-at-12.39.27-719x1024.jpeg 719w, https:\/\/lopezdearenas.org\/inicio\/blog\/wp-content\/uploads\/2026\/09\/WhatsApp-Image-2026-09-04-at-12.39.27-211x300-1.jpeg 211w, https:\/\/lopezdearenas.org\/inicio\/blog\/wp-content\/uploads\/2026\/09\/WhatsApp-Image-2026-09-04-at-12.39.27-768x1093.jpeg 768w, https:\/\/lopezdearenas.org\/inicio\/blog\/wp-content\/uploads\/2026\/09\/WhatsApp-Image-2026-09-04-at-12.39.27.jpeg 972w\" sizes=\"auto, (max-width: 719px) 100vw, 719px\" \/><\/figure>\n<\/figure>\n","protected":false},"excerpt":{"rendered":"<p>La Asociaci\u00f3n de Madres y Padres del Alumnado (AMPA) \u00abEl Barranco\u00bb anuncia el inicio de sus actividades e inscripciones para el nuevo curso, invitando a todas las familias de la comunidad educativa a unirse y participar. A partir del 6 &hellip; <a href=\"https:\/\/lopezdearenas.org\/inicio\/blog\/el-ampa-el-barranco-abre-su-periodo-de-inscripciones-e-inicia-la-venta-de-agendas-escolares\/\">Sigue leyendo <span class=\"meta-nav\">&rarr;<\/span><\/a><\/p>\n","protected":false},"author":85,"featured_media":0,"comment_status":"closed","ping_status":"open","sticky":false,"template":"","format":"standard","meta":{"_jetpack_newsletter_access":"","_jetpack_dont_email_post_to_subs":false,"_jetpack_newsletter_tier_id":0,"_jetpack_memberships_contains_paywalled_content":false,"_jetpack_feature_clip_id":0,"_jetpack_memberships_contains_paid_content":false,"footnotes":"","jetpack_publicize_message":"","jetpack_publicize_feature_enabled":true,"jetpack_social_post_already_shared":true,"jetpack_social_options":{"image_generator_settings":{"template":"highway","default_image_id":0,"font":"","enabled":false},"version":2},"jetpack_post_was_ever_published":false},"categories":[5],"tags":[362,47,361,28],"class_list":["post-18478","post","type-post","status-publish","format-standard","hentry","category-novedades","tag-agendas","tag-ampa","tag-familia","tag-instituto"],"jetpack_publicize_connections":[],"jetpack_sharing_enabled":true,"jetpack_featured_media_url":"","_links":{"self":[{"href":"https:\/\/lopezdearenas.org\/inicio\/blog\/wp-json\/wp\/v2\/posts\/18478","targetHints":{"allow":["GET"]}}],"collection":[{"href":"https:\/\/lopezdearenas.org\/inicio\/blog\/wp-json\/wp\/v2\/posts"}],"about":[{"href":"https:\/\/lopezdearenas.org\/inicio\/blog\/wp-json\/wp\/v2\/types\/post"}],"author":[{"embeddable":true,"href":"https:\/\/lopezdearenas.org\/inicio\/blog\/wp-json\/wp\/v2\/users\/85"}],"replies":[{"embeddable":true,"href":"https:\/\/lopezdearenas.org\/inicio\/blog\/wp-json\/wp\/v2\/comments?post=18478"}],"version-history":[{"count":1,"href":"https:\/\/lopezdearenas.org\/inicio\/blog\/wp-json\/wp\/v2\/posts\/18478\/revisions"}],"predecessor-version":[{"id":18480,"href":"https:\/\/lopezdearenas.org\/inicio\/blog\/wp-json\/wp\/v2\/posts\/18478\/revisions\/18480"}],"wp:attachment":[{"href":"https:\/\/lopezdearenas.org\/inicio\/blog\/wp-json\/wp\/v2\/media?parent=18478"}],"wp:term":[{"taxonomy":"category","embeddable":true,"href":"https:\/\/lopezdearenas.org\/inicio\/blog\/wp-json\/wp\/v2\/categories?post=18478"},{"taxonomy":"post_tag","embeddable":true,"href":"https:\/\/lopezdearenas.org\/inicio\/blog\/wp-json\/wp\/v2\/tags?post=18478"}],"curies":[{"name":"wp","href":"https:\/\/api.w.org\/{rel}","templated":true}]}}