{"id":18269,"date":"2026-06-11T08:57:55","date_gmt":"2026-06-11T07:57:55","guid":{"rendered":"https:\/\/lopezdearenas.org\/inicio\/blog\/?p=18269"},"modified":"2026-06-11T09:01:57","modified_gmt":"2026-06-11T08:01:57","slug":"y-mientras-en-italia","status":"publish","type":"post","link":"https:\/\/lopezdearenas.org\/inicio\/blog\/y-mientras-en-italia\/","title":{"rendered":"Y MIENTRAS, EN ITALIA&#8230;"},"content":{"rendered":"\n<p class=\"wp-block-paragraph\">En el marco de su firme apuesta por la internacionalizaci\u00f3n de la Formaci\u00f3n Profesional y la excelencia educativa, el IES L\u00f3pez de Arenas vuelve a abrir una ventana al continente europeo para sus estudiantes. En esta ocasi\u00f3n, el alumnado de 1\u00ba de Grado Medio de Gesti\u00f3n Administrativa se encuentra disfrutando de una estancia de 15 d\u00edas en la localidad de Otranto, Italia, gracias al proyecto de movilidad Erasmus+ VET denominado \u201cBRIDGE TO EUROPE\u201d.<\/p>\n\n\n\n<figure class=\"wp-block-image size-full\"><img loading=\"lazy\" decoding=\"async\" width=\"1600\" height=\"1200\" src=\"https:\/\/lopezdearenas.org\/inicio\/blog\/wp-content\/uploads\/2026\/06\/WhatsApp-Image-2026-06-09-at-08.55.33.jpeg\" alt=\"\" class=\"wp-image-18271\" srcset=\"https:\/\/lopezdearenas.org\/inicio\/blog\/wp-content\/uploads\/2026\/06\/WhatsApp-Image-2026-06-09-at-08.55.33.jpeg 1600w, https:\/\/lopezdearenas.org\/inicio\/blog\/wp-content\/uploads\/2026\/06\/WhatsApp-Image-2026-06-09-at-08.55.33-300x225.jpeg 300w, https:\/\/lopezdearenas.org\/inicio\/blog\/wp-content\/uploads\/2026\/06\/WhatsApp-Image-2026-06-09-at-08.55.33-768x576.jpeg 768w, https:\/\/lopezdearenas.org\/inicio\/blog\/wp-content\/uploads\/2026\/06\/WhatsApp-Image-2026-06-09-at-08.55.33-1024x768.jpeg 1024w, https:\/\/lopezdearenas.org\/inicio\/blog\/wp-content\/uploads\/2026\/06\/WhatsApp-Image-2026-06-09-at-08.55.33-1536x1152.jpeg 1536w, https:\/\/lopezdearenas.org\/inicio\/blog\/wp-content\/uploads\/2026\/06\/WhatsApp-Image-2026-06-09-at-08.55.33-400x300.jpeg 400w\" sizes=\"auto, (max-width: 1600px) 100vw, 1600px\" \/><\/figure>\n\n\n\n<p class=\"wp-block-paragraph\">Durante estas dos semanas, los estudiantes marcheneros est\u00e1n compaginando la inmersi\u00f3n cultural y ling\u00fc\u00edstica con el aprendizaje pr\u00e1ctico en el sector empresarial italiano. La organizaci\u00f3n de acogida es la prestigiosa cadena <strong>CDS Hotel-Marelive<\/strong>, donde el alumnado est\u00e1 desarrollando tareas vinculadas a la gesti\u00f3n, la administraci\u00f3n y la atenci\u00f3n al p\u00fablico en un entorno profesional de primer nivel.<\/p>\n\n\n\n<figure class=\"wp-block-image size-full\"><img loading=\"lazy\" decoding=\"async\" width=\"1600\" height=\"1200\" src=\"https:\/\/lopezdearenas.org\/inicio\/blog\/wp-content\/uploads\/2026\/06\/WhatsApp-Image-2026-06-09-at-08.55.32.jpeg\" alt=\"\" class=\"wp-image-18273\" srcset=\"https:\/\/lopezdearenas.org\/inicio\/blog\/wp-content\/uploads\/2026\/06\/WhatsApp-Image-2026-06-09-at-08.55.32.jpeg 1600w, https:\/\/lopezdearenas.org\/inicio\/blog\/wp-content\/uploads\/2026\/06\/WhatsApp-Image-2026-06-09-at-08.55.32-300x225.jpeg 300w, https:\/\/lopezdearenas.org\/inicio\/blog\/wp-content\/uploads\/2026\/06\/WhatsApp-Image-2026-06-09-at-08.55.32-768x576.jpeg 768w, https:\/\/lopezdearenas.org\/inicio\/blog\/wp-content\/uploads\/2026\/06\/WhatsApp-Image-2026-06-09-at-08.55.32-1024x768.jpeg 1024w, https:\/\/lopezdearenas.org\/inicio\/blog\/wp-content\/uploads\/2026\/06\/WhatsApp-Image-2026-06-09-at-08.55.32-1536x1152.jpeg 1536w, https:\/\/lopezdearenas.org\/inicio\/blog\/wp-content\/uploads\/2026\/06\/WhatsApp-Image-2026-06-09-at-08.55.32-400x300.jpeg 400w\" sizes=\"auto, (max-width: 1600px) 100vw, 1600px\" \/><\/figure>\n\n\n\n<p class=\"wp-block-paragraph\">Esta movilidad internacional no solo les permite aplicar los conocimientos t\u00e9cnicos adquiridos en las aulas de Marchena, sino tambi\u00e9n desarrollar las llamadas <em>soft skills<\/em> o habilidades blandas: la autonom\u00eda, el trabajo en equipo multicultural, la resoluci\u00f3n de problemas y la competencia idiom\u00e1tica, factores clave y diferenciadores en el mercado laboral actual.<\/p>\n\n\n\n<figure class=\"wp-block-image size-full\"><img loading=\"lazy\" decoding=\"async\" width=\"2048\" height=\"1536\" src=\"https:\/\/lopezdearenas.org\/inicio\/blog\/wp-content\/uploads\/2026\/06\/WhatsApp-Image-2026-06-09-at-12.11.48.jpeg\" alt=\"\" class=\"wp-image-18279\" srcset=\"https:\/\/lopezdearenas.org\/inicio\/blog\/wp-content\/uploads\/2026\/06\/WhatsApp-Image-2026-06-09-at-12.11.48.jpeg 2048w, https:\/\/lopezdearenas.org\/inicio\/blog\/wp-content\/uploads\/2026\/06\/WhatsApp-Image-2026-06-09-at-12.11.48-300x225.jpeg 300w, https:\/\/lopezdearenas.org\/inicio\/blog\/wp-content\/uploads\/2026\/06\/WhatsApp-Image-2026-06-09-at-12.11.48-768x576.jpeg 768w, https:\/\/lopezdearenas.org\/inicio\/blog\/wp-content\/uploads\/2026\/06\/WhatsApp-Image-2026-06-09-at-12.11.48-1024x768.jpeg 1024w, https:\/\/lopezdearenas.org\/inicio\/blog\/wp-content\/uploads\/2026\/06\/WhatsApp-Image-2026-06-09-at-12.11.48-1536x1152.jpeg 1536w, https:\/\/lopezdearenas.org\/inicio\/blog\/wp-content\/uploads\/2026\/06\/WhatsApp-Image-2026-06-09-at-12.11.48-400x300.jpeg 400w\" sizes=\"auto, (max-width: 2048px) 100vw, 2048px\" \/><\/figure>\n\n\n\n<p class=\"wp-block-paragraph\">El proyecto <strong>\u201cBRIDGE TO EUROPE\u201d<\/strong> es un ejemplo claro de c\u00f3mo la Formaci\u00f3n Profesional p\u00fablica es una herramienta de transformaci\u00f3n y oportunidades. Desde el IES L\u00f3pez de Arenas se destaca el orgullo y la satisfacci\u00f3n de ver c\u00f3mo el alumnado de Grado Medio aprovecha estas becas Erasmus+, rompiendo barreras territoriales y sumando una experiencia vital y profesional que marcar\u00e1 su curr\u00edculum y su futuro laboral.<\/p>\n\n\n\n<figure class=\"wp-block-image size-full\"><img loading=\"lazy\" decoding=\"async\" width=\"595\" height=\"595\" src=\"https:\/\/lopezdearenas.org\/inicio\/blog\/wp-content\/uploads\/2026\/06\/LOGO-Erasmus-plus-BRIDGE.jpg\" alt=\"\" class=\"wp-image-18275\" srcset=\"https:\/\/lopezdearenas.org\/inicio\/blog\/wp-content\/uploads\/2026\/06\/LOGO-Erasmus-plus-BRIDGE.jpg 595w, https:\/\/lopezdearenas.org\/inicio\/blog\/wp-content\/uploads\/2026\/06\/LOGO-Erasmus-plus-BRIDGE-150x150.jpg 150w, https:\/\/lopezdearenas.org\/inicio\/blog\/wp-content\/uploads\/2026\/06\/LOGO-Erasmus-plus-BRIDGE-300x300-1.jpg 300w\" sizes=\"auto, (max-width: 595px) 100vw, 595px\" \/><\/figure>\n\n\n\n<p class=\"wp-block-paragraph\">El centro quiere agradecer tanto a la organizaci\u00f3n de acogida, <strong>CDS Hotel-Marelive<\/strong>,  como al equipo docente responsable de la gesti\u00f3n de estos proyectos europeos que sit\u00faan a Marchena en Europea.<\/p>\n\n\n\n<figure class=\"wp-block-image size-full\"><img decoding=\"async\" src=\"https:\/\/lopezdearenas.org\/inicio\/blog\/wp-content\/uploads\/2026\/06\/logo-erasmus-scaled-1.png\" alt=\"\" class=\"wp-image-18277\"\/><\/figure>\n","protected":false},"excerpt":{"rendered":"<p>En el marco de su firme apuesta por la internacionalizaci\u00f3n de la Formaci\u00f3n Profesional y la excelencia educativa, el IES L\u00f3pez de Arenas vuelve a abrir una ventana al continente europeo para sus estudiantes. En esta ocasi\u00f3n, el alumnado de &hellip; <a href=\"https:\/\/lopezdearenas.org\/inicio\/blog\/y-mientras-en-italia\/\">Sigue leyendo <span class=\"meta-nav\">&rarr;<\/span><\/a><\/p>\n","protected":false},"author":82,"featured_media":0,"comment_status":"closed","ping_status":"open","sticky":false,"template":"","format":"standard","meta":{"_jetpack_newsletter_access":"","_jetpack_dont_email_post_to_subs":false,"_jetpack_newsletter_tier_id":0,"_jetpack_memberships_contains_paywalled_content":false,"_jetpack_feature_clip_id":0,"_jetpack_memberships_contains_paid_content":false,"footnotes":"","jetpack_publicize_message":"","jetpack_publicize_feature_enabled":true,"jetpack_social_post_already_shared":true,"jetpack_social_options":{"image_generator_settings":{"template":"highway","default_image_id":0,"font":"","enabled":false},"version":2},"jetpack_post_was_ever_published":false},"categories":[5],"tags":[309,45,152,273],"class_list":["post-18269","post","type-post","status-publish","format-standard","hentry","category-novedades","tag-brigde-to-europe","tag-ciclos-formativos","tag-erasmus-2","tag-italia"],"jetpack_publicize_connections":[],"jetpack_sharing_enabled":true,"jetpack_featured_media_url":"","_links":{"self":[{"href":"https:\/\/lopezdearenas.org\/inicio\/blog\/wp-json\/wp\/v2\/posts\/18269","targetHints":{"allow":["GET"]}}],"collection":[{"href":"https:\/\/lopezdearenas.org\/inicio\/blog\/wp-json\/wp\/v2\/posts"}],"about":[{"href":"https:\/\/lopezdearenas.org\/inicio\/blog\/wp-json\/wp\/v2\/types\/post"}],"author":[{"embeddable":true,"href":"https:\/\/lopezdearenas.org\/inicio\/blog\/wp-json\/wp\/v2\/users\/82"}],"replies":[{"embeddable":true,"href":"https:\/\/lopezdearenas.org\/inicio\/blog\/wp-json\/wp\/v2\/comments?post=18269"}],"version-history":[{"count":1,"href":"https:\/\/lopezdearenas.org\/inicio\/blog\/wp-json\/wp\/v2\/posts\/18269\/revisions"}],"predecessor-version":[{"id":18281,"href":"https:\/\/lopezdearenas.org\/inicio\/blog\/wp-json\/wp\/v2\/posts\/18269\/revisions\/18281"}],"wp:attachment":[{"href":"https:\/\/lopezdearenas.org\/inicio\/blog\/wp-json\/wp\/v2\/media?parent=18269"}],"wp:term":[{"taxonomy":"category","embeddable":true,"href":"https:\/\/lopezdearenas.org\/inicio\/blog\/wp-json\/wp\/v2\/categories?post=18269"},{"taxonomy":"post_tag","embeddable":true,"href":"https:\/\/lopezdearenas.org\/inicio\/blog\/wp-json\/wp\/v2\/tags?post=18269"}],"curies":[{"name":"wp","href":"https:\/\/api.w.org\/{rel}","templated":true}]}}