{"id":17757,"date":"2026-03-11T11:37:02","date_gmt":"2026-03-11T10:37:02","guid":{"rendered":"https:\/\/lopezdearenas.org\/inicio\/blog\/?p=17757"},"modified":"2026-03-11T11:37:02","modified_gmt":"2026-03-11T10:37:02","slug":"erasmus-vet-grado-medio-y-fp-movilidades-17d","status":"publish","type":"post","link":"https:\/\/lopezdearenas.org\/inicio\/blog\/erasmus-vet-grado-medio-y-fp-movilidades-17d\/","title":{"rendered":"ERASMUS+ VET GRADO MEDIO Y FP MOVILIDADES 17D"},"content":{"rendered":"\n<p>El Consorcio de Movilidad del que forma parte el I.E.S. L\u00d3PEZ DE ARENAS \u00a0tiene como finalidad ofrecer a estudiantes y reci\u00e9n titulados de Grado Medio y FP B\u00e1sica la oportunidad de vivir una experiencia Erasmus+ que complemente su formaci\u00f3n. El centro convoca 7 <strong>becas de movilidad<\/strong> <strong>de 15 d\u00edas de duraci\u00f3n, m\u00e1s 2 de viaje a ITALIA <\/strong>para estudiantes de primer curso de los Ciclos Formativos de Grado Medio y FP B\u00e1sica impartidos por los centros que configuran el Consorcio. Las personas beneficiarias realizar\u00e1n estancias formativas (per\u00edodos de observaci\u00f3n\/pr\u00e1cticas en empresas).<\/p>\n\n\n\n<figure class=\"wp-block-image size-full\"><img loading=\"lazy\" decoding=\"async\" width=\"595\" height=\"595\" src=\"https:\/\/lopezdearenas.org\/inicio\/blog\/wp-content\/uploads\/2026\/03\/LOGO-Erasmus-plus-BRIDGE.jpg\" alt=\"\" class=\"wp-image-17758\" srcset=\"https:\/\/lopezdearenas.org\/inicio\/blog\/wp-content\/uploads\/2026\/03\/LOGO-Erasmus-plus-BRIDGE.jpg 595w, https:\/\/lopezdearenas.org\/inicio\/blog\/wp-content\/uploads\/2026\/03\/LOGO-Erasmus-plus-BRIDGE-300x300.jpg 300w, https:\/\/lopezdearenas.org\/inicio\/blog\/wp-content\/uploads\/2026\/03\/LOGO-Erasmus-plus-BRIDGE-150x150.jpg 150w\" sizes=\"auto, (max-width: 595px) 100vw, 595px\" \/><\/figure>\n\n\n\n<p><strong><u>PERSONAS DESTINATARIAS<\/u><\/strong><\/p>\n\n\n\n<ul class=\"wp-block-list\">\n<li>Alumnado matriculado en alguno de los centros educativos que conforman el Consorcio<strong> en el primer curso<\/strong> <strong>de FP B\u00e1sica o Ciclos Formativos de Grado Medio de Formaci\u00f3n Profesional<\/strong> y que finalice como <strong>APTO\/A<\/strong> el curso acad\u00e9mico 2025-2026.<\/li>\n\n\n\n<li>Estas movilidades est\u00e1n especialmente dise\u00f1adas para promover la autonom\u00eda y el desarrollo de competencias transversales entre el alumnado con un nivel de madurez bajo. No se dise\u00f1an como un fin en s\u00ed mismas sino como un medio para promover la realizaci\u00f3n de movilidades de larga duraci\u00f3n o Erasmuspro.<\/li>\n<\/ul>\n\n\n\n<p><\/p>\n\n\n\n<ul class=\"wp-block-list\">\n<li><strong><u>PLAZO Y LUGAR DE PRESENTACI\u00d3N DE SOLICITUDES<\/u><\/strong><\/li>\n\n\n\n<li>Los solicitantes deber\u00e1n entregar en la secretar\u00eda del centro el <strong><u>\u201cFormulario de Inscripci\u00f3n\u201d<\/u><\/strong>, debidamente cumplimentado y firmado. Este documento puede ser recogido en Secretar\u00eda o bien descargarlo desde la p\u00e1gina Web del centro.<\/li>\n\n\n\n<li>La <strong><u>fecha m\u00e1xima de entrega de solicitudes es el 16 de marzo de 2026<\/u><\/strong>, pudi\u00e9ndose abrir una nueva convocatoria en el caso en que queden movilidades vacantes despu\u00e9s del primer per\u00edodo de inscripci\u00f3n. En ese caso se publicar\u00e1 en la web del centro y en el Facebook del Proyecto, el nuevo plazo de inscripci\u00f3n.<\/li>\n<\/ul>\n\n\n\n<p>TODA LA INFORMACI\u00d3N, <a href=\"https:\/\/drive.google.com\/file\/d\/1O9uvVe4sduaoThX71TZntPd8Kv3-LDe0\/view?usp=drive_link\">AQU\u00cd<\/a>. EN ESTE DOCUMENTO APARECE TAMBI\u00c9N LA ACEPTACI\u00d3N D ELA BECA QUE TIENE QUE ENTREGARSE JUNTO A LA INSCRIPCI\u00d3N.<\/p>\n\n\n\n<p>INSCRIPCI\u00d3N A ENTREGAR <a href=\"https:\/\/drive.google.com\/file\/d\/1BvAlA32cx3pX7_uaT7JN6J0cchFNREAT\/view?usp=sharing\">AQU\u00cd<\/a>.<\/p>\n\n\n\n<p><\/p>\n\n\n\n<figure class=\"wp-block-image size-large\"><img loading=\"lazy\" decoding=\"async\" width=\"1024\" height=\"215\" src=\"https:\/\/lopezdearenas.org\/inicio\/blog\/wp-content\/uploads\/2026\/03\/logo-erasmus-1024x215.png\" alt=\"\" class=\"wp-image-17759\" srcset=\"https:\/\/lopezdearenas.org\/inicio\/blog\/wp-content\/uploads\/2026\/03\/logo-erasmus-1024x215.png 1024w, https:\/\/lopezdearenas.org\/inicio\/blog\/wp-content\/uploads\/2026\/03\/logo-erasmus-300x63.png 300w, https:\/\/lopezdearenas.org\/inicio\/blog\/wp-content\/uploads\/2026\/03\/logo-erasmus-768x161.png 768w, https:\/\/lopezdearenas.org\/inicio\/blog\/wp-content\/uploads\/2026\/03\/logo-erasmus-1536x322.png 1536w, https:\/\/lopezdearenas.org\/inicio\/blog\/wp-content\/uploads\/2026\/03\/logo-erasmus-2048x429.png 2048w, https:\/\/lopezdearenas.org\/inicio\/blog\/wp-content\/uploads\/2026\/03\/logo-erasmus-500x105.png 500w\" sizes=\"auto, (max-width: 1024px) 100vw, 1024px\" \/><\/figure>\n\n\n\n<p><\/p>\n","protected":false},"excerpt":{"rendered":"<p>El Consorcio de Movilidad del que forma parte el I.E.S. L\u00d3PEZ DE ARENAS \u00a0tiene como finalidad ofrecer a estudiantes y reci\u00e9n titulados de Grado Medio y FP B\u00e1sica la oportunidad de vivir una experiencia Erasmus+ que complemente su formaci\u00f3n. El &hellip; <a href=\"https:\/\/lopezdearenas.org\/inicio\/blog\/erasmus-vet-grado-medio-y-fp-movilidades-17d\/\">Sigue leyendo <span class=\"meta-nav\">&rarr;<\/span><\/a><\/p>\n","protected":false},"author":82,"featured_media":0,"comment_status":"closed","ping_status":"open","sticky":false,"template":"","format":"standard","meta":{"_jetpack_memberships_contains_paid_content":false,"footnotes":"","jetpack_publicize_message":"","jetpack_publicize_feature_enabled":true,"jetpack_social_post_already_shared":true,"jetpack_social_options":{"image_generator_settings":{"template":"highway","default_image_id":0,"enabled":false},"version":2}},"categories":[5],"tags":[110,309,152,186,214,173,213],"class_list":["post-17757","post","type-post","status-publish","format-standard","hentry","category-novedades","tag-becas","tag-brigde-to-europe","tag-erasmus-2","tag-fp","tag-grado-medio","tag-movilidades","tag-vet"],"jetpack_publicize_connections":[],"jetpack_featured_media_url":"","jetpack_sharing_enabled":true,"_links":{"self":[{"href":"https:\/\/lopezdearenas.org\/inicio\/blog\/wp-json\/wp\/v2\/posts\/17757","targetHints":{"allow":["GET"]}}],"collection":[{"href":"https:\/\/lopezdearenas.org\/inicio\/blog\/wp-json\/wp\/v2\/posts"}],"about":[{"href":"https:\/\/lopezdearenas.org\/inicio\/blog\/wp-json\/wp\/v2\/types\/post"}],"author":[{"embeddable":true,"href":"https:\/\/lopezdearenas.org\/inicio\/blog\/wp-json\/wp\/v2\/users\/82"}],"replies":[{"embeddable":true,"href":"https:\/\/lopezdearenas.org\/inicio\/blog\/wp-json\/wp\/v2\/comments?post=17757"}],"version-history":[{"count":1,"href":"https:\/\/lopezdearenas.org\/inicio\/blog\/wp-json\/wp\/v2\/posts\/17757\/revisions"}],"predecessor-version":[{"id":17760,"href":"https:\/\/lopezdearenas.org\/inicio\/blog\/wp-json\/wp\/v2\/posts\/17757\/revisions\/17760"}],"wp:attachment":[{"href":"https:\/\/lopezdearenas.org\/inicio\/blog\/wp-json\/wp\/v2\/media?parent=17757"}],"wp:term":[{"taxonomy":"category","embeddable":true,"href":"https:\/\/lopezdearenas.org\/inicio\/blog\/wp-json\/wp\/v2\/categories?post=17757"},{"taxonomy":"post_tag","embeddable":true,"href":"https:\/\/lopezdearenas.org\/inicio\/blog\/wp-json\/wp\/v2\/tags?post=17757"}],"curies":[{"name":"wp","href":"https:\/\/api.w.org\/{rel}","templated":true}]}}