{"id":17745,"date":"2026-02-25T10:05:00","date_gmt":"2026-02-25T09:05:00","guid":{"rendered":"https:\/\/lopezdearenas.org\/inicio\/blog\/?p=17745"},"modified":"2026-03-11T10:28:16","modified_gmt":"2026-03-11T09:28:16","slug":"el-empoderamiento-a-traves-del-baile","status":"publish","type":"post","link":"https:\/\/lopezdearenas.org\/inicio\/blog\/el-empoderamiento-a-traves-del-baile\/","title":{"rendered":"El EMPODERAMIENTO A TRAV\u00c9S DEL BAILE"},"content":{"rendered":"\n<figure class=\"wp-block-image size-large\"><img loading=\"lazy\" decoding=\"async\" width=\"724\" height=\"1024\" src=\"https:\/\/lopezdearenas.org\/inicio\/blog\/wp-content\/uploads\/2026\/03\/Cartel-Festival-Flamenco-Baile-Mujer-Fotografico-Azul-Rojo-LOGOS-724x1024.png\" alt=\"\" class=\"wp-image-17746\" srcset=\"https:\/\/lopezdearenas.org\/inicio\/blog\/wp-content\/uploads\/2026\/03\/Cartel-Festival-Flamenco-Baile-Mujer-Fotografico-Azul-Rojo-LOGOS-724x1024.png 724w, https:\/\/lopezdearenas.org\/inicio\/blog\/wp-content\/uploads\/2026\/03\/Cartel-Festival-Flamenco-Baile-Mujer-Fotografico-Azul-Rojo-LOGOS-212x300.png 212w, https:\/\/lopezdearenas.org\/inicio\/blog\/wp-content\/uploads\/2026\/03\/Cartel-Festival-Flamenco-Baile-Mujer-Fotografico-Azul-Rojo-LOGOS-768x1086.png 768w, https:\/\/lopezdearenas.org\/inicio\/blog\/wp-content\/uploads\/2026\/03\/Cartel-Festival-Flamenco-Baile-Mujer-Fotografico-Azul-Rojo-LOGOS-1086x1536.png 1086w, https:\/\/lopezdearenas.org\/inicio\/blog\/wp-content\/uploads\/2026\/03\/Cartel-Festival-Flamenco-Baile-Mujer-Fotografico-Azul-Rojo-LOGOS.png 1414w\" sizes=\"auto, (max-width: 724px) 100vw, 724px\" \/><\/figure>\n\n\n\n<p class=\"has-text-align-left\">Con motivo del 8M&nbsp; D\u00eda Internacional de la Mujer unas de las actividades organizada en nuestro centro ha sido la conferencia \u201cEl empoderamiento a trav\u00e9s del baile\u201d por Miguel \u00c1ngel Talaver\u00f3n que llev\u00f3 al alumnado a un viaje por las ra\u00edces del flamenco, un arte nacido del encuentro entre culturas diversas: la tradici\u00f3n andaluza, la herencia \u00e1rabe, la presencia jud\u00eda, los esclavos y la profunda huella del pueblo gitano, explic\u00f3 c\u00f3mo este cruce de caminos dio lugar a un lenguaje propio, lleno de emoci\u00f3n, resistencia y memoria colectiva.<\/p>\n\n\n\n<p class=\"has-text-align-left\">A partir de este contexto, el bailar\u00edn destac\u00f3 el papel de la mujer en la historia del flamenco. Aunque durante siglos estuvo relegada a un segundo plano social, encontr\u00f3 en el baile un espacio para expresarse con fuerza, dignidad y libertad. Desde las primeras bailaoras que rompieron moldes hasta las artistas actuales que reivindican su voz, el flamenco ha sido una herramienta de empoderamiento femenino.<\/p>\n\n\n\n<p class=\"has-text-align-left\">La sesi\u00f3n combin\u00f3 historia, reflexi\u00f3n y movimiento. El alumnado pudo comprobar c\u00f3mo cada gesto y cada comp\u00e1s pueden convertirse en una forma de afirmaci\u00f3n personal. El mensaje final qued\u00f3 claro: conocer las ra\u00edces del flamenco ayuda a entender no solo un arte universal, sino tambi\u00e9n la capacidad del baile para transformar, liberar y dar poder a quienes lo practican.<\/p>\n\n\n\n<figure class=\"wp-block-gallery has-nested-images columns-default is-cropped wp-block-gallery-1 is-layout-flex wp-block-gallery-is-layout-flex\">\n<figure class=\"wp-block-image size-large\"><img loading=\"lazy\" decoding=\"async\" width=\"1024\" height=\"576\" data-id=\"17752\" src=\"https:\/\/lopezdearenas.org\/inicio\/blog\/wp-content\/uploads\/2026\/03\/001-2-1024x576.jpeg\" alt=\"\" class=\"wp-image-17752\" srcset=\"https:\/\/lopezdearenas.org\/inicio\/blog\/wp-content\/uploads\/2026\/03\/001-2-1024x576.jpeg 1024w, https:\/\/lopezdearenas.org\/inicio\/blog\/wp-content\/uploads\/2026\/03\/001-2-300x169.jpeg 300w, https:\/\/lopezdearenas.org\/inicio\/blog\/wp-content\/uploads\/2026\/03\/001-2-768x432.jpeg 768w, https:\/\/lopezdearenas.org\/inicio\/blog\/wp-content\/uploads\/2026\/03\/001-2-1536x864.jpeg 1536w, https:\/\/lopezdearenas.org\/inicio\/blog\/wp-content\/uploads\/2026\/03\/001-2-500x281.jpeg 500w, https:\/\/lopezdearenas.org\/inicio\/blog\/wp-content\/uploads\/2026\/03\/001-2.jpeg 1600w\" sizes=\"auto, (max-width: 1024px) 100vw, 1024px\" \/><\/figure>\n\n\n\n<figure class=\"wp-block-image size-large\"><img loading=\"lazy\" decoding=\"async\" width=\"1024\" height=\"768\" data-id=\"17753\" src=\"https:\/\/lopezdearenas.org\/inicio\/blog\/wp-content\/uploads\/2026\/03\/002-1-1024x768.jpeg\" alt=\"\" class=\"wp-image-17753\" srcset=\"https:\/\/lopezdearenas.org\/inicio\/blog\/wp-content\/uploads\/2026\/03\/002-1-1024x768.jpeg 1024w, https:\/\/lopezdearenas.org\/inicio\/blog\/wp-content\/uploads\/2026\/03\/002-1-300x225.jpeg 300w, https:\/\/lopezdearenas.org\/inicio\/blog\/wp-content\/uploads\/2026\/03\/002-1-768x576.jpeg 768w, https:\/\/lopezdearenas.org\/inicio\/blog\/wp-content\/uploads\/2026\/03\/002-1-1536x1152.jpeg 1536w, https:\/\/lopezdearenas.org\/inicio\/blog\/wp-content\/uploads\/2026\/03\/002-1-400x300.jpeg 400w, https:\/\/lopezdearenas.org\/inicio\/blog\/wp-content\/uploads\/2026\/03\/002-1.jpeg 1600w\" sizes=\"auto, (max-width: 1024px) 100vw, 1024px\" \/><\/figure>\n\n\n\n<figure class=\"wp-block-image size-large\"><img loading=\"lazy\" decoding=\"async\" width=\"1024\" height=\"768\" data-id=\"17755\" src=\"https:\/\/lopezdearenas.org\/inicio\/blog\/wp-content\/uploads\/2026\/03\/003-1-1024x768.jpeg\" alt=\"\" class=\"wp-image-17755\" srcset=\"https:\/\/lopezdearenas.org\/inicio\/blog\/wp-content\/uploads\/2026\/03\/003-1-1024x768.jpeg 1024w, https:\/\/lopezdearenas.org\/inicio\/blog\/wp-content\/uploads\/2026\/03\/003-1-300x225.jpeg 300w, https:\/\/lopezdearenas.org\/inicio\/blog\/wp-content\/uploads\/2026\/03\/003-1-768x576.jpeg 768w, https:\/\/lopezdearenas.org\/inicio\/blog\/wp-content\/uploads\/2026\/03\/003-1-1536x1152.jpeg 1536w, https:\/\/lopezdearenas.org\/inicio\/blog\/wp-content\/uploads\/2026\/03\/003-1-400x300.jpeg 400w, https:\/\/lopezdearenas.org\/inicio\/blog\/wp-content\/uploads\/2026\/03\/003-1.jpeg 1600w\" sizes=\"auto, (max-width: 1024px) 100vw, 1024px\" \/><\/figure>\n\n\n\n<figure class=\"wp-block-image size-large\"><img loading=\"lazy\" decoding=\"async\" width=\"1024\" height=\"768\" data-id=\"17754\" src=\"https:\/\/lopezdearenas.org\/inicio\/blog\/wp-content\/uploads\/2026\/03\/004-1-1024x768.jpeg\" alt=\"\" class=\"wp-image-17754\" srcset=\"https:\/\/lopezdearenas.org\/inicio\/blog\/wp-content\/uploads\/2026\/03\/004-1-1024x768.jpeg 1024w, https:\/\/lopezdearenas.org\/inicio\/blog\/wp-content\/uploads\/2026\/03\/004-1-300x225.jpeg 300w, https:\/\/lopezdearenas.org\/inicio\/blog\/wp-content\/uploads\/2026\/03\/004-1-768x576.jpeg 768w, https:\/\/lopezdearenas.org\/inicio\/blog\/wp-content\/uploads\/2026\/03\/004-1-1536x1152.jpeg 1536w, https:\/\/lopezdearenas.org\/inicio\/blog\/wp-content\/uploads\/2026\/03\/004-1-400x300.jpeg 400w, https:\/\/lopezdearenas.org\/inicio\/blog\/wp-content\/uploads\/2026\/03\/004-1.jpeg 1600w\" sizes=\"auto, (max-width: 1024px) 100vw, 1024px\" \/><\/figure>\n<\/figure>\n","protected":false},"excerpt":{"rendered":"<p>Con motivo del 8M&nbsp; D\u00eda Internacional de la Mujer unas de las actividades organizada en nuestro centro ha sido la conferencia \u201cEl empoderamiento a trav\u00e9s del baile\u201d por Miguel \u00c1ngel Talaver\u00f3n que llev\u00f3 al alumnado a un viaje por las &hellip; <a href=\"https:\/\/lopezdearenas.org\/inicio\/blog\/el-empoderamiento-a-traves-del-baile\/\">Sigue leyendo <span class=\"meta-nav\">&rarr;<\/span><\/a><\/p>\n","protected":false},"author":85,"featured_media":0,"comment_status":"closed","ping_status":"open","sticky":false,"template":"","format":"standard","meta":{"_jetpack_memberships_contains_paid_content":false,"footnotes":"","jetpack_publicize_message":"","jetpack_publicize_feature_enabled":true,"jetpack_social_post_already_shared":true,"jetpack_social_options":{"image_generator_settings":{"template":"highway","default_image_id":0,"enabled":false},"version":2}},"categories":[5],"tags":[305,8,308,306],"class_list":["post-17745","post","type-post","status-publish","format-standard","hentry","category-novedades","tag-8m","tag-alumnos","tag-baile","tag-dia-de-la-mujer"],"jetpack_publicize_connections":[],"jetpack_featured_media_url":"","jetpack_sharing_enabled":true,"_links":{"self":[{"href":"https:\/\/lopezdearenas.org\/inicio\/blog\/wp-json\/wp\/v2\/posts\/17745","targetHints":{"allow":["GET"]}}],"collection":[{"href":"https:\/\/lopezdearenas.org\/inicio\/blog\/wp-json\/wp\/v2\/posts"}],"about":[{"href":"https:\/\/lopezdearenas.org\/inicio\/blog\/wp-json\/wp\/v2\/types\/post"}],"author":[{"embeddable":true,"href":"https:\/\/lopezdearenas.org\/inicio\/blog\/wp-json\/wp\/v2\/users\/85"}],"replies":[{"embeddable":true,"href":"https:\/\/lopezdearenas.org\/inicio\/blog\/wp-json\/wp\/v2\/comments?post=17745"}],"version-history":[{"count":1,"href":"https:\/\/lopezdearenas.org\/inicio\/blog\/wp-json\/wp\/v2\/posts\/17745\/revisions"}],"predecessor-version":[{"id":17756,"href":"https:\/\/lopezdearenas.org\/inicio\/blog\/wp-json\/wp\/v2\/posts\/17745\/revisions\/17756"}],"wp:attachment":[{"href":"https:\/\/lopezdearenas.org\/inicio\/blog\/wp-json\/wp\/v2\/media?parent=17745"}],"wp:term":[{"taxonomy":"category","embeddable":true,"href":"https:\/\/lopezdearenas.org\/inicio\/blog\/wp-json\/wp\/v2\/categories?post=17745"},{"taxonomy":"post_tag","embeddable":true,"href":"https:\/\/lopezdearenas.org\/inicio\/blog\/wp-json\/wp\/v2\/tags?post=17745"}],"curies":[{"name":"wp","href":"https:\/\/api.w.org\/{rel}","templated":true}]}}