{"id":17730,"date":"2026-03-10T12:58:15","date_gmt":"2026-03-10T11:58:15","guid":{"rendered":"https:\/\/lopezdearenas.org\/inicio\/blog\/?p=17730"},"modified":"2026-03-10T13:00:35","modified_gmt":"2026-03-10T12:00:35","slug":"videollamada-de-coordinacion-para-nuestra-agrupacion-de-centros","status":"publish","type":"post","link":"https:\/\/lopezdearenas.org\/inicio\/blog\/videollamada-de-coordinacion-para-nuestra-agrupacion-de-centros\/","title":{"rendered":"Videollamada de coordinaci\u00f3n para nuestra Agrupaci\u00f3n de Centros"},"content":{"rendered":"\n<figure class=\"wp-block-image size-large\"><img loading=\"lazy\" decoding=\"async\" width=\"1024\" height=\"768\" src=\"https:\/\/lopezdearenas.org\/inicio\/blog\/wp-content\/uploads\/2026\/03\/WhatsApp-Image-2026-03-10-at-10.37.27-1024x768.jpeg\" alt=\"\" class=\"wp-image-17731\" srcset=\"https:\/\/lopezdearenas.org\/inicio\/blog\/wp-content\/uploads\/2026\/03\/WhatsApp-Image-2026-03-10-at-10.37.27-1024x768.jpeg 1024w, https:\/\/lopezdearenas.org\/inicio\/blog\/wp-content\/uploads\/2026\/03\/WhatsApp-Image-2026-03-10-at-10.37.27-300x225.jpeg 300w, https:\/\/lopezdearenas.org\/inicio\/blog\/wp-content\/uploads\/2026\/03\/WhatsApp-Image-2026-03-10-at-10.37.27-768x576.jpeg 768w, https:\/\/lopezdearenas.org\/inicio\/blog\/wp-content\/uploads\/2026\/03\/WhatsApp-Image-2026-03-10-at-10.37.27-1536x1152.jpeg 1536w, https:\/\/lopezdearenas.org\/inicio\/blog\/wp-content\/uploads\/2026\/03\/WhatsApp-Image-2026-03-10-at-10.37.27-400x300.jpeg 400w, https:\/\/lopezdearenas.org\/inicio\/blog\/wp-content\/uploads\/2026\/03\/WhatsApp-Image-2026-03-10-at-10.37.27.jpeg 2048w\" sizes=\"auto, (max-width: 1024px) 100vw, 1024px\" \/><\/figure>\n\n\n\n<p>La  Agrupaci\u00f3n de Centros sigue sumando etapas con \u00e9xito. Hoy hemos dado un paso fundamental para la organizaci\u00f3n de la pr\u00f3xima Semana de las Artes y las Humanidades, en la que tendremos el placer de recibir a los centros participantes en nuestro instituto, los d\u00edas 21, 22 y 23 de abril.<\/p>\n\n\n\n<p>Han participado tres alumnas de nuestro IES, resolviendo dudas t\u00e9cnicas y organizativas del Proyecto La Voz a ti Debida y explicando las din\u00e1micas y actividades que estamos preparando para la semana de convivencia.<\/p>\n\n\n\n<p>Esta reuni\u00f3n sirve de antesala para la recepci\u00f3n de los centros visitantes. Gracias a la claridad y el compromiso de nuestras alumnas, los equipos docentes colaboradores ya tienen una visi\u00f3n mucho m\u00e1s cercana de c\u00f3mo trabajamos la voz, la lectura y el compromiso social en el IES L\u00f3pez de Arenas.<\/p>\n\n\n\n<p>Es un orgullo ver c\u00f3mo nuestro alumnado asume roles de liderazgo y se convierte en embajador de nuestro proyecto educativo ante docentes y alumnado de otros puntos de la geograf\u00eda espa\u00f1ola, concretamente de Extremadura, Castilla la Mancha y las Islas Canarias.<\/p>\n\n\n\n<p>&#x1f517; <strong>Toda la informaci\u00f3n del proyecto en:<\/strong> <a target=\"_blank\" rel=\"noreferrer noopener\" href=\"https:\/\/sites.google.com\/lopezdearenas.net\/agrupaciones-de-centros-la-voz\/\">Web Agrupaciones de Centros &#8211; La Voz<\/a><\/p>\n\n\n\n<hr class=\"wp-block-separator has-alpha-channel-opacity\"\/>\n\n\n\n<p>Las Agrupaciones de Centros del Ministerio de Educaci\u00f3n y Formaci\u00f3n Profesional son un programa dise\u00f1ado para que centros p\u00fablicos de diferentes comunidades aut\u00f3nomas trabajen de forma conjunta. Aqu\u00ed te resumo sus claves:<\/p>\n\n\n\n<h2 class=\"wp-block-heading\"><strong>1. \u00bfQu\u00e9 son exactamente?<\/strong><\/h2>\n\n\n\n<p>Son redes de colaboraci\u00f3n entre centros educativos de distintos puntos de Espa\u00f1a que comparten un proyecto com\u00fan. En nuestro caso, el IES L\u00f3pez de Arenas lidera esta agrupaci\u00f3n centrada en el proyecto \u00abLa Voz a ti Debida\u00bb.<\/p>\n\n\n\n<h2 class=\"wp-block-heading\"><strong>2. \u00bfCu\u00e1l es su objetivo principal?<\/strong><\/h2>\n\n\n\n<p>El Ministerio busca que los centros no trabajen de forma aislada, sino que:<\/p>\n\n\n\n<ul class=\"wp-block-list\">\n<li><strong>Intercambien buenas pr\u00e1cticas<\/strong> docentes.<\/li>\n\n\n\n<li><strong>Promuevan la inclusi\u00f3n<\/strong> y la innovaci\u00f3n educativa.<\/li>\n\n\n\n<li><strong>Fomenten la convivencia<\/strong> entre alumnado de realidades geogr\u00e1ficas y culturales distintas.<\/li>\n<\/ul>\n\n\n\n<p><\/p>\n","protected":false},"excerpt":{"rendered":"<p>La Agrupaci\u00f3n de Centros sigue sumando etapas con \u00e9xito. Hoy hemos dado un paso fundamental para la organizaci\u00f3n de la pr\u00f3xima Semana de las Artes y las Humanidades, en la que tendremos el placer de recibir a los centros participantes &hellip; <a href=\"https:\/\/lopezdearenas.org\/inicio\/blog\/videollamada-de-coordinacion-para-nuestra-agrupacion-de-centros\/\">Sigue leyendo <span class=\"meta-nav\">&rarr;<\/span><\/a><\/p>\n","protected":false},"author":82,"featured_media":0,"comment_status":"closed","ping_status":"open","sticky":false,"template":"","format":"standard","meta":{"_jetpack_memberships_contains_paid_content":false,"footnotes":"","jetpack_publicize_message":"","jetpack_publicize_feature_enabled":true,"jetpack_social_post_already_shared":true,"jetpack_social_options":{"image_generator_settings":{"template":"highway","default_image_id":0,"enabled":false},"version":2}},"categories":[5],"tags":[171,174,166,301,167],"class_list":["post-17730","post","type-post","status-publish","format-standard","hentry","category-novedades","tag-agrupamientos-de-centros","tag-alumnado","tag-aps","tag-comunidad-educativa","tag-la-voz-a-ti-debida"],"jetpack_publicize_connections":[],"jetpack_featured_media_url":"","jetpack_sharing_enabled":true,"_links":{"self":[{"href":"https:\/\/lopezdearenas.org\/inicio\/blog\/wp-json\/wp\/v2\/posts\/17730","targetHints":{"allow":["GET"]}}],"collection":[{"href":"https:\/\/lopezdearenas.org\/inicio\/blog\/wp-json\/wp\/v2\/posts"}],"about":[{"href":"https:\/\/lopezdearenas.org\/inicio\/blog\/wp-json\/wp\/v2\/types\/post"}],"author":[{"embeddable":true,"href":"https:\/\/lopezdearenas.org\/inicio\/blog\/wp-json\/wp\/v2\/users\/82"}],"replies":[{"embeddable":true,"href":"https:\/\/lopezdearenas.org\/inicio\/blog\/wp-json\/wp\/v2\/comments?post=17730"}],"version-history":[{"count":1,"href":"https:\/\/lopezdearenas.org\/inicio\/blog\/wp-json\/wp\/v2\/posts\/17730\/revisions"}],"predecessor-version":[{"id":17732,"href":"https:\/\/lopezdearenas.org\/inicio\/blog\/wp-json\/wp\/v2\/posts\/17730\/revisions\/17732"}],"wp:attachment":[{"href":"https:\/\/lopezdearenas.org\/inicio\/blog\/wp-json\/wp\/v2\/media?parent=17730"}],"wp:term":[{"taxonomy":"category","embeddable":true,"href":"https:\/\/lopezdearenas.org\/inicio\/blog\/wp-json\/wp\/v2\/categories?post=17730"},{"taxonomy":"post_tag","embeddable":true,"href":"https:\/\/lopezdearenas.org\/inicio\/blog\/wp-json\/wp\/v2\/tags?post=17730"}],"curies":[{"name":"wp","href":"https:\/\/api.w.org\/{rel}","templated":true}]}}