{"id":17708,"date":"2026-02-23T19:10:37","date_gmt":"2026-02-23T18:10:37","guid":{"rendered":"https:\/\/lopezdearenas.org\/inicio\/blog\/?p=17708"},"modified":"2026-02-23T19:11:05","modified_gmt":"2026-02-23T18:11:05","slug":"encuentro-de-coordinacion-los-equipos-docentes-de-las-agrupaciones-de-centros-llegan-al-iesla","status":"publish","type":"post","link":"https:\/\/lopezdearenas.org\/inicio\/blog\/encuentro-de-coordinacion-los-equipos-docentes-de-las-agrupaciones-de-centros-llegan-al-iesla\/","title":{"rendered":"Encuentro de Coordinaci\u00f3n: Los equipos docentes de las Agrupaciones de Centros llegan al IESLA"},"content":{"rendered":"\n<figure class=\"wp-block-image size-large\"><img loading=\"lazy\" decoding=\"async\" width=\"1024\" height=\"768\" src=\"https:\/\/lopezdearenas.org\/inicio\/blog\/wp-content\/uploads\/2026\/02\/WhatsApp-Image-2026-02-23-at-14.33.04-1024x768.jpeg\" alt=\"\" class=\"wp-image-17711\" srcset=\"https:\/\/lopezdearenas.org\/inicio\/blog\/wp-content\/uploads\/2026\/02\/WhatsApp-Image-2026-02-23-at-14.33.04-1024x768.jpeg 1024w, https:\/\/lopezdearenas.org\/inicio\/blog\/wp-content\/uploads\/2026\/02\/WhatsApp-Image-2026-02-23-at-14.33.04-300x225.jpeg 300w, https:\/\/lopezdearenas.org\/inicio\/blog\/wp-content\/uploads\/2026\/02\/WhatsApp-Image-2026-02-23-at-14.33.04-768x576.jpeg 768w, https:\/\/lopezdearenas.org\/inicio\/blog\/wp-content\/uploads\/2026\/02\/WhatsApp-Image-2026-02-23-at-14.33.04-1536x1152.jpeg 1536w, https:\/\/lopezdearenas.org\/inicio\/blog\/wp-content\/uploads\/2026\/02\/WhatsApp-Image-2026-02-23-at-14.33.04-400x300.jpeg 400w, https:\/\/lopezdearenas.org\/inicio\/blog\/wp-content\/uploads\/2026\/02\/WhatsApp-Image-2026-02-23-at-14.33.04.jpeg 1600w\" sizes=\"auto, (max-width: 1024px) 100vw, 1024px\" \/><\/figure>\n\n\n\n<p>Hoy hemos vivido una jornada clave para el futuro de nuestro proyecto de <strong>Agrupaciones de Centros<\/strong>. El IES L\u00f3pez de Arenas ha abierto sus puertas para recibir a los <strong>profesores y profesoras<\/strong> de los distintos institutos que coordinamos durante estos dos cursos, marcando el inicio de una semana de trabajo colaborativo presencial.<\/p>\n\n\n\n<p>La jornada ha comenzado con una inmersi\u00f3n en la identidad de nuestro centro. Los docentes visitantes han podido conocer en profundidad el proyecto <strong>\u00abLa Voz a ti Debida\u00bb<\/strong>. Les hemos compartido c\u00f3mo vertebrarnos nuestra pr\u00e1ctica educativa en torno a la palabra, la empat\u00eda y el compromiso social, sentando las bases de las metodolog\u00edas que queremos exportar y compartir con sus centros de origen.<\/p>\n\n\n\n<p>Uno de los momentos m\u00e1s interesante del d\u00eda ha sido el taller formativo impartido por <strong>Antonio Rodr\u00edguez<\/strong>, presidente de la <strong>Asociaci\u00f3n \u00abPorque leer es un derecho\u00bb<\/strong>.<\/p>\n\n\n\n<figure class=\"wp-block-image size-large\"><img loading=\"lazy\" decoding=\"async\" width=\"1024\" height=\"768\" src=\"https:\/\/lopezdearenas.org\/inicio\/blog\/wp-content\/uploads\/2026\/02\/WhatsApp-Image-2026-02-23-at-18.02.49-1024x768.jpeg\" alt=\"\" class=\"wp-image-17709\" srcset=\"https:\/\/lopezdearenas.org\/inicio\/blog\/wp-content\/uploads\/2026\/02\/WhatsApp-Image-2026-02-23-at-18.02.49-1024x768.jpeg 1024w, https:\/\/lopezdearenas.org\/inicio\/blog\/wp-content\/uploads\/2026\/02\/WhatsApp-Image-2026-02-23-at-18.02.49-300x225.jpeg 300w, https:\/\/lopezdearenas.org\/inicio\/blog\/wp-content\/uploads\/2026\/02\/WhatsApp-Image-2026-02-23-at-18.02.49-768x576.jpeg 768w, https:\/\/lopezdearenas.org\/inicio\/blog\/wp-content\/uploads\/2026\/02\/WhatsApp-Image-2026-02-23-at-18.02.49-1536x1152.jpeg 1536w, https:\/\/lopezdearenas.org\/inicio\/blog\/wp-content\/uploads\/2026\/02\/WhatsApp-Image-2026-02-23-at-18.02.49-400x300.jpeg 400w, https:\/\/lopezdearenas.org\/inicio\/blog\/wp-content\/uploads\/2026\/02\/WhatsApp-Image-2026-02-23-at-18.02.49.jpeg 2048w\" sizes=\"auto, (max-width: 1024px) 100vw, 1024px\" \/><\/figure>\n\n\n\n<p>Como creador de la metodolog\u00eda de las <strong><a href=\"https:\/\/personaslibro.es\/\">Personas-Libro<\/a><\/strong>, Antonio ha trabajado con los equipos docentes en la importancia del v\u00ednculo y de la mirada que respira, as\u00ed como de las importancia de las palabras de chocolate fundido. Esta formaci\u00f3n es fundamental, ya que estos profesores ser\u00e1n los encargados de trasladar esta experiencia a sus respectivos alumnos y alumnas, convirtiendo sus centros en bibliotecas vivas donde la lectura se convierte en un acto de entrega generosa. &#x1f449; <strong><a href=\"https:\/\/porqueleeresunderecho.es\/\" target=\"_blank\" rel=\"noreferrer noopener\">Conoce m\u00e1s sobre la asociaci\u00f3n aqu\u00ed<\/a><\/strong><\/p>\n\n\n\n<p>Este encuentro de docentes es el motor que impulsa nuestra agrupaci\u00f3n. Durante estos d\u00edas, trabajaremos en la planificaci\u00f3n de las pr\u00f3ximas movilidades y en el desarrollo de los materiales que podr\u00e9is ir consultando en nuestra web oficial: &#x1f517; <strong><a target=\"_blank\" rel=\"noreferrer noopener\" href=\"https:\/\/sites.google.com\/lopezdearenas.net\/agrupaciones-de-centros-la-voz\/\">Web Agrupaciones de Centros &#8211; La Voz<\/a><\/strong><\/p>\n\n\n\n<figure class=\"wp-block-image size-large\"><img loading=\"lazy\" decoding=\"async\" width=\"1024\" height=\"768\" src=\"https:\/\/lopezdearenas.org\/inicio\/blog\/wp-content\/uploads\/2026\/02\/WhatsApp-Image-2026-02-23-at-18.02.48-1024x768.jpeg\" alt=\"\" class=\"wp-image-17710\" srcset=\"https:\/\/lopezdearenas.org\/inicio\/blog\/wp-content\/uploads\/2026\/02\/WhatsApp-Image-2026-02-23-at-18.02.48-1024x768.jpeg 1024w, https:\/\/lopezdearenas.org\/inicio\/blog\/wp-content\/uploads\/2026\/02\/WhatsApp-Image-2026-02-23-at-18.02.48-300x225.jpeg 300w, https:\/\/lopezdearenas.org\/inicio\/blog\/wp-content\/uploads\/2026\/02\/WhatsApp-Image-2026-02-23-at-18.02.48-768x576.jpeg 768w, https:\/\/lopezdearenas.org\/inicio\/blog\/wp-content\/uploads\/2026\/02\/WhatsApp-Image-2026-02-23-at-18.02.48-1536x1152.jpeg 1536w, https:\/\/lopezdearenas.org\/inicio\/blog\/wp-content\/uploads\/2026\/02\/WhatsApp-Image-2026-02-23-at-18.02.48-400x300.jpeg 400w, https:\/\/lopezdearenas.org\/inicio\/blog\/wp-content\/uploads\/2026\/02\/WhatsApp-Image-2026-02-23-at-18.02.48.jpeg 2048w\" sizes=\"auto, (max-width: 1024px) 100vw, 1024px\" \/><\/figure>\n\n\n\n<p>Damos una calurosa bienvenida a nuestros compa\u00f1eros y compa\u00f1eras. Estamos convencidos de que este intercambio de experiencias entre docentes es la mejor garant\u00eda de \u00e9xito para el proyecto.<\/p>\n\n\n\n<p><\/p>\n","protected":false},"excerpt":{"rendered":"<p>Hoy hemos vivido una jornada clave para el futuro de nuestro proyecto de Agrupaciones de Centros. El IES L\u00f3pez de Arenas ha abierto sus puertas para recibir a los profesores y profesoras de los distintos institutos que coordinamos durante estos &hellip; <a href=\"https:\/\/lopezdearenas.org\/inicio\/blog\/encuentro-de-coordinacion-los-equipos-docentes-de-las-agrupaciones-de-centros-llegan-al-iesla\/\">Sigue leyendo <span class=\"meta-nav\">&rarr;<\/span><\/a><\/p>\n","protected":false},"author":82,"featured_media":0,"comment_status":"closed","ping_status":"open","sticky":false,"template":"","format":"standard","meta":{"_jetpack_memberships_contains_paid_content":false,"footnotes":"","jetpack_publicize_message":"","jetpack_publicize_feature_enabled":true,"jetpack_social_post_already_shared":true,"jetpack_social_options":{"image_generator_settings":{"template":"highway","default_image_id":0,"enabled":false},"version":2}},"categories":[5],"tags":[171,167,173],"class_list":["post-17708","post","type-post","status-publish","format-standard","hentry","category-novedades","tag-agrupamientos-de-centros","tag-la-voz-a-ti-debida","tag-movilidades"],"jetpack_publicize_connections":[],"jetpack_featured_media_url":"","jetpack_sharing_enabled":true,"_links":{"self":[{"href":"https:\/\/lopezdearenas.org\/inicio\/blog\/wp-json\/wp\/v2\/posts\/17708","targetHints":{"allow":["GET"]}}],"collection":[{"href":"https:\/\/lopezdearenas.org\/inicio\/blog\/wp-json\/wp\/v2\/posts"}],"about":[{"href":"https:\/\/lopezdearenas.org\/inicio\/blog\/wp-json\/wp\/v2\/types\/post"}],"author":[{"embeddable":true,"href":"https:\/\/lopezdearenas.org\/inicio\/blog\/wp-json\/wp\/v2\/users\/82"}],"replies":[{"embeddable":true,"href":"https:\/\/lopezdearenas.org\/inicio\/blog\/wp-json\/wp\/v2\/comments?post=17708"}],"version-history":[{"count":1,"href":"https:\/\/lopezdearenas.org\/inicio\/blog\/wp-json\/wp\/v2\/posts\/17708\/revisions"}],"predecessor-version":[{"id":17712,"href":"https:\/\/lopezdearenas.org\/inicio\/blog\/wp-json\/wp\/v2\/posts\/17708\/revisions\/17712"}],"wp:attachment":[{"href":"https:\/\/lopezdearenas.org\/inicio\/blog\/wp-json\/wp\/v2\/media?parent=17708"}],"wp:term":[{"taxonomy":"category","embeddable":true,"href":"https:\/\/lopezdearenas.org\/inicio\/blog\/wp-json\/wp\/v2\/categories?post=17708"},{"taxonomy":"post_tag","embeddable":true,"href":"https:\/\/lopezdearenas.org\/inicio\/blog\/wp-json\/wp\/v2\/tags?post=17708"}],"curies":[{"name":"wp","href":"https:\/\/api.w.org\/{rel}","templated":true}]}}