{"id":17680,"date":"2026-02-16T09:13:12","date_gmt":"2026-02-16T08:13:12","guid":{"rendered":"https:\/\/lopezdearenas.org\/inicio\/blog\/?p=17680"},"modified":"2026-02-19T11:21:29","modified_gmt":"2026-02-19T10:21:29","slug":"arranca-la-xii-semana-de-la-ciencia-en-el-ies-lopez-de-arenas","status":"publish","type":"post","link":"https:\/\/lopezdearenas.org\/inicio\/blog\/arranca-la-xii-semana-de-la-ciencia-en-el-ies-lopez-de-arenas\/","title":{"rendered":"Arranca la XII Semana de la Ciencia en el IES L\u00f3pez de Arenas"},"content":{"rendered":"\n<figure class=\"wp-block-image size-large\"><img loading=\"lazy\" decoding=\"async\" width=\"768\" height=\"1024\" src=\"https:\/\/lopezdearenas.org\/inicio\/blog\/wp-content\/uploads\/2026\/02\/CARTEL-768x1024.jpeg\" alt=\"\" class=\"wp-image-17681\" srcset=\"https:\/\/lopezdearenas.org\/inicio\/blog\/wp-content\/uploads\/2026\/02\/CARTEL-768x1024.jpeg 768w, https:\/\/lopezdearenas.org\/inicio\/blog\/wp-content\/uploads\/2026\/02\/CARTEL-225x300.jpeg 225w, https:\/\/lopezdearenas.org\/inicio\/blog\/wp-content\/uploads\/2026\/02\/CARTEL-1152x1536.jpeg 1152w, https:\/\/lopezdearenas.org\/inicio\/blog\/wp-content\/uploads\/2026\/02\/CARTEL.jpeg 1536w\" sizes=\"auto, (max-width: 768px) 100vw, 768px\" \/><\/figure>\n\n\n\n<p>Desde hoy, nuestro centro se transforma en un gran laboratorio de aprendizaje con la celebraci\u00f3n de la XII Semana de la Ciencia. Durante los pr\u00f3ximos d\u00edas, los pasillos y aulas del instituto bullen con experimentos, demostraciones y un ambiente de descubrimiento constante.<\/p>\n\n\n\n<p>Esta edici\u00f3n es especialmente significativa por su car\u00e1cter abierto y colaborativo, ya que no solo participa nuestro alumnado, sino que tambi\u00e9n abrimos nuestras puertas a la comunidad educativa de Marchena.<\/p>\n\n\n\n<figure class=\"wp-block-image size-large\"><img loading=\"lazy\" decoding=\"async\" width=\"1024\" height=\"377\" src=\"https:\/\/lopezdearenas.org\/inicio\/blog\/wp-content\/uploads\/2026\/02\/WhatsApp-Image-2026-02-16-at-16.12.10-1-1024x377.jpeg\" alt=\"\" class=\"wp-image-17682\" srcset=\"https:\/\/lopezdearenas.org\/inicio\/blog\/wp-content\/uploads\/2026\/02\/WhatsApp-Image-2026-02-16-at-16.12.10-1-1024x377.jpeg 1024w, https:\/\/lopezdearenas.org\/inicio\/blog\/wp-content\/uploads\/2026\/02\/WhatsApp-Image-2026-02-16-at-16.12.10-1-300x110.jpeg 300w, https:\/\/lopezdearenas.org\/inicio\/blog\/wp-content\/uploads\/2026\/02\/WhatsApp-Image-2026-02-16-at-16.12.10-1-768x283.jpeg 768w, https:\/\/lopezdearenas.org\/inicio\/blog\/wp-content\/uploads\/2026\/02\/WhatsApp-Image-2026-02-16-at-16.12.10-1-1536x565.jpeg 1536w, https:\/\/lopezdearenas.org\/inicio\/blog\/wp-content\/uploads\/2026\/02\/WhatsApp-Image-2026-02-16-at-16.12.10-1-500x184.jpeg 500w, https:\/\/lopezdearenas.org\/inicio\/blog\/wp-content\/uploads\/2026\/02\/WhatsApp-Image-2026-02-16-at-16.12.10-1.jpeg 1600w\" sizes=\"auto, (max-width: 1024px) 100vw, 1024px\" \/><\/figure>\n\n\n\n<p>A lo largo de toda la semana se van a ir desarrollando diferentes actividades, desarrolladas por los diferentes Departamentos que constituyen el \u00c1rea Cient\u00edfico-Tecnol\u00f3gica. Se ha procurado tener una gran variedad de propuestas, entre las que podemos destacar, Escape Room, Talleres de Rob\u00f3tica e Impresi\u00f3n 3D y de \u201cHuella ecol\u00f3gica\u201d, todos en ingl\u00e9s para alumnado de 1\u00ba a 4\u00ba E.S.O. Tambi\u00e9n se han programado Actividades extraescolares, como la salida de alumnado de 1\u00ba de E.S.O. a la laguna de La Lantejuela para anillamiento de aves o la visita al Parque de la Ciencia de Granada para 3\u00ba E.S.O.<br>A lo que hay que unir, el tradicional Concurso de proyectos cient\u00edficos, este a\u00f1o dedicado a la segunda mitad del S. XIX, donde se pueden ver trabajos sobre la energ\u00eda, el electromagnetismo, como es el caso de la primera bombilla de incandescencia de T. A. Edison, o la bobina Tesla y su uso para el estudio del plasma.<br>Finalmente, comentar que se clausurar\u00e1 la semana con la conferencia a cargo del Profesor Dr. D. Jos\u00e9 Antonio Prado-Bassas de la Facultad de Matem\u00e1ticas de la Universidad de Sevilla.<\/p>\n\n\n\n<p>Contamos con un horario de pases organizado para que todos los niveles puedan disfrutar de la muestra, destacando la visita de diversos centros de la localidad:<\/p>\n\n\n\n<ul class=\"wp-block-list\">\n<li>Visitas de Primaria: Recibiremos con ilusi\u00f3n a los alumnos y alumnas de los CEIP Maestra \u00c1ngeles Cuesta, Ntro. Padre Jes\u00fas, Santa Isabel y Padre Marchena. Nuestros estudiantes har\u00e1n de gu\u00edas y divulgadores para los m\u00e1s peque\u00f1os.<\/li>\n\n\n\n<li>Participaci\u00f3n Interna: Desde 1\u00ba de ESO hasta 2\u00ba de Bachillerato, incluyendo Ciclos Formativos y el Aula Espec\u00edfica, todos los grupos tienen asignados turnos para experimentar de primera mano los proyectos preparados.<\/li>\n\n\n\n<li>Diversidad de \u00e1reas: Aunque la ciencia es la protagonista, el enfoque es interdisciplinar, involucrando departamentos desde Biolog\u00eda y F\u00edsica y Qu\u00edmica hasta Tecnolog\u00eda, Matem\u00e1ticas y Econom\u00eda.<\/li>\n<\/ul>\n\n\n\n<p>Las actividades se desarrollan en diferentes espacios, aprovechando los recursos tecnol\u00f3gicos del centro para mostrar que la ciencia es divertida, \u00fatil y, sobre todo, necesaria para entender el mundo que nos rodea.<\/p>\n\n\n\n<p>La muestra se extender\u00e1 hasta el <strong>viernes 20 de febrero<\/strong>, d\u00eda en el que celebraremos la clausura tras una semana intensa de divulgaci\u00f3n.<\/p>\n\n\n\n<blockquote class=\"wp-block-quote is-layout-flow wp-block-quote-is-layout-flow\">\n<p><\/p>\n<\/blockquote>\n\n\n\n<p><\/p>\n","protected":false},"excerpt":{"rendered":"<p>Desde hoy, nuestro centro se transforma en un gran laboratorio de aprendizaje con la celebraci\u00f3n de la XII Semana de la Ciencia. Durante los pr\u00f3ximos d\u00edas, los pasillos y aulas del instituto bullen con experimentos, demostraciones y un ambiente de &hellip; <a href=\"https:\/\/lopezdearenas.org\/inicio\/blog\/arranca-la-xii-semana-de-la-ciencia-en-el-ies-lopez-de-arenas\/\">Sigue leyendo <span class=\"meta-nav\">&rarr;<\/span><\/a><\/p>\n","protected":false},"author":82,"featured_media":0,"comment_status":"closed","ping_status":"open","sticky":false,"template":"","format":"standard","meta":{"_jetpack_memberships_contains_paid_content":false,"footnotes":"","jetpack_publicize_message":"","jetpack_publicize_feature_enabled":true,"jetpack_social_post_already_shared":true,"jetpack_social_options":{"image_generator_settings":{"template":"highway","default_image_id":0,"enabled":false},"version":2}},"categories":[5],"tags":[301,77],"class_list":["post-17680","post","type-post","status-publish","format-standard","hentry","category-novedades","tag-comunidad-educativa","tag-i-semana-de-la-ciencia"],"jetpack_publicize_connections":[],"jetpack_featured_media_url":"","jetpack_sharing_enabled":true,"_links":{"self":[{"href":"https:\/\/lopezdearenas.org\/inicio\/blog\/wp-json\/wp\/v2\/posts\/17680","targetHints":{"allow":["GET"]}}],"collection":[{"href":"https:\/\/lopezdearenas.org\/inicio\/blog\/wp-json\/wp\/v2\/posts"}],"about":[{"href":"https:\/\/lopezdearenas.org\/inicio\/blog\/wp-json\/wp\/v2\/types\/post"}],"author":[{"embeddable":true,"href":"https:\/\/lopezdearenas.org\/inicio\/blog\/wp-json\/wp\/v2\/users\/82"}],"replies":[{"embeddable":true,"href":"https:\/\/lopezdearenas.org\/inicio\/blog\/wp-json\/wp\/v2\/comments?post=17680"}],"version-history":[{"count":3,"href":"https:\/\/lopezdearenas.org\/inicio\/blog\/wp-json\/wp\/v2\/posts\/17680\/revisions"}],"predecessor-version":[{"id":17685,"href":"https:\/\/lopezdearenas.org\/inicio\/blog\/wp-json\/wp\/v2\/posts\/17680\/revisions\/17685"}],"wp:attachment":[{"href":"https:\/\/lopezdearenas.org\/inicio\/blog\/wp-json\/wp\/v2\/media?parent=17680"}],"wp:term":[{"taxonomy":"category","embeddable":true,"href":"https:\/\/lopezdearenas.org\/inicio\/blog\/wp-json\/wp\/v2\/categories?post=17680"},{"taxonomy":"post_tag","embeddable":true,"href":"https:\/\/lopezdearenas.org\/inicio\/blog\/wp-json\/wp\/v2\/tags?post=17680"}],"curies":[{"name":"wp","href":"https:\/\/api.w.org\/{rel}","templated":true}]}}