{"id":17598,"date":"2026-01-05T19:26:18","date_gmt":"2026-01-05T18:26:18","guid":{"rendered":"https:\/\/lopezdearenas.org\/inicio\/blog\/?p=17598"},"modified":"2026-01-05T19:31:47","modified_gmt":"2026-01-05T18:31:47","slug":"nueva-web-para-nuestro-proyecto-de-agrupaciones-de-centros","status":"publish","type":"post","link":"https:\/\/lopezdearenas.org\/inicio\/blog\/nueva-web-para-nuestro-proyecto-de-agrupaciones-de-centros\/","title":{"rendered":"NUEVA WEB PARA NUESTRO PROYECTO DE AGRUPACIONES DE CENTROS"},"content":{"rendered":"\n<p>En el IES L\u00f3pez de Arenas estamos de enhorabuena. Como ya sab\u00e9is, nuestro centro coordina durante estos dos cursos un ambicioso proyecto nacional de Agrupaciones de Centros Educativos, y hoy queremos dar un paso m\u00e1s en nuestra comunicaci\u00f3n compartiendo con vosotros nuestra nueva plataforma digital.<\/p>\n\n\n\n<p>Pod\u00e9is visitar la web en el siguiente enlace:  <strong><a href=\"https:\/\/sites.google.com\/lopezdearenas.net\/agrupaciones-de-centros-la-voz\/\" target=\"_blank\" rel=\"noreferrer noopener\">Web Agrupaciones de Centros &#8211; La Voz a ti Debida<\/a><\/strong> (La p\u00e1gina se encuentra actualmente <strong>en construcci\u00f3n<\/strong>, por lo que iremos ampliando contenidos y secciones de forma progresiva).<\/p>\n\n\n\n<figure class=\"wp-block-image size-large\"><img loading=\"lazy\" decoding=\"async\" width=\"1024\" height=\"469\" src=\"https:\/\/lopezdearenas.org\/inicio\/blog\/wp-content\/uploads\/2026\/01\/cabecera-agrupaciones-1024x469.png\" alt=\"\" class=\"wp-image-17600\" srcset=\"https:\/\/lopezdearenas.org\/inicio\/blog\/wp-content\/uploads\/2026\/01\/cabecera-agrupaciones-1024x469.png 1024w, https:\/\/lopezdearenas.org\/inicio\/blog\/wp-content\/uploads\/2026\/01\/cabecera-agrupaciones-300x138.png 300w, https:\/\/lopezdearenas.org\/inicio\/blog\/wp-content\/uploads\/2026\/01\/cabecera-agrupaciones-768x352.png 768w, https:\/\/lopezdearenas.org\/inicio\/blog\/wp-content\/uploads\/2026\/01\/cabecera-agrupaciones-1536x704.png 1536w, https:\/\/lopezdearenas.org\/inicio\/blog\/wp-content\/uploads\/2026\/01\/cabecera-agrupaciones-500x229.png 500w, https:\/\/lopezdearenas.org\/inicio\/blog\/wp-content\/uploads\/2026\/01\/cabecera-agrupaciones.png 1891w\" sizes=\"auto, (max-width: 1024px) 100vw, 1024px\" \/><\/figure>\n\n\n\n<p>Este proyecto nace de la <strong>Resoluci\u00f3n de la Secretar\u00eda de Estado de Educaci\u00f3n<\/strong>, por la que se conceden ayudas destinadas a promover agrupaciones de centros educativos (Convocatoria 2025). El IES L\u00f3pez de Arenas ha sido seleccionado para coordinar esta red de colaboraci\u00f3n entre distintos institutos de la geograf\u00eda espa\u00f1ola, lo que supone un respaldo institucional muy importante a nuestra labor pedag\u00f3gica y social.<\/p>\n\n\n\n<p>Un proyecto de esta envergadura, que busca tender puentes y fomentar la participaci\u00f3n ciudadana, no tiene sentido sin vosotros. Para el desarrollo de las actividades previstas para este curso, <strong>necesitamos la colaboraci\u00f3n de 30 familias<\/strong> de nuestro centro que quieran implicarse y formar parte activa de esta aventura educativa.<\/p>\n\n\n\n<p>Participar en una Agrupaci\u00f3n de Centros es una oportunidad \u00fanica para:<\/p>\n\n\n\n<ul class=\"wp-block-list\">\n<li>Conocer de cerca proyectos de innovaci\u00f3n educativa.<\/li>\n\n\n\n<li>Colaborar con familias de otros puntos de Espa\u00f1a.<\/li>\n\n\n\n<li>Enriquecer la experiencia escolar de vuestros hijos e hijas.<\/li>\n<\/ul>\n\n\n\n<p><strong>\u00bfOs anim\u00e1is a participar?<\/strong> Si est\u00e1is interesados o quer\u00e9is m\u00e1s informaci\u00f3n sobre c\u00f3mo pod\u00e9is colaborar, no dud\u00e9is en poneros en contacto con nosotros a trav\u00e9s de los canales habituales del centro o permaneced atentos a las pr\u00f3ximas reuniones que convocaremos.<\/p>\n\n\n\n<p><strong>\u00a1Gracias por ayudarnos a que La Voz a ti Debida llegue cada vez m\u00e1s lejos!<\/strong><\/p>\n\n\n\n<p><\/p>\n","protected":false},"excerpt":{"rendered":"<p>En el IES L\u00f3pez de Arenas estamos de enhorabuena. Como ya sab\u00e9is, nuestro centro coordina durante estos dos cursos un ambicioso proyecto nacional de Agrupaciones de Centros Educativos, y hoy queremos dar un paso m\u00e1s en nuestra comunicaci\u00f3n compartiendo con &hellip; <a href=\"https:\/\/lopezdearenas.org\/inicio\/blog\/nueva-web-para-nuestro-proyecto-de-agrupaciones-de-centros\/\">Sigue leyendo <span class=\"meta-nav\">&rarr;<\/span><\/a><\/p>\n","protected":false},"author":82,"featured_media":0,"comment_status":"closed","ping_status":"open","sticky":false,"template":"","format":"standard","meta":{"_jetpack_memberships_contains_paid_content":false,"footnotes":"","jetpack_publicize_message":"","jetpack_publicize_feature_enabled":true,"jetpack_social_post_already_shared":true,"jetpack_social_options":{"image_generator_settings":{"template":"highway","default_image_id":0,"enabled":false},"version":2}},"categories":[5],"tags":[171,166,175,167,172,198],"class_list":["post-17598","post","type-post","status-publish","format-standard","hentry","category-novedades","tag-agrupamientos-de-centros","tag-aps","tag-fomento-de-la-lectura","tag-la-voz-a-ti-debida","tag-ministerio-de-educacion","tag-tratamiento-de-la-lectura"],"jetpack_publicize_connections":[],"jetpack_featured_media_url":"","jetpack_sharing_enabled":true,"_links":{"self":[{"href":"https:\/\/lopezdearenas.org\/inicio\/blog\/wp-json\/wp\/v2\/posts\/17598","targetHints":{"allow":["GET"]}}],"collection":[{"href":"https:\/\/lopezdearenas.org\/inicio\/blog\/wp-json\/wp\/v2\/posts"}],"about":[{"href":"https:\/\/lopezdearenas.org\/inicio\/blog\/wp-json\/wp\/v2\/types\/post"}],"author":[{"embeddable":true,"href":"https:\/\/lopezdearenas.org\/inicio\/blog\/wp-json\/wp\/v2\/users\/82"}],"replies":[{"embeddable":true,"href":"https:\/\/lopezdearenas.org\/inicio\/blog\/wp-json\/wp\/v2\/comments?post=17598"}],"version-history":[{"count":2,"href":"https:\/\/lopezdearenas.org\/inicio\/blog\/wp-json\/wp\/v2\/posts\/17598\/revisions"}],"predecessor-version":[{"id":17602,"href":"https:\/\/lopezdearenas.org\/inicio\/blog\/wp-json\/wp\/v2\/posts\/17598\/revisions\/17602"}],"wp:attachment":[{"href":"https:\/\/lopezdearenas.org\/inicio\/blog\/wp-json\/wp\/v2\/media?parent=17598"}],"wp:term":[{"taxonomy":"category","embeddable":true,"href":"https:\/\/lopezdearenas.org\/inicio\/blog\/wp-json\/wp\/v2\/categories?post=17598"},{"taxonomy":"post_tag","embeddable":true,"href":"https:\/\/lopezdearenas.org\/inicio\/blog\/wp-json\/wp\/v2\/tags?post=17598"}],"curies":[{"name":"wp","href":"https:\/\/api.w.org\/{rel}","templated":true}]}}