{"id":17577,"date":"2025-12-19T17:26:11","date_gmt":"2025-12-19T16:26:11","guid":{"rendered":"https:\/\/lopezdearenas.org\/inicio\/blog\/?p=17577"},"modified":"2025-12-19T17:26:50","modified_gmt":"2025-12-19T16:26:50","slug":"una-pincelada-del-intercambio-erasmus-con-francia","status":"publish","type":"post","link":"https:\/\/lopezdearenas.org\/inicio\/blog\/una-pincelada-del-intercambio-erasmus-con-francia\/","title":{"rendered":"UNA PINCELADA DEL INTERCAMBIO ERASMUS+ CON FRANCIA"},"content":{"rendered":"\n<p><em>Hemos pedido que nos dieran una peque\u00f1a pincelada del intercambio alguno de los participantes del intercambio actual con Francia. y este ha sido el resultado.<\/em><\/p>\n\n\n\n<p><em>Hoy ( mi\u00e9rcoles, 17 de diciembre ), hemos visitado Sevilla: es una ciudad preciosa y por fin \u00a1ha vuelto el sol! Paseamos por el r\u00edo Guadalquivir. La gu\u00eda nos habl\u00f3 de la historia de la ciudad cuando Espa\u00f1a segu\u00eda llam\u00e1ndose Al-Andal\u00fas.<br>Nos habl\u00f3 de los exploradores como Crist\u00f3bal Col\u00f3n o Magallanes, un famoso marinero que sali\u00f3 del puerto de Sevilla para dar la vuelta al mundo en barco. Vimos la r\u00e9plica de su barco Nao Victoria en el muelle.<\/em><\/p>\n\n\n\n<figure class=\"wp-block-image size-full\"><img loading=\"lazy\" decoding=\"async\" width=\"997\" height=\"719\" src=\"https:\/\/lopezdearenas.org\/inicio\/blog\/wp-content\/uploads\/2025\/12\/FRANCESES-EN-SEVILLA.png\" alt=\"\" class=\"wp-image-17578\" srcset=\"https:\/\/lopezdearenas.org\/inicio\/blog\/wp-content\/uploads\/2025\/12\/FRANCESES-EN-SEVILLA.png 997w, https:\/\/lopezdearenas.org\/inicio\/blog\/wp-content\/uploads\/2025\/12\/FRANCESES-EN-SEVILLA-300x216.png 300w, https:\/\/lopezdearenas.org\/inicio\/blog\/wp-content\/uploads\/2025\/12\/FRANCESES-EN-SEVILLA-768x554.png 768w, https:\/\/lopezdearenas.org\/inicio\/blog\/wp-content\/uploads\/2025\/12\/FRANCESES-EN-SEVILLA-416x300.png 416w\" sizes=\"auto, (max-width: 997px) 100vw, 997px\" \/><\/figure>\n\n\n\n<p><br><em>Vimos luego la catedral de Sevilla y su famosa torre llamada la Giralda, que significa \u201cgirouette\u201d en franc\u00e9s. Se sit\u00faa justo al lado del Alcazar, palacio real de la ciudad y de los Archivos de Indias.<br>Despu\u00e9s de la visita guiada, tuvimos tiempo libre para comer e ir de compras. Fuimos a comer a los \u201c100 montaditos\u201d, un restaurante bastante famoso en Espa\u00f1a. Luego fuimos de tiendas para comprar regalos y nos reunimos en la puerta de Jerez antes de caminar hasta la Plaza de Espa\u00f1a, impresionante obra construida para la Exposici\u00f3n universal de 1929.<\/em><\/p>\n\n\n\n<p>(Este art\u00edculo ha sido escrito por los alumnos Camille y Alexis, se puede leer en franc\u00e9s en la p\u00e1gina web de su instituto <a href=\"https:\/\/webetab.ac-bordeaux.fr\/college-canterane\">https:\/\/webetab.ac-bordeaux.fr\/college-canterane<\/a>\/).<\/p>\n\n\n\n<p>Agradecemos a las profesoras Julie y Pau su colaboraci\u00f3n y esperamos leerlas a ellas en el pr\u00f3ximo n\u00famero de EL BARRANCO.<\/p>\n\n\n\n<p><\/p>\n","protected":false},"excerpt":{"rendered":"<p>Hemos pedido que nos dieran una peque\u00f1a pincelada del intercambio alguno de los participantes del intercambio actual con Francia. y este ha sido el resultado. Hoy ( mi\u00e9rcoles, 17 de diciembre ), hemos visitado Sevilla: es una ciudad preciosa y &hellip; <a href=\"https:\/\/lopezdearenas.org\/inicio\/blog\/una-pincelada-del-intercambio-erasmus-con-francia\/\">Sigue leyendo <span class=\"meta-nav\">&rarr;<\/span><\/a><\/p>\n","protected":false},"author":82,"featured_media":0,"comment_status":"closed","ping_status":"open","sticky":false,"template":"","format":"standard","meta":{"_jetpack_memberships_contains_paid_content":false,"footnotes":"","jetpack_publicize_message":"","jetpack_publicize_feature_enabled":true,"jetpack_social_post_already_shared":true,"jetpack_social_options":{"image_generator_settings":{"template":"highway","default_image_id":0,"enabled":false},"version":2}},"categories":[5],"tags":[174,152,219],"class_list":["post-17577","post","type-post","status-publish","format-standard","hentry","category-novedades","tag-alumnado","tag-erasmus-2","tag-intercambio-holanda"],"jetpack_publicize_connections":[],"jetpack_featured_media_url":"","jetpack_sharing_enabled":true,"_links":{"self":[{"href":"https:\/\/lopezdearenas.org\/inicio\/blog\/wp-json\/wp\/v2\/posts\/17577","targetHints":{"allow":["GET"]}}],"collection":[{"href":"https:\/\/lopezdearenas.org\/inicio\/blog\/wp-json\/wp\/v2\/posts"}],"about":[{"href":"https:\/\/lopezdearenas.org\/inicio\/blog\/wp-json\/wp\/v2\/types\/post"}],"author":[{"embeddable":true,"href":"https:\/\/lopezdearenas.org\/inicio\/blog\/wp-json\/wp\/v2\/users\/82"}],"replies":[{"embeddable":true,"href":"https:\/\/lopezdearenas.org\/inicio\/blog\/wp-json\/wp\/v2\/comments?post=17577"}],"version-history":[{"count":1,"href":"https:\/\/lopezdearenas.org\/inicio\/blog\/wp-json\/wp\/v2\/posts\/17577\/revisions"}],"predecessor-version":[{"id":17579,"href":"https:\/\/lopezdearenas.org\/inicio\/blog\/wp-json\/wp\/v2\/posts\/17577\/revisions\/17579"}],"wp:attachment":[{"href":"https:\/\/lopezdearenas.org\/inicio\/blog\/wp-json\/wp\/v2\/media?parent=17577"}],"wp:term":[{"taxonomy":"category","embeddable":true,"href":"https:\/\/lopezdearenas.org\/inicio\/blog\/wp-json\/wp\/v2\/categories?post=17577"},{"taxonomy":"post_tag","embeddable":true,"href":"https:\/\/lopezdearenas.org\/inicio\/blog\/wp-json\/wp\/v2\/tags?post=17577"}],"curies":[{"name":"wp","href":"https:\/\/api.w.org\/{rel}","templated":true}]}}