{"id":17569,"date":"2025-12-19T08:47:14","date_gmt":"2025-12-19T07:47:14","guid":{"rendered":"https:\/\/lopezdearenas.org\/inicio\/blog\/?p=17569"},"modified":"2025-12-19T08:48:45","modified_gmt":"2025-12-19T07:48:45","slug":"y-mientras-en-roma","status":"publish","type":"post","link":"https:\/\/lopezdearenas.org\/inicio\/blog\/y-mientras-en-roma\/","title":{"rendered":"Y MIENTRAS, DESDE ROMA&#8230;"},"content":{"rendered":"\n<p>Desde la noche de ayer jueves, el alumnado de 2\u00ba de Bachillerato se encuentra ya en Roma. Este viaje, que se ha convertido en una cita tradicional para nuestro centro, ha sido cuidadosamente planificado desde el Departamento de Actividades Complementarias y Extraescolares y como una estrategia del ETCP.<\/p>\n\n\n\n<figure class=\"wp-block-image size-large\"><img loading=\"lazy\" decoding=\"async\" width=\"1024\" height=\"768\" src=\"https:\/\/lopezdearenas.org\/inicio\/blog\/wp-content\/uploads\/2025\/12\/WhatsApp-Image-2025-12-18-at-19.50.44-1-1024x768.jpeg\" alt=\"\" class=\"wp-image-17574\" srcset=\"https:\/\/lopezdearenas.org\/inicio\/blog\/wp-content\/uploads\/2025\/12\/WhatsApp-Image-2025-12-18-at-19.50.44-1-1024x768.jpeg 1024w, https:\/\/lopezdearenas.org\/inicio\/blog\/wp-content\/uploads\/2025\/12\/WhatsApp-Image-2025-12-18-at-19.50.44-1-300x225.jpeg 300w, https:\/\/lopezdearenas.org\/inicio\/blog\/wp-content\/uploads\/2025\/12\/WhatsApp-Image-2025-12-18-at-19.50.44-1-768x576.jpeg 768w, https:\/\/lopezdearenas.org\/inicio\/blog\/wp-content\/uploads\/2025\/12\/WhatsApp-Image-2025-12-18-at-19.50.44-1-1536x1152.jpeg 1536w, https:\/\/lopezdearenas.org\/inicio\/blog\/wp-content\/uploads\/2025\/12\/WhatsApp-Image-2025-12-18-at-19.50.44-1-400x300.jpeg 400w, https:\/\/lopezdearenas.org\/inicio\/blog\/wp-content\/uploads\/2025\/12\/WhatsApp-Image-2025-12-18-at-19.50.44-1.jpeg 2000w\" sizes=\"auto, (max-width: 1024px) 100vw, 1024px\" \/><\/figure>\n\n\n\n<figure class=\"wp-block-image size-large\"><img loading=\"lazy\" decoding=\"async\" width=\"768\" height=\"1024\" src=\"https:\/\/lopezdearenas.org\/inicio\/blog\/wp-content\/uploads\/2025\/12\/WhatsApp-Image-2025-12-18-at-19.50.43-1-768x1024.jpeg\" alt=\"\" class=\"wp-image-17573\" srcset=\"https:\/\/lopezdearenas.org\/inicio\/blog\/wp-content\/uploads\/2025\/12\/WhatsApp-Image-2025-12-18-at-19.50.43-1-768x1024.jpeg 768w, https:\/\/lopezdearenas.org\/inicio\/blog\/wp-content\/uploads\/2025\/12\/WhatsApp-Image-2025-12-18-at-19.50.43-1-225x300.jpeg 225w, https:\/\/lopezdearenas.org\/inicio\/blog\/wp-content\/uploads\/2025\/12\/WhatsApp-Image-2025-12-18-at-19.50.43-1-1152x1536.jpeg 1152w, https:\/\/lopezdearenas.org\/inicio\/blog\/wp-content\/uploads\/2025\/12\/WhatsApp-Image-2025-12-18-at-19.50.43-1.jpeg 1200w\" sizes=\"auto, (max-width: 768px) 100vw, 768px\" \/><\/figure>\n\n\n\n<p>El dise\u00f1o de esta estancia busca el equilibrio perfecto para nuestros estudiantes en un curso tan decisivo como es el \u00faltimo de Bachillerato. El objetivo es doble: por una parte, se ha organizado de manera que el alumnado no pierda demasiadas sesiones lectivas en el centro. Y, por otra, se busca que puedan disfrutar y aprender directamente de la inmensa riqueza hist\u00f3rica, art\u00edstica y cultural que ofrece la capital italiana.<\/p>\n\n\n\n<figure class=\"wp-block-image size-large\"><img loading=\"lazy\" decoding=\"async\" width=\"1024\" height=\"768\" src=\"https:\/\/lopezdearenas.org\/inicio\/blog\/wp-content\/uploads\/2025\/12\/WhatsApp-Image-2025-12-18-at-19.50.43-1024x768.jpeg\" alt=\"\" class=\"wp-image-17570\" srcset=\"https:\/\/lopezdearenas.org\/inicio\/blog\/wp-content\/uploads\/2025\/12\/WhatsApp-Image-2025-12-18-at-19.50.43-1024x768.jpeg 1024w, https:\/\/lopezdearenas.org\/inicio\/blog\/wp-content\/uploads\/2025\/12\/WhatsApp-Image-2025-12-18-at-19.50.43-300x225.jpeg 300w, https:\/\/lopezdearenas.org\/inicio\/blog\/wp-content\/uploads\/2025\/12\/WhatsApp-Image-2025-12-18-at-19.50.43-768x576.jpeg 768w, https:\/\/lopezdearenas.org\/inicio\/blog\/wp-content\/uploads\/2025\/12\/WhatsApp-Image-2025-12-18-at-19.50.43-1536x1152.jpeg 1536w, https:\/\/lopezdearenas.org\/inicio\/blog\/wp-content\/uploads\/2025\/12\/WhatsApp-Image-2025-12-18-at-19.50.43-400x300.jpeg 400w, https:\/\/lopezdearenas.org\/inicio\/blog\/wp-content\/uploads\/2025\/12\/WhatsApp-Image-2025-12-18-at-19.50.43.jpeg 1600w\" sizes=\"auto, (max-width: 1024px) 100vw, 1024px\" \/><\/figure>\n\n\n\n<figure class=\"wp-block-image size-large\"><img loading=\"lazy\" decoding=\"async\" width=\"1024\" height=\"768\" src=\"https:\/\/lopezdearenas.org\/inicio\/blog\/wp-content\/uploads\/2025\/12\/WhatsApp-Image-2025-12-18-at-19.50.42-1024x768.jpeg\" alt=\"\" class=\"wp-image-17571\" srcset=\"https:\/\/lopezdearenas.org\/inicio\/blog\/wp-content\/uploads\/2025\/12\/WhatsApp-Image-2025-12-18-at-19.50.42-1024x768.jpeg 1024w, https:\/\/lopezdearenas.org\/inicio\/blog\/wp-content\/uploads\/2025\/12\/WhatsApp-Image-2025-12-18-at-19.50.42-300x225.jpeg 300w, https:\/\/lopezdearenas.org\/inicio\/blog\/wp-content\/uploads\/2025\/12\/WhatsApp-Image-2025-12-18-at-19.50.42-768x576.jpeg 768w, https:\/\/lopezdearenas.org\/inicio\/blog\/wp-content\/uploads\/2025\/12\/WhatsApp-Image-2025-12-18-at-19.50.42-1536x1152.jpeg 1536w, https:\/\/lopezdearenas.org\/inicio\/blog\/wp-content\/uploads\/2025\/12\/WhatsApp-Image-2025-12-18-at-19.50.42-400x300.jpeg 400w, https:\/\/lopezdearenas.org\/inicio\/blog\/wp-content\/uploads\/2025\/12\/WhatsApp-Image-2025-12-18-at-19.50.42.jpeg 1600w\" sizes=\"auto, (max-width: 1024px) 100vw, 1024px\" \/><\/figure>\n\n\n\n<p>Para asegurar que la experiencia sea segura y enriquecedora desde diferentes \u00e1reas del saber, el alumnado viaja acompa\u00f1ado por un equipo docente de lujo:<\/p>\n\n\n\n<ul class=\"wp-block-list\">\n<li>Pedro Gallardo (Departamento de Religi\u00f3n)<\/li>\n\n\n\n<li>Manuela Reina (Departamento de Lengua Castellana y Literatura)<\/li>\n\n\n\n<li>Manuel \u00c1lvarez (Departamento de F\u00edsica y Qu\u00edmica)<\/li>\n<\/ul>\n\n\n\n<p>Estamos convencidos de que esta inmersi\u00f3n en la \u00abCiudad Eterna\u00bb ser\u00e1 una experiencia inolvidable que reforzar\u00e1 sus lazos como grupo y ampliar\u00e1 sus horizontes culturales justo antes de emprender su etapa universitaria o de formaci\u00f3n superior.<\/p>\n\n\n\n<p>Gracias a los implicados por hacerlo posible, en especial al profesorado acompa\u00f1ante. Sin vuestro compromiso y entrega, ser\u00eda imposible llevarlo a cabo.<\/p>\n","protected":false},"excerpt":{"rendered":"<p>Desde la noche de ayer jueves, el alumnado de 2\u00ba de Bachillerato se encuentra ya en Roma. Este viaje, que se ha convertido en una cita tradicional para nuestro centro, ha sido cuidadosamente planificado desde el Departamento de Actividades Complementarias &hellip; <a href=\"https:\/\/lopezdearenas.org\/inicio\/blog\/y-mientras-en-roma\/\">Sigue leyendo <span class=\"meta-nav\">&rarr;<\/span><\/a><\/p>\n","protected":false},"author":82,"featured_media":0,"comment_status":"closed","ping_status":"open","sticky":false,"template":"","format":"standard","meta":{"_jetpack_memberships_contains_paid_content":false,"footnotes":"","jetpack_publicize_message":"","jetpack_publicize_feature_enabled":true,"jetpack_social_post_already_shared":true,"jetpack_social_options":{"image_generator_settings":{"template":"highway","default_image_id":0,"enabled":false},"version":2}},"categories":[5],"tags":[163,174,283,30,282,108],"class_list":["post-17569","post","type-post","status-publish","format-standard","hentry","category-novedades","tag-2o-bachillerato","tag-alumnado","tag-dace","tag-familias","tag-roma","tag-viaje"],"jetpack_publicize_connections":[],"jetpack_featured_media_url":"","jetpack_sharing_enabled":true,"_links":{"self":[{"href":"https:\/\/lopezdearenas.org\/inicio\/blog\/wp-json\/wp\/v2\/posts\/17569","targetHints":{"allow":["GET"]}}],"collection":[{"href":"https:\/\/lopezdearenas.org\/inicio\/blog\/wp-json\/wp\/v2\/posts"}],"about":[{"href":"https:\/\/lopezdearenas.org\/inicio\/blog\/wp-json\/wp\/v2\/types\/post"}],"author":[{"embeddable":true,"href":"https:\/\/lopezdearenas.org\/inicio\/blog\/wp-json\/wp\/v2\/users\/82"}],"replies":[{"embeddable":true,"href":"https:\/\/lopezdearenas.org\/inicio\/blog\/wp-json\/wp\/v2\/comments?post=17569"}],"version-history":[{"count":2,"href":"https:\/\/lopezdearenas.org\/inicio\/blog\/wp-json\/wp\/v2\/posts\/17569\/revisions"}],"predecessor-version":[{"id":17576,"href":"https:\/\/lopezdearenas.org\/inicio\/blog\/wp-json\/wp\/v2\/posts\/17569\/revisions\/17576"}],"wp:attachment":[{"href":"https:\/\/lopezdearenas.org\/inicio\/blog\/wp-json\/wp\/v2\/media?parent=17569"}],"wp:term":[{"taxonomy":"category","embeddable":true,"href":"https:\/\/lopezdearenas.org\/inicio\/blog\/wp-json\/wp\/v2\/categories?post=17569"},{"taxonomy":"post_tag","embeddable":true,"href":"https:\/\/lopezdearenas.org\/inicio\/blog\/wp-json\/wp\/v2\/tags?post=17569"}],"curies":[{"name":"wp","href":"https:\/\/api.w.org\/{rel}","templated":true}]}}