{"id":17564,"date":"2025-12-18T18:54:56","date_gmt":"2025-12-18T17:54:56","guid":{"rendered":"https:\/\/lopezdearenas.org\/inicio\/blog\/?p=17564"},"modified":"2025-12-18T18:56:01","modified_gmt":"2025-12-18T17:56:01","slug":"la-voz-a-ti-debida-y-la-tribu-colaborando-con-el-aula-hospitalaria-del-h-u-virgen-del-rocio","status":"publish","type":"post","link":"https:\/\/lopezdearenas.org\/inicio\/blog\/la-voz-a-ti-debida-y-la-tribu-colaborando-con-el-aula-hospitalaria-del-h-u-virgen-del-rocio\/","title":{"rendered":"LA VOZ A TI DEBIDA Y LA TRIBU: COLABORANDO CON EL AULA HOSPITALARIA DEL H.U. VIRGEN DEL ROC\u00cdO"},"content":{"rendered":"\n<p>Hoy hemos vivido una jornada cargada de emoci\u00f3n y solidaridad en el IES L\u00f3pez de Arenas. Despu\u00e9s de unas semanas de preparativos, en plena \u00e9poca de ex\u00e1menes, hemos logrado culminar un trabajo entra\u00f1able, hermoso y que llena de orgullo a un centro educativo como el nuestro. Nos referimos al inicio de nuestra colaboraci\u00f3n con el Aula Hospitalaria \u00abLa Tribu\u00bb del Hospital Universitario Virgen del Roc\u00edo, en el marco del Proyecto <a href=\"https:\/\/sites.google.com\/lopezdearenas.net\/lavozatidebida\/inicio\">La Voz a ti Debida<\/a>. <\/p>\n\n\n\n<figure class=\"wp-block-image size-large\"><img loading=\"lazy\" decoding=\"async\" width=\"1024\" height=\"576\" src=\"https:\/\/lopezdearenas.org\/inicio\/blog\/wp-content\/uploads\/2025\/12\/La-tribu-pixelada-1024x576.jpg\" alt=\"\" class=\"wp-image-17565\" srcset=\"https:\/\/lopezdearenas.org\/inicio\/blog\/wp-content\/uploads\/2025\/12\/La-tribu-pixelada-1024x576.jpg 1024w, https:\/\/lopezdearenas.org\/inicio\/blog\/wp-content\/uploads\/2025\/12\/La-tribu-pixelada-300x169.jpg 300w, https:\/\/lopezdearenas.org\/inicio\/blog\/wp-content\/uploads\/2025\/12\/La-tribu-pixelada-768x432.jpg 768w, https:\/\/lopezdearenas.org\/inicio\/blog\/wp-content\/uploads\/2025\/12\/La-tribu-pixelada-1536x864.jpg 1536w, https:\/\/lopezdearenas.org\/inicio\/blog\/wp-content\/uploads\/2025\/12\/La-tribu-pixelada-500x281.jpg 500w, https:\/\/lopezdearenas.org\/inicio\/blog\/wp-content\/uploads\/2025\/12\/La-tribu-pixelada.jpg 1920w\" sizes=\"auto, (max-width: 1024px) 100vw, 1024px\" \/><\/figure>\n\n\n\n<figure class=\"wp-block-image size-large\"><img loading=\"lazy\" decoding=\"async\" width=\"1024\" height=\"576\" src=\"https:\/\/lopezdearenas.org\/inicio\/blog\/wp-content\/uploads\/2025\/12\/La-tribu-pixelada-2-1024x576.jpg\" alt=\"\" class=\"wp-image-17566\" srcset=\"https:\/\/lopezdearenas.org\/inicio\/blog\/wp-content\/uploads\/2025\/12\/La-tribu-pixelada-2-1024x576.jpg 1024w, https:\/\/lopezdearenas.org\/inicio\/blog\/wp-content\/uploads\/2025\/12\/La-tribu-pixelada-2-300x169.jpg 300w, https:\/\/lopezdearenas.org\/inicio\/blog\/wp-content\/uploads\/2025\/12\/La-tribu-pixelada-2-768x432.jpg 768w, https:\/\/lopezdearenas.org\/inicio\/blog\/wp-content\/uploads\/2025\/12\/La-tribu-pixelada-2-1536x864.jpg 1536w, https:\/\/lopezdearenas.org\/inicio\/blog\/wp-content\/uploads\/2025\/12\/La-tribu-pixelada-2-500x281.jpg 500w, https:\/\/lopezdearenas.org\/inicio\/blog\/wp-content\/uploads\/2025\/12\/La-tribu-pixelada-2.jpg 1920w\" sizes=\"auto, (max-width: 1024px) 100vw, 1024px\" \/><\/figure>\n\n\n\n<p>Esta actividad refleja fielmente la filosof\u00eda de nuestro proyecto al poner la lectura al servicio de las personas que lo necesitan, en este caso, con compa\u00f1eros y compa\u00f1eras m\u00e1s peque\u00f1os que en una situaci\u00f3n complicada ejercen su derecho a la educaci\u00f3n. Adem\u00e1s queremos hacer hincapi\u00e9 en un hito m\u00e1s de nuestra trayectoria que llev\u00e1bamos tiempo buscando: convertirnos tambi\u00e9n en escritores y escritoras; ya que nuestras alumnas han creado cuentos originales de Navidad con este prop\u00f3sito tan especial.<\/p>\n\n\n\n<p>Los cuentos han sido proyectados en la pantalla del aula del hospital, permitiendo que las historias cobraran vida para los m\u00e1s peque\u00f1os. Ha sido conmovedor imaginar c\u00f3mo, durante un rato, la generosidad de nuestras alumnas ha servido para romper la rutina hospitalaria y ofrecer apoyo en forma de relatos.<\/p>\n\n\n\n<figure class=\"wp-block-image size-large\"><img loading=\"lazy\" decoding=\"async\" width=\"1024\" height=\"576\" src=\"https:\/\/lopezdearenas.org\/inicio\/blog\/wp-content\/uploads\/2025\/12\/La-tribu-pixelada-3-1024x576.jpg\" alt=\"\" class=\"wp-image-17567\" srcset=\"https:\/\/lopezdearenas.org\/inicio\/blog\/wp-content\/uploads\/2025\/12\/La-tribu-pixelada-3-1024x576.jpg 1024w, https:\/\/lopezdearenas.org\/inicio\/blog\/wp-content\/uploads\/2025\/12\/La-tribu-pixelada-3-300x169.jpg 300w, https:\/\/lopezdearenas.org\/inicio\/blog\/wp-content\/uploads\/2025\/12\/La-tribu-pixelada-3-768x432.jpg 768w, https:\/\/lopezdearenas.org\/inicio\/blog\/wp-content\/uploads\/2025\/12\/La-tribu-pixelada-3-1536x864.jpg 1536w, https:\/\/lopezdearenas.org\/inicio\/blog\/wp-content\/uploads\/2025\/12\/La-tribu-pixelada-3-500x281.jpg 500w, https:\/\/lopezdearenas.org\/inicio\/blog\/wp-content\/uploads\/2025\/12\/La-tribu-pixelada-3.jpg 1920w\" sizes=\"auto, (max-width: 1024px) 100vw, 1024px\" \/><\/figure>\n\n\n\n<p>Estas son las j\u00f3venes autoras y los t\u00edtulos de sus historias:<\/p>\n\n\n\n<ul class=\"wp-block-list\">\n<li>Ana Rios: <em>El amor que se olvid\u00f3 de llegar<\/em><\/li>\n\n\n\n<li>Iraida M\u00e1rquez: <em>Un lugar extra\u00f1amente m\u00e1gico<\/em><\/li>\n\n\n\n<li>Cecilia Rodr\u00edguez: <em>Mi favor de navidad<\/em><\/li>\n\n\n\n<li>Emma Lobato: <em>El regalo que no esperaba<\/em><\/li>\n\n\n\n<li>Celia Vega y Julia Segura: <em>El milagro de la navidad<\/em><\/li>\n\n\n\n<li>Lucia Rodr\u00edguez: <em>Marta y la magia de la navidad<\/em><\/li>\n<\/ul>\n\n\n\n<p>Agradecemos a las maestras de La Tribu su sensibilidad y esfuerzo para hacerlo posible. Y tambi\u00e9n agradecemos la colaboraci\u00f3n de otro de los colaboradores durante este curso: RTV Marchena. El esfuerzo, el cari\u00f1o y el trabajo en equipo demuestra que \u00abLa voz a ti debida\u00bb es, ante todo, un puente humano y un regalo para quien m\u00e1s lo necesita. <\/p>\n\n\n\n<p>Las alumnas estaban emocionadas y se han quedado con ganas de m\u00e1s. Esperamos que esta primera actividad sea el inicio de muchas otras y que el v\u00ednculo comenzado se refuerce en los pr\u00f3ximos meses.<\/p>\n\n\n\n<p>Ahora s\u00ed: Feliz Navidad.<\/p>\n\n\n\n<p>Antonio Mart\u00edn (Coordinador del Proyecto).<\/p>\n\n\n\n<p><\/p>\n\n\n\n<p>P.D.: Para conocer los cuentos, no te pierdas TV Marchena o pincha <a href=\"https:\/\/sites.google.com\/lopezdearenas.net\/lavozatidebida\/colaboraciones\/aula-hospitalaria-hu-virgen-del-roc%C3%ADo\">aqu\u00ed<\/a>.<\/p>\n\n\n\n<p><\/p>\n","protected":false},"excerpt":{"rendered":"<p>Hoy hemos vivido una jornada cargada de emoci\u00f3n y solidaridad en el IES L\u00f3pez de Arenas. Despu\u00e9s de unas semanas de preparativos, en plena \u00e9poca de ex\u00e1menes, hemos logrado culminar un trabajo entra\u00f1able, hermoso y que llena de orgullo a &hellip; <a href=\"https:\/\/lopezdearenas.org\/inicio\/blog\/la-voz-a-ti-debida-y-la-tribu-colaborando-con-el-aula-hospitalaria-del-h-u-virgen-del-rocio\/\">Sigue leyendo <span class=\"meta-nav\">&rarr;<\/span><\/a><\/p>\n","protected":false},"author":82,"featured_media":0,"comment_status":"closed","ping_status":"open","sticky":false,"template":"","format":"standard","meta":{"_jetpack_memberships_contains_paid_content":false,"footnotes":"","jetpack_publicize_message":"","jetpack_publicize_feature_enabled":true,"jetpack_social_post_already_shared":true,"jetpack_social_options":{"image_generator_settings":{"template":"highway","default_image_id":0,"enabled":false},"version":2}},"categories":[5],"tags":[166,281,280,167,279,277],"class_list":["post-17564","post","type-post","status-publish","format-standard","hentry","category-novedades","tag-aps","tag-aula-hospitalaria","tag-la-tribu","tag-la-voz-a-ti-debida","tag-rtv-marchena","tag-solidaridad"],"jetpack_publicize_connections":[],"jetpack_featured_media_url":"","jetpack_sharing_enabled":true,"_links":{"self":[{"href":"https:\/\/lopezdearenas.org\/inicio\/blog\/wp-json\/wp\/v2\/posts\/17564","targetHints":{"allow":["GET"]}}],"collection":[{"href":"https:\/\/lopezdearenas.org\/inicio\/blog\/wp-json\/wp\/v2\/posts"}],"about":[{"href":"https:\/\/lopezdearenas.org\/inicio\/blog\/wp-json\/wp\/v2\/types\/post"}],"author":[{"embeddable":true,"href":"https:\/\/lopezdearenas.org\/inicio\/blog\/wp-json\/wp\/v2\/users\/82"}],"replies":[{"embeddable":true,"href":"https:\/\/lopezdearenas.org\/inicio\/blog\/wp-json\/wp\/v2\/comments?post=17564"}],"version-history":[{"count":1,"href":"https:\/\/lopezdearenas.org\/inicio\/blog\/wp-json\/wp\/v2\/posts\/17564\/revisions"}],"predecessor-version":[{"id":17568,"href":"https:\/\/lopezdearenas.org\/inicio\/blog\/wp-json\/wp\/v2\/posts\/17564\/revisions\/17568"}],"wp:attachment":[{"href":"https:\/\/lopezdearenas.org\/inicio\/blog\/wp-json\/wp\/v2\/media?parent=17564"}],"wp:term":[{"taxonomy":"category","embeddable":true,"href":"https:\/\/lopezdearenas.org\/inicio\/blog\/wp-json\/wp\/v2\/categories?post=17564"},{"taxonomy":"post_tag","embeddable":true,"href":"https:\/\/lopezdearenas.org\/inicio\/blog\/wp-json\/wp\/v2\/tags?post=17564"}],"curies":[{"name":"wp","href":"https:\/\/api.w.org\/{rel}","templated":true}]}}