{"id":17451,"date":"2025-11-28T23:15:12","date_gmt":"2025-11-28T22:15:12","guid":{"rendered":"https:\/\/lopezdearenas.org\/inicio\/blog\/?p=17451"},"modified":"2025-11-30T20:11:27","modified_gmt":"2025-11-30T19:11:27","slug":"listado-definitivo-becas-erasmus-irlanda-y-holanda-1o-de-bachillerato","status":"publish","type":"post","link":"https:\/\/lopezdearenas.org\/inicio\/blog\/listado-definitivo-becas-erasmus-irlanda-y-holanda-1o-de-bachillerato\/","title":{"rendered":"LISTADO DEFINITIVO BECAS ERASMUS+ IRLANDA Y HOLANDA (1\u00ba DE BACHILLERATO)"},"content":{"rendered":"\n<p>Reunida la comisi\u00f3n de los programas de Internacionalizaci\u00f3n del Equipo Erasmus+ del IES L\u00f3pez de Arenas y analizadas las reclamaciones presentadas en el periodo establecido&nbsp; en las bases para la obtenci\u00f3n de las becas Erasmus+ para <strong>IRLANDA <\/strong>del proyecto 2025-1-ES01-KA121-SCH-000325842, la selecci\u00f3n final del alumnado es la siguiente:&nbsp;<\/p>\n\n\n\n<p>SELECCI\u00d3N DEFINITIVA (<strong>1\u00ba BACHILLERATO<\/strong>)<\/p>\n\n\n\n<figure class=\"wp-block-table\"><table class=\"has-fixed-layout\"><tbody><tr><td><strong>APELLIDOS Y NOMBRE<\/strong><\/td><td><strong>Criterio&nbsp;<\/strong><strong>1&nbsp;<\/strong><\/td><td><strong>Criterio&nbsp;<\/strong><strong>2&nbsp;<\/strong><\/td><td><strong>Criterio<\/strong><strong>3<\/strong><\/td><td><strong>Criterio<\/strong><strong>4<\/strong><\/td><td><strong>Criterio<\/strong><strong>5<\/strong><\/td><td><strong>Criterio&nbsp;<\/strong><strong>6<\/strong><\/td><td><strong>TOTAL PUNTOS<\/strong><\/td><td><strong>OBSERVACIONES<\/strong><\/td><\/tr><tr><td><strong>SPM<\/strong><\/td><td>20<\/td><td>15<\/td><td>20<\/td><td>15<\/td><td>0<\/td><td>16<\/td><td><strong>86<\/strong><\/td><td><\/td><\/tr><tr><td><strong>MDT<\/strong><\/td><td>20<\/td><td>15<\/td><td>16<\/td><td>13,95<\/td><td>0<\/td><td>19<\/td><td><strong>83,95<\/strong><\/td><td><\/td><\/tr><tr><td><strong>RGL<\/strong><\/td><td>20<\/td><td>6<\/td><td>20<\/td><td>14,85<\/td><td>0<\/td><td>20<\/td><td><strong>80,85<\/strong><\/td><td><\/td><\/tr><tr><td>SPA<\/td><td>20<\/td><td>11<\/td><td>20<\/td><td>15<\/td><td>0<\/td><td>14<\/td><td><strong>80<\/strong><\/td><td><\/td><\/tr><tr><td>BBL<\/td><td>18<\/td><td>11<\/td><td>20<\/td><td>14,25<\/td><td>0<\/td><td>16<\/td><td><strong>79,25<\/strong><\/td><td><\/td><\/tr><tr><td>VTM<\/td><td>19<\/td><td>9<\/td><td>20<\/td><td>15<\/td><td>0<\/td><td>16<\/td><td><strong>79<\/strong><\/td><td><\/td><\/tr><tr><td>MSJ<\/td><td>19<\/td><td>6<\/td><td>18<\/td><td>13,5<\/td><td>0<\/td><td>19<\/td><td><strong>75,5<\/strong><\/td><td><\/td><\/tr><tr><td>BLM<\/td><td>17<\/td><td>0<\/td><td>20<\/td><td>13,95<\/td><td>5<\/td><td>16<\/td><td><strong>71,95<\/strong><\/td><td><\/td><\/tr><tr><td>LAE<\/td><td>18<\/td><td>6<\/td><td>20<\/td><td>13,95<\/td><td>0<\/td><td>13<\/td><td><strong>70,95<\/strong><\/td><td><\/td><\/tr><tr><td>RCM<\/td><td>19<\/td><td>6<\/td><td>14<\/td><td>13,05<\/td><td>0<\/td><td>16<\/td><td><strong>68,05<\/strong><\/td><td><\/td><\/tr><tr><td>MLP<\/td><td>18<\/td><td>6<\/td><td>16<\/td><td>13,5<\/td><td>0<\/td><td>14<\/td><td><strong>67,5<\/strong><\/td><td><\/td><\/tr><\/tbody><\/table><\/figure>\n\n\n\n<p>Reunida la comisi\u00f3n de los programas de Internacionalizaci\u00f3n del Equipo Erasmus+ del IES L\u00f3pez de Arenas y analizadas las reclamaciones presentadas en el periodo establecido&nbsp; en las bases para la obtenci\u00f3n de las becas Erasmus+ para <strong>Holanda <\/strong>del proyecto 2025-1-ES01-KA121-SCH-000325842, la selecci\u00f3n final del alumnado es la siguiente:<\/p>\n\n\n\n<p>SELECCI\u00d3N DEFINITIVA (<strong>1\u00ba BACHILLERATO<\/strong>)<\/p>\n\n\n\n<figure class=\"wp-block-table\"><table class=\"has-fixed-layout\"><tbody><tr><td><strong>APELLIDOS Y NOMBRE<\/strong><\/td><td><strong>Criterio<\/strong><strong>&nbsp;<\/strong><strong>1&nbsp;<\/strong><\/td><td><strong>Criterio&nbsp;<\/strong><strong>2&nbsp;<\/strong><\/td><td><strong>Criterio<\/strong><strong>3<\/strong><\/td><td><strong>Criterio<\/strong><strong>4<\/strong><\/td><td><strong>Criterio<\/strong><strong>5<\/strong><\/td><td><strong>TOTAL PUNTOS<\/strong><\/td><td><strong>OBSERVACIONES<\/strong><\/td><\/tr><tr><td><strong>BBL<\/strong><\/td><td>18<\/td><td>11<\/td><td>20<\/td><td>14,25<\/td><td>0<\/td><td><strong>63,25<\/strong><\/td><td><\/td><\/tr><tr><td><strong>TVM<\/strong><\/td><td>19<\/td><td>9<\/td><td>20<\/td><td>15<\/td><td>0<\/td><td><strong>63<\/strong><\/td><td><\/td><\/tr><tr><td><strong>CMJD<\/strong><\/td><td>20<\/td><td>11<\/td><td>14<\/td><td>12,9<\/td><td>5<\/td><td><strong>62,9<\/strong><\/td><td><\/td><\/tr><tr><td><strong>RCA&nbsp;<\/strong><\/td><td>20<\/td><td>8<\/td><td>18<\/td><td>14,7<\/td><td>0<\/td><td><strong>60,7<\/strong><\/td><td><\/td><\/tr><tr><td>MSJ<\/td><td>19<\/td><td>6<\/td><td>18<\/td><td>13,5<\/td><td>0<\/td><td><strong>56,5<\/strong><\/td><td><\/td><\/tr><tr><td>LAE<\/td><td>18<\/td><td>15<\/td><td>12<\/td><td>11,4<\/td><td>0<\/td><td><strong>56,4<\/strong><\/td><td><\/td><\/tr><tr><td>VMA<\/td><td>17<\/td><td>15<\/td><td>12<\/td><td>11,85<\/td><td>0<\/td><td><strong>55,85<\/strong><\/td><td><br><\/td><\/tr><tr><td>RCM<\/td><td>19<\/td><td>8<\/td><td>14<\/td><td>13,05<\/td><td>0<\/td><td><strong>54,05<\/strong><\/td><td><\/td><\/tr><tr><td>MLP<\/td><td>18<\/td><td>6<\/td><td>16<\/td><td>13,5<\/td><td>0<\/td><td><strong>53,5<\/strong><\/td><td><\/td><\/tr><\/tbody><\/table><\/figure>\n","protected":false},"excerpt":{"rendered":"<p>Reunida la comisi\u00f3n de los programas de Internacionalizaci\u00f3n del Equipo Erasmus+ del IES L\u00f3pez de Arenas y analizadas las reclamaciones presentadas en el periodo establecido&nbsp; en las bases para la obtenci\u00f3n de las becas Erasmus+ para IRLANDA del proyecto 2025-1-ES01-KA121-SCH-000325842, &hellip; <a href=\"https:\/\/lopezdearenas.org\/inicio\/blog\/listado-definitivo-becas-erasmus-irlanda-y-holanda-1o-de-bachillerato\/\">Sigue leyendo <span class=\"meta-nav\">&rarr;<\/span><\/a><\/p>\n","protected":false},"author":82,"featured_media":0,"comment_status":"closed","ping_status":"open","sticky":false,"template":"","format":"standard","meta":{"_jetpack_memberships_contains_paid_content":false,"footnotes":"","jetpack_publicize_message":"","jetpack_publicize_feature_enabled":true,"jetpack_social_post_already_shared":true,"jetpack_social_options":{"image_generator_settings":{"template":"highway","default_image_id":0,"enabled":false},"version":2}},"categories":[5],"tags":[174,218,110,152,222,219,230],"class_list":["post-17451","post","type-post","status-publish","format-standard","hentry","category-novedades","tag-alumnado","tag-alumnado-seleccionado","tag-becas","tag-erasmus-2","tag-holanda","tag-intercambio-holanda","tag-irlanda"],"jetpack_publicize_connections":[],"jetpack_featured_media_url":"","jetpack_sharing_enabled":true,"_links":{"self":[{"href":"https:\/\/lopezdearenas.org\/inicio\/blog\/wp-json\/wp\/v2\/posts\/17451","targetHints":{"allow":["GET"]}}],"collection":[{"href":"https:\/\/lopezdearenas.org\/inicio\/blog\/wp-json\/wp\/v2\/posts"}],"about":[{"href":"https:\/\/lopezdearenas.org\/inicio\/blog\/wp-json\/wp\/v2\/types\/post"}],"author":[{"embeddable":true,"href":"https:\/\/lopezdearenas.org\/inicio\/blog\/wp-json\/wp\/v2\/users\/82"}],"replies":[{"embeddable":true,"href":"https:\/\/lopezdearenas.org\/inicio\/blog\/wp-json\/wp\/v2\/comments?post=17451"}],"version-history":[{"count":1,"href":"https:\/\/lopezdearenas.org\/inicio\/blog\/wp-json\/wp\/v2\/posts\/17451\/revisions"}],"predecessor-version":[{"id":17452,"href":"https:\/\/lopezdearenas.org\/inicio\/blog\/wp-json\/wp\/v2\/posts\/17451\/revisions\/17452"}],"wp:attachment":[{"href":"https:\/\/lopezdearenas.org\/inicio\/blog\/wp-json\/wp\/v2\/media?parent=17451"}],"wp:term":[{"taxonomy":"category","embeddable":true,"href":"https:\/\/lopezdearenas.org\/inicio\/blog\/wp-json\/wp\/v2\/categories?post=17451"},{"taxonomy":"post_tag","embeddable":true,"href":"https:\/\/lopezdearenas.org\/inicio\/blog\/wp-json\/wp\/v2\/tags?post=17451"}],"curies":[{"name":"wp","href":"https:\/\/api.w.org\/{rel}","templated":true}]}}