{"id":17348,"date":"2025-11-19T12:59:42","date_gmt":"2025-11-19T11:59:42","guid":{"rendered":"https:\/\/lopezdearenas.org\/inicio\/blog\/?p=17348"},"modified":"2025-11-19T13:00:44","modified_gmt":"2025-11-19T12:00:44","slug":"jornadas-de-educacion-financiera-alumnado-de-eso-bachillerato-y-fp-se-pone-al-dia-con-edufinet","status":"publish","type":"post","link":"https:\/\/lopezdearenas.org\/inicio\/blog\/jornadas-de-educacion-financiera-alumnado-de-eso-bachillerato-y-fp-se-pone-al-dia-con-edufinet\/","title":{"rendered":"Jornadas de Educaci\u00f3n Financiera: Alumnado de ESO, Bachillerato y FP se Pone al D\u00eda con Edufinet"},"content":{"rendered":"\n<p>El IES L\u00f3pez de Arenas ha organizado unas Jornadas de Educaci\u00f3n Financiera para dotar a nuestros estudiantes de conocimientos clave sobre el entorno econ\u00f3mico actual.<\/p>\n\n\n\n<figure class=\"wp-block-image size-large\"><img loading=\"lazy\" decoding=\"async\" width=\"1024\" height=\"768\" src=\"https:\/\/lopezdearenas.org\/inicio\/blog\/wp-content\/uploads\/2025\/11\/WhatsApp-Image-2025-11-19-at-12.18.47-1024x768.jpeg\" alt=\"\" class=\"wp-image-17349\" srcset=\"https:\/\/lopezdearenas.org\/inicio\/blog\/wp-content\/uploads\/2025\/11\/WhatsApp-Image-2025-11-19-at-12.18.47-1024x768.jpeg 1024w, https:\/\/lopezdearenas.org\/inicio\/blog\/wp-content\/uploads\/2025\/11\/WhatsApp-Image-2025-11-19-at-12.18.47-300x225.jpeg 300w, https:\/\/lopezdearenas.org\/inicio\/blog\/wp-content\/uploads\/2025\/11\/WhatsApp-Image-2025-11-19-at-12.18.47-768x576.jpeg 768w, https:\/\/lopezdearenas.org\/inicio\/blog\/wp-content\/uploads\/2025\/11\/WhatsApp-Image-2025-11-19-at-12.18.47-1536x1152.jpeg 1536w, https:\/\/lopezdearenas.org\/inicio\/blog\/wp-content\/uploads\/2025\/11\/WhatsApp-Image-2025-11-19-at-12.18.47-400x300.jpeg 400w, https:\/\/lopezdearenas.org\/inicio\/blog\/wp-content\/uploads\/2025\/11\/WhatsApp-Image-2025-11-19-at-12.18.47.jpeg 1600w\" sizes=\"auto, (max-width: 1024px) 100vw, 1024px\" \/><\/figure>\n\n\n\n<p>La actividad ha consistido en una ponencia especializada impartida por Edufinet, un proyecto de gran prestigio impulsado por la Fundaci\u00f3n Unicaja y Unicaja, que busca fomentar la cultura financiera. Han asistido estudiantes de 4\u00ba de ESO, 1\u00ba de Bachillerato de Ciencias Sociales y los ciclos de Formaci\u00f3n Profesional de 1\u00ba de Gesti\u00f3n Administrativa (GA) y 1\u00ba de Administraci\u00f3n y Finanzas (AF).<\/p>\n\n\n\n<figure class=\"wp-block-image size-large\"><img loading=\"lazy\" decoding=\"async\" width=\"1024\" height=\"768\" src=\"https:\/\/lopezdearenas.org\/inicio\/blog\/wp-content\/uploads\/2025\/11\/WhatsApp-Image-2025-11-19-at-12.11.01-1024x768.jpeg\" alt=\"\" class=\"wp-image-17350\" srcset=\"https:\/\/lopezdearenas.org\/inicio\/blog\/wp-content\/uploads\/2025\/11\/WhatsApp-Image-2025-11-19-at-12.11.01-1024x768.jpeg 1024w, https:\/\/lopezdearenas.org\/inicio\/blog\/wp-content\/uploads\/2025\/11\/WhatsApp-Image-2025-11-19-at-12.11.01-300x225.jpeg 300w, https:\/\/lopezdearenas.org\/inicio\/blog\/wp-content\/uploads\/2025\/11\/WhatsApp-Image-2025-11-19-at-12.11.01-768x576.jpeg 768w, https:\/\/lopezdearenas.org\/inicio\/blog\/wp-content\/uploads\/2025\/11\/WhatsApp-Image-2025-11-19-at-12.11.01-1536x1152.jpeg 1536w, https:\/\/lopezdearenas.org\/inicio\/blog\/wp-content\/uploads\/2025\/11\/WhatsApp-Image-2025-11-19-at-12.11.01-400x300.jpeg 400w, https:\/\/lopezdearenas.org\/inicio\/blog\/wp-content\/uploads\/2025\/11\/WhatsApp-Image-2025-11-19-at-12.11.01.jpeg 1600w\" sizes=\"auto, (max-width: 1024px) 100vw, 1024px\" \/><\/figure>\n\n\n\n<p>Durante la ponencia se han abordado y explicado conceptos fundamentales de la econom\u00eda que afectan directamente al d\u00eda a d\u00eda de nuestro alumnado:<\/p>\n\n\n\n<ul class=\"wp-block-list\">\n<li>Macroeconom\u00eda: Se han analizado conceptos como la Inflaci\u00f3n y el PIB (Producto Interior Bruto).<\/li>\n\n\n\n<li>Finanzas Personales: Se han desglosado temas cruciales como el funcionamiento de los pr\u00e9stamos.<\/li>\n\n\n\n<li>Digitalizaci\u00f3n Financiera: Se ha prestado especial atenci\u00f3n a las nuevas formas de pago y manejo de capital, incluyendo el dinero virtual y los distintos tipos de tarjetas bancarias disponibles en el mercado.<\/li>\n<\/ul>\n\n\n\n<p>Esta iniciativa subraya la importancia que nuestro centro da a la capacitaci\u00f3n econ\u00f3mica y la toma de decisiones informadas para el futuro profesional y personal de nuestros estudiantes.<\/p>\n","protected":false},"excerpt":{"rendered":"<p>El IES L\u00f3pez de Arenas ha organizado unas Jornadas de Educaci\u00f3n Financiera para dotar a nuestros estudiantes de conocimientos clave sobre el entorno econ\u00f3mico actual. La actividad ha consistido en una ponencia especializada impartida por Edufinet, un proyecto de gran &hellip; <a href=\"https:\/\/lopezdearenas.org\/inicio\/blog\/jornadas-de-educacion-financiera-alumnado-de-eso-bachillerato-y-fp-se-pone-al-dia-con-edufinet\/\">Sigue leyendo <span class=\"meta-nav\">&rarr;<\/span><\/a><\/p>\n","protected":false},"author":82,"featured_media":0,"comment_status":"closed","ping_status":"open","sticky":false,"template":"","format":"standard","meta":{"_jetpack_memberships_contains_paid_content":false,"footnotes":"","jetpack_publicize_message":"","jetpack_publicize_feature_enabled":true,"jetpack_social_post_already_shared":true,"jetpack_social_options":{"image_generator_settings":{"template":"highway","default_image_id":0,"enabled":false},"version":2}},"categories":[5],"tags":[240,69,45,126,242,214,215,241],"class_list":["post-17348","post","type-post","status-publish","format-standard","hentry","category-novedades","tag-administracion-y-finanzas","tag-bachillerato","tag-ciclos-formativos","tag-economia","tag-educacion-financiera","tag-grado-medio","tag-grado-superior","tag-jornadas"],"jetpack_publicize_connections":[],"jetpack_featured_media_url":"","jetpack_sharing_enabled":true,"_links":{"self":[{"href":"https:\/\/lopezdearenas.org\/inicio\/blog\/wp-json\/wp\/v2\/posts\/17348","targetHints":{"allow":["GET"]}}],"collection":[{"href":"https:\/\/lopezdearenas.org\/inicio\/blog\/wp-json\/wp\/v2\/posts"}],"about":[{"href":"https:\/\/lopezdearenas.org\/inicio\/blog\/wp-json\/wp\/v2\/types\/post"}],"author":[{"embeddable":true,"href":"https:\/\/lopezdearenas.org\/inicio\/blog\/wp-json\/wp\/v2\/users\/82"}],"replies":[{"embeddable":true,"href":"https:\/\/lopezdearenas.org\/inicio\/blog\/wp-json\/wp\/v2\/comments?post=17348"}],"version-history":[{"count":1,"href":"https:\/\/lopezdearenas.org\/inicio\/blog\/wp-json\/wp\/v2\/posts\/17348\/revisions"}],"predecessor-version":[{"id":17351,"href":"https:\/\/lopezdearenas.org\/inicio\/blog\/wp-json\/wp\/v2\/posts\/17348\/revisions\/17351"}],"wp:attachment":[{"href":"https:\/\/lopezdearenas.org\/inicio\/blog\/wp-json\/wp\/v2\/media?parent=17348"}],"wp:term":[{"taxonomy":"category","embeddable":true,"href":"https:\/\/lopezdearenas.org\/inicio\/blog\/wp-json\/wp\/v2\/categories?post=17348"},{"taxonomy":"post_tag","embeddable":true,"href":"https:\/\/lopezdearenas.org\/inicio\/blog\/wp-json\/wp\/v2\/tags?post=17348"}],"curies":[{"name":"wp","href":"https:\/\/api.w.org\/{rel}","templated":true}]}}