{"id":17320,"date":"2025-11-14T12:05:36","date_gmt":"2025-11-14T11:05:36","guid":{"rendered":"https:\/\/lopezdearenas.org\/inicio\/blog\/?p=17320"},"modified":"2025-11-14T19:09:39","modified_gmt":"2025-11-14T18:09:39","slug":"bases-de-la-movilidad-erasmus-escolar-a-holanda-para-1o-de-bachillerato","status":"publish","type":"post","link":"https:\/\/lopezdearenas.org\/inicio\/blog\/bases-de-la-movilidad-erasmus-escolar-a-holanda-para-1o-de-bachillerato\/","title":{"rendered":"Bases de la Movilidad Erasmus+ Escolar a Holanda para 1\u00ba de Bachillerato"},"content":{"rendered":"\n<p>Os dejamos lLa Coordinaci\u00f3n Erasmus+ del IES L\u00f3pez de Arenas informa sobre la apertura de la convocatoria para la movilidad a <strong>Holanda<\/strong>, en el marco del programa Erasmus+ <\/p>\n\n\n\n<p>El objetivo principal de esta movilidad es <strong>mejorar las competencias ling\u00fc\u00edsticas y culturales<\/strong> de los estudiantes en ingl\u00e9s, promoviendo su desarrollo acad\u00e9mico y personal en un entorno internacional<sup><\/sup>.<\/p>\n\n\n\n<ul class=\"wp-block-list\">\n<li>Se establecen <strong>4 Becas de Movilidad<\/strong>.<\/li>\n\n\n\n<li>Podr\u00e1n participar aquellos estudiantes de <strong>1\u00ba de Bachillerato<\/strong> que est\u00e9n matriculados en el centro, debido a las vacantes disponibles tras el proceso realizado en 4\u00ba de la ESO.<\/li>\n<\/ul>\n\n\n\n<p>El proceso de selecci\u00f3n es inmediato, rogamos a los interesados que presten especial atenci\u00f3n a las siguientes fechas:<\/p>\n\n\n\n<figure class=\"wp-block-table\"><table class=\"has-fixed-layout\"><thead><tr><td><strong>Proceso<\/strong><\/td><td><strong>Fecha L\u00edmite<\/strong><\/td><\/tr><\/thead><tbody><tr><td><strong>Presentaci\u00f3n de solicitudes de admisi\u00f3n<\/strong><\/td><td><strong>18 de noviembre<\/strong><\/td><\/tr><tr><td>Publicaci\u00f3n de las listas provisionales<\/td><td>20 de noviembre<\/td><\/tr><tr><td>Presentaci\u00f3n de reclamaciones<\/td><td>21 de noviembre<\/td><\/tr><tr><td>Publicaci\u00f3n de las listas definitivas<\/td><td>24 de noviembre<\/td><\/tr><\/tbody><\/table><\/figure>\n\n\n\n<p>Las bases completas son las siguientes:<\/p>\n\n\n\n<div data-wp-interactive=\"core\/file\" class=\"wp-block-file\"><object data-wp-bind--hidden=\"!state.hasPdfPreview\" hidden class=\"wp-block-file__embed\" data=\"https:\/\/lopezdearenas.org\/inicio\/blog\/wp-content\/uploads\/2025\/11\/MOVILIDAD-HOLANDA-25-26-BASES-DE-LA-CONVOCATORIA-BACHILLERATO.pdf\" type=\"application\/pdf\" style=\"width:100%;height:600px\" aria-label=\"Incrustado de MOVILIDAD HOLANDA 25-26 BASES DE LA CONVOCATORIA BACHILLERATO.\"><\/object><a id=\"wp-block-file--media-d518bb89-89ec-4d11-a0a5-6ad96ffd3e1c\" href=\"https:\/\/lopezdearenas.org\/inicio\/blog\/wp-content\/uploads\/2025\/11\/MOVILIDAD-HOLANDA-25-26-BASES-DE-LA-CONVOCATORIA-BACHILLERATO.pdf\">MOVILIDAD HOLANDA 25-26 BASES DE LA CONVOCATORIA BACHILLERATO<\/a><a href=\"https:\/\/lopezdearenas.org\/inicio\/blog\/wp-content\/uploads\/2025\/11\/MOVILIDAD-HOLANDA-25-26-BASES-DE-LA-CONVOCATORIA-BACHILLERATO.pdf\" class=\"wp-block-file__button wp-element-button\" download aria-describedby=\"wp-block-file--media-d518bb89-89ec-4d11-a0a5-6ad96ffd3e1c\">Descarga<\/a><\/div>\n\n\n\n<p>La participaci\u00f3n en este proceso implica la aceptaci\u00f3n \u00edntegra de todas las bases de la convocatoria, disponibles para consulta en los canales oficiales del centro.<\/p>\n","protected":false},"excerpt":{"rendered":"<p>Os dejamos lLa Coordinaci\u00f3n Erasmus+ del IES L\u00f3pez de Arenas informa sobre la apertura de la convocatoria para la movilidad a Holanda, en el marco del programa Erasmus+ El objetivo principal de esta movilidad es mejorar las competencias ling\u00fc\u00edsticas y &hellip; <a href=\"https:\/\/lopezdearenas.org\/inicio\/blog\/bases-de-la-movilidad-erasmus-escolar-a-holanda-para-1o-de-bachillerato\/\">Sigue leyendo <span class=\"meta-nav\">&rarr;<\/span><\/a><\/p>\n","protected":false},"author":82,"featured_media":0,"comment_status":"closed","ping_status":"open","sticky":false,"template":"","format":"standard","meta":{"_jetpack_memberships_contains_paid_content":false,"footnotes":"","jetpack_publicize_message":"","jetpack_publicize_feature_enabled":true,"jetpack_social_post_already_shared":true,"jetpack_social_options":{"image_generator_settings":{"template":"highway","default_image_id":0,"enabled":false},"version":2}},"categories":[5],"tags":[69,177,152,219],"class_list":["post-17320","post","type-post","status-publish","format-standard","hentry","category-novedades","tag-bachillerato","tag-bases","tag-erasmus-2","tag-intercambio-holanda"],"jetpack_publicize_connections":[],"jetpack_featured_media_url":"","jetpack_sharing_enabled":true,"_links":{"self":[{"href":"https:\/\/lopezdearenas.org\/inicio\/blog\/wp-json\/wp\/v2\/posts\/17320","targetHints":{"allow":["GET"]}}],"collection":[{"href":"https:\/\/lopezdearenas.org\/inicio\/blog\/wp-json\/wp\/v2\/posts"}],"about":[{"href":"https:\/\/lopezdearenas.org\/inicio\/blog\/wp-json\/wp\/v2\/types\/post"}],"author":[{"embeddable":true,"href":"https:\/\/lopezdearenas.org\/inicio\/blog\/wp-json\/wp\/v2\/users\/82"}],"replies":[{"embeddable":true,"href":"https:\/\/lopezdearenas.org\/inicio\/blog\/wp-json\/wp\/v2\/comments?post=17320"}],"version-history":[{"count":1,"href":"https:\/\/lopezdearenas.org\/inicio\/blog\/wp-json\/wp\/v2\/posts\/17320\/revisions"}],"predecessor-version":[{"id":17322,"href":"https:\/\/lopezdearenas.org\/inicio\/blog\/wp-json\/wp\/v2\/posts\/17320\/revisions\/17322"}],"wp:attachment":[{"href":"https:\/\/lopezdearenas.org\/inicio\/blog\/wp-json\/wp\/v2\/media?parent=17320"}],"wp:term":[{"taxonomy":"category","embeddable":true,"href":"https:\/\/lopezdearenas.org\/inicio\/blog\/wp-json\/wp\/v2\/categories?post=17320"},{"taxonomy":"post_tag","embeddable":true,"href":"https:\/\/lopezdearenas.org\/inicio\/blog\/wp-json\/wp\/v2\/tags?post=17320"}],"curies":[{"name":"wp","href":"https:\/\/api.w.org\/{rel}","templated":true}]}}