{"id":17314,"date":"2025-11-13T18:55:23","date_gmt":"2025-11-13T17:55:23","guid":{"rendered":"https:\/\/lopezdearenas.org\/inicio\/blog\/?p=17314"},"modified":"2025-11-14T18:56:32","modified_gmt":"2025-11-14T17:56:32","slug":"nuestro-alumnado-en-el-viii-congreso-de-educacion-financiera-en-malaga","status":"publish","type":"post","link":"https:\/\/lopezdearenas.org\/inicio\/blog\/nuestro-alumnado-en-el-viii-congreso-de-educacion-financiera-en-malaga\/","title":{"rendered":"Nuestro Alumnado en el VIII Congreso de Educaci\u00f3n Financiera en M\u00e1laga"},"content":{"rendered":"\n<p>El IES L\u00f3pez de Arenas refuerza su compromiso con la formaci\u00f3n empresarial y digital.<\/p>\n\n\n\n<figure class=\"wp-block-image size-large\"><img loading=\"lazy\" decoding=\"async\" width=\"1024\" height=\"768\" src=\"https:\/\/lopezdearenas.org\/inicio\/blog\/wp-content\/uploads\/2025\/11\/WhatsApp-Image-2025-11-14-at-18.42.23-1-1024x768.jpeg\" alt=\"\" class=\"wp-image-17317\" srcset=\"https:\/\/lopezdearenas.org\/inicio\/blog\/wp-content\/uploads\/2025\/11\/WhatsApp-Image-2025-11-14-at-18.42.23-1-1024x768.jpeg 1024w, https:\/\/lopezdearenas.org\/inicio\/blog\/wp-content\/uploads\/2025\/11\/WhatsApp-Image-2025-11-14-at-18.42.23-1-300x225.jpeg 300w, https:\/\/lopezdearenas.org\/inicio\/blog\/wp-content\/uploads\/2025\/11\/WhatsApp-Image-2025-11-14-at-18.42.23-1-768x576.jpeg 768w, https:\/\/lopezdearenas.org\/inicio\/blog\/wp-content\/uploads\/2025\/11\/WhatsApp-Image-2025-11-14-at-18.42.23-1-400x300.jpeg 400w, https:\/\/lopezdearenas.org\/inicio\/blog\/wp-content\/uploads\/2025\/11\/WhatsApp-Image-2025-11-14-at-18.42.23-1.jpeg 1280w\" sizes=\"auto, (max-width: 1024px) 100vw, 1024px\" \/><\/figure>\n\n\n\n<p>El 13 de noviembre de 2025, nuestro alumnado de Segundo de Grado B\u00e1sico de Servicios Administrativos y de Primero y Segundo de Grado Medio de Gesti\u00f3n Administrativa particip\u00f3 en el VIII Congreso de Educaci\u00f3n Financiera, celebrado en M\u00e1laga. Este evento es promovido por la Fundaci\u00f3n Unicaja y Unicaja, en el marco del Proyecto Edufinet.<\/p>\n\n\n\n<figure class=\"wp-block-image size-large\"><img loading=\"lazy\" decoding=\"async\" width=\"1024\" height=\"768\" src=\"https:\/\/lopezdearenas.org\/inicio\/blog\/wp-content\/uploads\/2025\/11\/WhatsApp-Image-2025-11-14-at-18.42.23-1024x768.jpeg\" alt=\"\" class=\"wp-image-17315\" srcset=\"https:\/\/lopezdearenas.org\/inicio\/blog\/wp-content\/uploads\/2025\/11\/WhatsApp-Image-2025-11-14-at-18.42.23-1024x768.jpeg 1024w, https:\/\/lopezdearenas.org\/inicio\/blog\/wp-content\/uploads\/2025\/11\/WhatsApp-Image-2025-11-14-at-18.42.23-300x225.jpeg 300w, https:\/\/lopezdearenas.org\/inicio\/blog\/wp-content\/uploads\/2025\/11\/WhatsApp-Image-2025-11-14-at-18.42.23-768x576.jpeg 768w, https:\/\/lopezdearenas.org\/inicio\/blog\/wp-content\/uploads\/2025\/11\/WhatsApp-Image-2025-11-14-at-18.42.23-400x300.jpeg 400w, https:\/\/lopezdearenas.org\/inicio\/blog\/wp-content\/uploads\/2025\/11\/WhatsApp-Image-2025-11-14-at-18.42.23.jpeg 1280w\" sizes=\"auto, (max-width: 1024px) 100vw, 1024px\" \/><\/figure>\n\n\n\n<p><\/p>\n\n\n\n<figure class=\"wp-block-image size-large\"><img loading=\"lazy\" decoding=\"async\" width=\"1024\" height=\"768\" src=\"https:\/\/lopezdearenas.org\/inicio\/blog\/wp-content\/uploads\/2025\/11\/WhatsApp-Image-2025-11-14-at-18.43.02-1024x768.jpeg\" alt=\"\" class=\"wp-image-17316\" srcset=\"https:\/\/lopezdearenas.org\/inicio\/blog\/wp-content\/uploads\/2025\/11\/WhatsApp-Image-2025-11-14-at-18.43.02-1024x768.jpeg 1024w, https:\/\/lopezdearenas.org\/inicio\/blog\/wp-content\/uploads\/2025\/11\/WhatsApp-Image-2025-11-14-at-18.43.02-300x225.jpeg 300w, https:\/\/lopezdearenas.org\/inicio\/blog\/wp-content\/uploads\/2025\/11\/WhatsApp-Image-2025-11-14-at-18.43.02-768x576.jpeg 768w, https:\/\/lopezdearenas.org\/inicio\/blog\/wp-content\/uploads\/2025\/11\/WhatsApp-Image-2025-11-14-at-18.43.02-400x300.jpeg 400w, https:\/\/lopezdearenas.org\/inicio\/blog\/wp-content\/uploads\/2025\/11\/WhatsApp-Image-2025-11-14-at-18.43.02.jpeg 1280w\" sizes=\"auto, (max-width: 1024px) 100vw, 1024px\" \/><\/figure>\n\n\n\n<p>El congreso se centr\u00f3 en temas cruciales para la toma de decisiones empresariales y el futuro profesional de nuestros estudiantes. Los principales objetos de an\u00e1lisis fueron:<\/p>\n\n\n\n<ul class=\"wp-block-list\">\n<li>Cultura Financiera: La importancia de la cultura financiera y su formaci\u00f3n reglada como factores esenciales para el crecimiento y la toma de decisiones empresariales.<\/li>\n\n\n\n<li>Ciberdelincuencia y Digitalizaci\u00f3n: Las estrategias necesarias en la prevenci\u00f3n de la ciberdelincuencia y en el \u00e1mbito de la digitalizaci\u00f3n financiera.<\/li>\n\n\n\n<li>Inteligencia Artificial (IA): Los desaf\u00edos que presenta la inteligencia artificial para emprendedores, empresas y aut\u00f3nomos.<\/li>\n<\/ul>\n\n\n\n<p>La participaci\u00f3n en este congreso permite a nuestro alumnado adquirir una visi\u00f3n actualizada y estrat\u00e9gica de la econom\u00eda y la tecnolog\u00eda, prepar\u00e1ndolos para afrontar los retos del mundo laboral.<\/p>\n","protected":false},"excerpt":{"rendered":"<p>El IES L\u00f3pez de Arenas refuerza su compromiso con la formaci\u00f3n empresarial y digital. El 13 de noviembre de 2025, nuestro alumnado de Segundo de Grado B\u00e1sico de Servicios Administrativos y de Primero y Segundo de Grado Medio de Gesti\u00f3n &hellip; <a href=\"https:\/\/lopezdearenas.org\/inicio\/blog\/nuestro-alumnado-en-el-viii-congreso-de-educacion-financiera-en-malaga\/\">Sigue leyendo <span class=\"meta-nav\">&rarr;<\/span><\/a><\/p>\n","protected":false},"author":82,"featured_media":0,"comment_status":"closed","ping_status":"open","sticky":false,"template":"","format":"standard","meta":{"_jetpack_memberships_contains_paid_content":false,"footnotes":"","jetpack_publicize_message":"","jetpack_publicize_feature_enabled":true,"jetpack_social_post_already_shared":true,"jetpack_social_options":{"image_generator_settings":{"template":"highway","default_image_id":0,"enabled":false},"version":2}},"categories":[5],"tags":[45,232,233],"class_list":["post-17314","post","type-post","status-publish","format-standard","hentry","category-novedades","tag-ciclos-formativos","tag-congreso","tag-malaga"],"jetpack_publicize_connections":[],"jetpack_featured_media_url":"","jetpack_sharing_enabled":true,"_links":{"self":[{"href":"https:\/\/lopezdearenas.org\/inicio\/blog\/wp-json\/wp\/v2\/posts\/17314","targetHints":{"allow":["GET"]}}],"collection":[{"href":"https:\/\/lopezdearenas.org\/inicio\/blog\/wp-json\/wp\/v2\/posts"}],"about":[{"href":"https:\/\/lopezdearenas.org\/inicio\/blog\/wp-json\/wp\/v2\/types\/post"}],"author":[{"embeddable":true,"href":"https:\/\/lopezdearenas.org\/inicio\/blog\/wp-json\/wp\/v2\/users\/82"}],"replies":[{"embeddable":true,"href":"https:\/\/lopezdearenas.org\/inicio\/blog\/wp-json\/wp\/v2\/comments?post=17314"}],"version-history":[{"count":2,"href":"https:\/\/lopezdearenas.org\/inicio\/blog\/wp-json\/wp\/v2\/posts\/17314\/revisions"}],"predecessor-version":[{"id":17319,"href":"https:\/\/lopezdearenas.org\/inicio\/blog\/wp-json\/wp\/v2\/posts\/17314\/revisions\/17319"}],"wp:attachment":[{"href":"https:\/\/lopezdearenas.org\/inicio\/blog\/wp-json\/wp\/v2\/media?parent=17314"}],"wp:term":[{"taxonomy":"category","embeddable":true,"href":"https:\/\/lopezdearenas.org\/inicio\/blog\/wp-json\/wp\/v2\/categories?post=17314"},{"taxonomy":"post_tag","embeddable":true,"href":"https:\/\/lopezdearenas.org\/inicio\/blog\/wp-json\/wp\/v2\/tags?post=17314"}],"curies":[{"name":"wp","href":"https:\/\/api.w.org\/{rel}","templated":true}]}}