{"id":17195,"date":"2025-10-21T19:17:27","date_gmt":"2025-10-21T18:17:27","guid":{"rendered":"https:\/\/lopezdearenas.org\/inicio\/blog\/?p=17195"},"modified":"2025-10-21T19:17:27","modified_gmt":"2025-10-21T18:17:27","slug":"taller-como-prosperar-desde-tu-municipio","status":"publish","type":"post","link":"https:\/\/lopezdearenas.org\/inicio\/blog\/taller-como-prosperar-desde-tu-municipio\/","title":{"rendered":"Taller: \u00abC\u00f3mo prosperar desde tu municipio &#8230;\u00bb"},"content":{"rendered":"\n<p class=\"has-blue-color has-text-color has-link-color wp-elements-424441262fe55c9f64f69dc1992058b9\">La Universidad Men\u00e9ndez Pelayo ha organizado en el IES L\u00f3pez de Arenas un taller <strong>\u00abC\u00f3mo prosperar desde tu municipio de la provincia de Sevilla con clientes en cualquier lugar del mundo\u00bb<\/strong>.<\/p>\n\n\n\n<figure class=\"wp-block-image size-large\"><img loading=\"lazy\" decoding=\"async\" width=\"1024\" height=\"576\" src=\"https:\/\/lopezdearenas.org\/inicio\/blog\/wp-content\/uploads\/2025\/10\/WhatsApp-Image-2025-10-21-at-19.23.06-1-1024x576.jpeg\" alt=\"\" class=\"wp-image-17196\" srcset=\"https:\/\/lopezdearenas.org\/inicio\/blog\/wp-content\/uploads\/2025\/10\/WhatsApp-Image-2025-10-21-at-19.23.06-1-1024x576.jpeg 1024w, https:\/\/lopezdearenas.org\/inicio\/blog\/wp-content\/uploads\/2025\/10\/WhatsApp-Image-2025-10-21-at-19.23.06-1-300x169.jpeg 300w, https:\/\/lopezdearenas.org\/inicio\/blog\/wp-content\/uploads\/2025\/10\/WhatsApp-Image-2025-10-21-at-19.23.06-1-768x432.jpeg 768w, https:\/\/lopezdearenas.org\/inicio\/blog\/wp-content\/uploads\/2025\/10\/WhatsApp-Image-2025-10-21-at-19.23.06-1-1536x864.jpeg 1536w, https:\/\/lopezdearenas.org\/inicio\/blog\/wp-content\/uploads\/2025\/10\/WhatsApp-Image-2025-10-21-at-19.23.06-1-500x281.jpeg 500w, https:\/\/lopezdearenas.org\/inicio\/blog\/wp-content\/uploads\/2025\/10\/WhatsApp-Image-2025-10-21-at-19.23.06-1.jpeg 1599w\" sizes=\"auto, (max-width: 1024px) 100vw, 1024px\" \/><\/figure>\n\n\n\n<figure class=\"wp-block-image size-large\"><img loading=\"lazy\" decoding=\"async\" width=\"768\" height=\"1024\" src=\"https:\/\/lopezdearenas.org\/inicio\/blog\/wp-content\/uploads\/2025\/10\/WhatsApp-Image-2025-10-21-at-19.23.07-768x1024.jpeg\" alt=\"\" class=\"wp-image-17197\" srcset=\"https:\/\/lopezdearenas.org\/inicio\/blog\/wp-content\/uploads\/2025\/10\/WhatsApp-Image-2025-10-21-at-19.23.07-768x1024.jpeg 768w, https:\/\/lopezdearenas.org\/inicio\/blog\/wp-content\/uploads\/2025\/10\/WhatsApp-Image-2025-10-21-at-19.23.07-225x300.jpeg 225w, https:\/\/lopezdearenas.org\/inicio\/blog\/wp-content\/uploads\/2025\/10\/WhatsApp-Image-2025-10-21-at-19.23.07-1152x1536.jpeg 1152w, https:\/\/lopezdearenas.org\/inicio\/blog\/wp-content\/uploads\/2025\/10\/WhatsApp-Image-2025-10-21-at-19.23.07.jpeg 1200w\" sizes=\"auto, (max-width: 768px) 100vw, 768px\" \/><\/figure>\n\n\n\n<p>Donde han intervenido Paola Corbal\u00e1n, que ha sido directora general de la empresa Reyvarsur, desde Dos Hermanas, y ahora asesora a empresas y a personas emprendedoras; V\u00edctor Zayas, fundador y director general de la empresa Emobok, de \u00c9cija, y Juan Luis Pav\u00f3n de la Universidad Men\u00e9ndez Pelayo.<\/p>\n\n\n\n<figure class=\"wp-block-image size-large\"><img loading=\"lazy\" decoding=\"async\" width=\"1024\" height=\"576\" src=\"https:\/\/lopezdearenas.org\/inicio\/blog\/wp-content\/uploads\/2025\/10\/WhatsApp-Image-2025-10-21-at-19.23.07-1-1024x576.jpeg\" alt=\"\" class=\"wp-image-17198\" srcset=\"https:\/\/lopezdearenas.org\/inicio\/blog\/wp-content\/uploads\/2025\/10\/WhatsApp-Image-2025-10-21-at-19.23.07-1-1024x576.jpeg 1024w, https:\/\/lopezdearenas.org\/inicio\/blog\/wp-content\/uploads\/2025\/10\/WhatsApp-Image-2025-10-21-at-19.23.07-1-300x169.jpeg 300w, https:\/\/lopezdearenas.org\/inicio\/blog\/wp-content\/uploads\/2025\/10\/WhatsApp-Image-2025-10-21-at-19.23.07-1-768x432.jpeg 768w, https:\/\/lopezdearenas.org\/inicio\/blog\/wp-content\/uploads\/2025\/10\/WhatsApp-Image-2025-10-21-at-19.23.07-1-1536x864.jpeg 1536w, https:\/\/lopezdearenas.org\/inicio\/blog\/wp-content\/uploads\/2025\/10\/WhatsApp-Image-2025-10-21-at-19.23.07-1-500x281.jpeg 500w, https:\/\/lopezdearenas.org\/inicio\/blog\/wp-content\/uploads\/2025\/10\/WhatsApp-Image-2025-10-21-at-19.23.07-1.jpeg 1599w\" sizes=\"auto, (max-width: 1024px) 100vw, 1024px\" \/><\/figure>\n\n\n\n<p>Este taller ha estado dirigido al alumnado de segundo de grado b\u00e1sico, medio y superior de la familia de Administraci\u00f3n y Gesti\u00f3n.<\/p>\n\n\n\n<figure class=\"wp-block-image size-large\"><img loading=\"lazy\" decoding=\"async\" width=\"1024\" height=\"576\" src=\"https:\/\/lopezdearenas.org\/inicio\/blog\/wp-content\/uploads\/2025\/10\/WhatsApp-Image-2025-10-21-at-19.23.07-2-1024x576.jpeg\" alt=\"\" class=\"wp-image-17199\" srcset=\"https:\/\/lopezdearenas.org\/inicio\/blog\/wp-content\/uploads\/2025\/10\/WhatsApp-Image-2025-10-21-at-19.23.07-2-1024x576.jpeg 1024w, https:\/\/lopezdearenas.org\/inicio\/blog\/wp-content\/uploads\/2025\/10\/WhatsApp-Image-2025-10-21-at-19.23.07-2-300x169.jpeg 300w, https:\/\/lopezdearenas.org\/inicio\/blog\/wp-content\/uploads\/2025\/10\/WhatsApp-Image-2025-10-21-at-19.23.07-2-768x432.jpeg 768w, https:\/\/lopezdearenas.org\/inicio\/blog\/wp-content\/uploads\/2025\/10\/WhatsApp-Image-2025-10-21-at-19.23.07-2-1536x864.jpeg 1536w, https:\/\/lopezdearenas.org\/inicio\/blog\/wp-content\/uploads\/2025\/10\/WhatsApp-Image-2025-10-21-at-19.23.07-2-500x281.jpeg 500w, https:\/\/lopezdearenas.org\/inicio\/blog\/wp-content\/uploads\/2025\/10\/WhatsApp-Image-2025-10-21-at-19.23.07-2.jpeg 1599w\" sizes=\"auto, (max-width: 1024px) 100vw, 1024px\" \/><\/figure>\n\n\n\n<figure class=\"wp-block-image size-large\"><img loading=\"lazy\" decoding=\"async\" width=\"768\" height=\"1024\" src=\"https:\/\/lopezdearenas.org\/inicio\/blog\/wp-content\/uploads\/2025\/10\/WhatsApp-Image-2025-10-21-at-19.23.07-4-768x1024.jpeg\" alt=\"\" class=\"wp-image-17200\" srcset=\"https:\/\/lopezdearenas.org\/inicio\/blog\/wp-content\/uploads\/2025\/10\/WhatsApp-Image-2025-10-21-at-19.23.07-4-768x1024.jpeg 768w, https:\/\/lopezdearenas.org\/inicio\/blog\/wp-content\/uploads\/2025\/10\/WhatsApp-Image-2025-10-21-at-19.23.07-4-225x300.jpeg 225w, https:\/\/lopezdearenas.org\/inicio\/blog\/wp-content\/uploads\/2025\/10\/WhatsApp-Image-2025-10-21-at-19.23.07-4-1152x1536.jpeg 1152w, https:\/\/lopezdearenas.org\/inicio\/blog\/wp-content\/uploads\/2025\/10\/WhatsApp-Image-2025-10-21-at-19.23.07-4.jpeg 1200w\" sizes=\"auto, (max-width: 768px) 100vw, 768px\" \/><\/figure>\n","protected":false},"excerpt":{"rendered":"<p>La Universidad Men\u00e9ndez Pelayo ha organizado en el IES L\u00f3pez de Arenas un taller \u00abC\u00f3mo prosperar desde tu municipio de la provincia de Sevilla con clientes en cualquier lugar del mundo\u00bb. Donde han intervenido Paola Corbal\u00e1n, que ha sido directora &hellip; <a href=\"https:\/\/lopezdearenas.org\/inicio\/blog\/taller-como-prosperar-desde-tu-municipio\/\">Sigue leyendo <span class=\"meta-nav\">&rarr;<\/span><\/a><\/p>\n","protected":false},"author":1,"featured_media":0,"comment_status":"closed","ping_status":"open","sticky":false,"template":"","format":"standard","meta":{"_jetpack_memberships_contains_paid_content":false,"footnotes":"","jetpack_publicize_message":"","jetpack_publicize_feature_enabled":true,"jetpack_social_post_already_shared":true,"jetpack_social_options":{"image_generator_settings":{"template":"highway","default_image_id":0,"enabled":false},"version":2}},"categories":[5],"tags":[84,8,45,22,28,23],"class_list":["post-17195","post","type-post","status-publish","format-standard","hentry","category-novedades","tag-administrativo","tag-alumnos","tag-ciclos-formativos","tag-emprender","tag-instituto","tag-jovemprende"],"jetpack_publicize_connections":[],"jetpack_featured_media_url":"","jetpack_sharing_enabled":true,"_links":{"self":[{"href":"https:\/\/lopezdearenas.org\/inicio\/blog\/wp-json\/wp\/v2\/posts\/17195","targetHints":{"allow":["GET"]}}],"collection":[{"href":"https:\/\/lopezdearenas.org\/inicio\/blog\/wp-json\/wp\/v2\/posts"}],"about":[{"href":"https:\/\/lopezdearenas.org\/inicio\/blog\/wp-json\/wp\/v2\/types\/post"}],"author":[{"embeddable":true,"href":"https:\/\/lopezdearenas.org\/inicio\/blog\/wp-json\/wp\/v2\/users\/1"}],"replies":[{"embeddable":true,"href":"https:\/\/lopezdearenas.org\/inicio\/blog\/wp-json\/wp\/v2\/comments?post=17195"}],"version-history":[{"count":1,"href":"https:\/\/lopezdearenas.org\/inicio\/blog\/wp-json\/wp\/v2\/posts\/17195\/revisions"}],"predecessor-version":[{"id":17201,"href":"https:\/\/lopezdearenas.org\/inicio\/blog\/wp-json\/wp\/v2\/posts\/17195\/revisions\/17201"}],"wp:attachment":[{"href":"https:\/\/lopezdearenas.org\/inicio\/blog\/wp-json\/wp\/v2\/media?parent=17195"}],"wp:term":[{"taxonomy":"category","embeddable":true,"href":"https:\/\/lopezdearenas.org\/inicio\/blog\/wp-json\/wp\/v2\/categories?post=17195"},{"taxonomy":"post_tag","embeddable":true,"href":"https:\/\/lopezdearenas.org\/inicio\/blog\/wp-json\/wp\/v2\/tags?post=17195"}],"curies":[{"name":"wp","href":"https:\/\/api.w.org\/{rel}","templated":true}]}}