{"id":1719,"date":"2014-09-08T12:13:03","date_gmt":"2014-09-08T11:13:03","guid":{"rendered":"http:\/\/lopezdearenas.org\/inicio\/blog\/?p=1719"},"modified":"2014-09-11T10:34:10","modified_gmt":"2014-09-11T09:34:10","slug":"inicio-del-curso-20142015","status":"publish","type":"post","link":"https:\/\/lopezdearenas.org\/inicio\/blog\/inicio-del-curso-20142015\/","title":{"rendered":"Inicio del curso 2014\/2015 (modificaci\u00f3n)"},"content":{"rendered":"<h6><span style=\"color: #ff0000;\"><strong>Modificaci\u00f3n en las horas de incorporaci\u00f3n del primer d\u00eda de clase.<\/strong><\/span><\/h6>\n<p>El pr\u00f3ximo lunes 15 de septiembre comenzar\u00e1 el curso acad\u00e9mico 2014\/2015.<\/p>\n<p>La incorporaci\u00f3n del alumnado en nuestro centro se realizar\u00e1 de forma escalonada seg\u00fan la siguiente planificaci\u00f3n:<\/p>\n<p><span style=\"color: #ff0000;\"><strong>&#8211; 10:00 <\/strong><\/span>Recepci\u00f3n de 1\u00ba ESO A y B por el equipo directivo en la Biblioteca. A las 10:30 el tutor\/a lo llevar\u00e1 a su aula de referencia.<\/p>\n<p><span style=\"color: #ff0000;\"><strong>&#8211; 10:30 <\/strong><\/span>Recepci\u00f3n de 1\u00ba ESO C, D y E por el equipo directivo en la Biblioteca. A las 11:00 el tutor\/a lo llevar\u00e1 a su aula de referencia.<\/p>\n<p><span style=\"color: #ff0000;\"><strong>&#8211; 11:00 <\/strong><\/span>Recepci\u00f3n de 2\u00ba ESO A y B por el equipo directivo en la Biblioteca. A las 11:30 el tutor\/a lo llevar\u00e1 a su aula de referencia.<\/p>\n<p><span style=\"color: #ff0000;\"><strong>&#8211; 11:00<\/strong><\/span> Recepci\u00f3n del alumnado con Necesidades Educativas Especiales en el Aula de Apoyo.<\/p>\n<p><span style=\"color: #ff0000;\"><strong>&#8211; 11:30<\/strong><\/span>\u00a0Recepci\u00f3n de 2\u00ba ESO C y D por el equipo directivo en la Biblioteca. A las 12:00 el tutor\/a lo llevar\u00e1 a su aula de referencia.<\/p>\n<p><span style=\"color: #ff0000;\"><strong>&#8211; 11:45<\/strong><\/span>\u00a0Recepci\u00f3n de 3\u00ba de ESO en sus respectivas aulas de referencia.<\/p>\n<p><span style=\"color: #ff0000;\"><strong>&#8211; 12:00<\/strong><\/span>\u00a0Recepci\u00f3n de 4\u00ba ESO \u00a0en sus respectivas aulas de referencia.<\/p>\n<p><span style=\"color: #ff0000;\"><strong>&#8211; 12:00 a 12:30<\/strong><\/span>\u00a0Recreo.<\/p>\n<p><span style=\"color: #ff0000;\"><strong>&#8211; 12:00<\/strong><\/span>\u00a0Recepci\u00f3n de 2\u00ba PCPI y 1\u00ba FPB en la Biblioteca por el Equipo Directivo.<\/p>\n<p><span style=\"color: #ff0000;\"><strong>&#8211; 13:00 <\/strong><\/span>Recepci\u00f3n de Bachillerato en la respectivas clases de referencia.<\/p>\n<p><span style=\"color: #ff0000;\"><strong>&#8211; 13:00<\/strong><\/span>\u00a0Recepci\u00f3n de Ciclos Formativos\u00a0en la Biblioteca por el Equipo Directivo.<\/p>\n<p><span style=\"color: #ff0000;\"><strong>&#8211; 13:00<\/strong><\/span>\u00a0A partir de esta hora se desarrollar\u00e1 el horario lectivo ordinario.<\/p>\n<p style=\"text-align: center;\"><span style=\"color: #008000;\"><strong>Aulas de Referencia<\/strong><\/span><\/p>\n<p><a href=\"http:\/\/lopezdearenas.org\/inicio\/blog\/wp-content\/uploads\/2014\/09\/Aulas.jpg\"><img loading=\"lazy\" decoding=\"async\" class=\"aligncenter size-medium wp-image-1726\" src=\"http:\/\/lopezdearenas.org\/inicio\/blog\/wp-content\/uploads\/2014\/09\/Aulas-211x300.jpg\" alt=\"Aulas\" width=\"211\" height=\"300\" srcset=\"https:\/\/lopezdearenas.org\/inicio\/blog\/wp-content\/uploads\/2014\/09\/Aulas-211x300.jpg 211w, https:\/\/lopezdearenas.org\/inicio\/blog\/wp-content\/uploads\/2014\/09\/Aulas-723x1024.jpg 723w, https:\/\/lopezdearenas.org\/inicio\/blog\/wp-content\/uploads\/2014\/09\/Aulas.jpg 1239w\" sizes=\"auto, (max-width: 211px) 100vw, 211px\" \/><\/a><\/p>\n","protected":false},"excerpt":{"rendered":"<p>Modificaci\u00f3n en las horas de incorporaci\u00f3n del primer d\u00eda de clase. El pr\u00f3ximo lunes 15 de septiembre comenzar\u00e1 el curso acad\u00e9mico 2014\/2015. La incorporaci\u00f3n del alumnado en nuestro centro se realizar\u00e1 de forma escalonada seg\u00fan la siguiente planificaci\u00f3n: &#8211; 10:00 &hellip; <a href=\"https:\/\/lopezdearenas.org\/inicio\/blog\/inicio-del-curso-20142015\/\">Sigue leyendo <span class=\"meta-nav\">&rarr;<\/span><\/a><\/p>\n","protected":false},"author":1,"featured_media":0,"comment_status":"open","ping_status":"open","sticky":false,"template":"","format":"standard","meta":{"_jetpack_memberships_contains_paid_content":false,"footnotes":"","jetpack_publicize_message":"","jetpack_publicize_feature_enabled":true,"jetpack_social_post_already_shared":true,"jetpack_social_options":{"image_generator_settings":{"template":"highway","default_image_id":0,"enabled":false},"version":2}},"categories":[5],"tags":[],"class_list":["post-1719","post","type-post","status-publish","format-standard","hentry","category-novedades"],"jetpack_publicize_connections":[],"jetpack_featured_media_url":"","jetpack_sharing_enabled":true,"_links":{"self":[{"href":"https:\/\/lopezdearenas.org\/inicio\/blog\/wp-json\/wp\/v2\/posts\/1719","targetHints":{"allow":["GET"]}}],"collection":[{"href":"https:\/\/lopezdearenas.org\/inicio\/blog\/wp-json\/wp\/v2\/posts"}],"about":[{"href":"https:\/\/lopezdearenas.org\/inicio\/blog\/wp-json\/wp\/v2\/types\/post"}],"author":[{"embeddable":true,"href":"https:\/\/lopezdearenas.org\/inicio\/blog\/wp-json\/wp\/v2\/users\/1"}],"replies":[{"embeddable":true,"href":"https:\/\/lopezdearenas.org\/inicio\/blog\/wp-json\/wp\/v2\/comments?post=1719"}],"version-history":[{"count":7,"href":"https:\/\/lopezdearenas.org\/inicio\/blog\/wp-json\/wp\/v2\/posts\/1719\/revisions"}],"predecessor-version":[{"id":1731,"href":"https:\/\/lopezdearenas.org\/inicio\/blog\/wp-json\/wp\/v2\/posts\/1719\/revisions\/1731"}],"wp:attachment":[{"href":"https:\/\/lopezdearenas.org\/inicio\/blog\/wp-json\/wp\/v2\/media?parent=1719"}],"wp:term":[{"taxonomy":"category","embeddable":true,"href":"https:\/\/lopezdearenas.org\/inicio\/blog\/wp-json\/wp\/v2\/categories?post=1719"},{"taxonomy":"post_tag","embeddable":true,"href":"https:\/\/lopezdearenas.org\/inicio\/blog\/wp-json\/wp\/v2\/tags?post=1719"}],"curies":[{"name":"wp","href":"https:\/\/api.w.org\/{rel}","templated":true}]}}