{"id":17093,"date":"2025-07-18T10:38:25","date_gmt":"2025-07-18T09:38:25","guid":{"rendered":"https:\/\/lopezdearenas.org\/inicio\/blog\/?p=17093"},"modified":"2025-07-18T10:46:56","modified_gmt":"2025-07-18T09:46:56","slug":"el-iesla-coordina-una-agrupacion-de-centros-a-nivel-nacional-ministerio-de-educacion","status":"publish","type":"post","link":"https:\/\/lopezdearenas.org\/inicio\/blog\/el-iesla-coordina-una-agrupacion-de-centros-a-nivel-nacional-ministerio-de-educacion\/","title":{"rendered":"EL IESLA COORDINAR\u00c1 UNA AGRUPACI\u00d3N DE CENTROS A NIVEL NACIONAL (Ministerio de Educaci\u00f3n)"},"content":{"rendered":"\n<p>Nos complace comunicar que el <strong>IES L\u00f3pez de Arenas<\/strong> ha sido uno de los centros seleccionados en la <strong>Resoluci\u00f3n de la Secretar\u00eda de Estado de Educaci\u00f3n<\/strong>, en la convocatoria de ayudas destinadas a promover <strong>agrupaciones de centros educativos<\/strong>. Gracias a este reconocimiento, nuestro centro recibir\u00e1 una ayuda de <strong>11.500 \u20ac<\/strong> para llevar a cabo este proyecto ilusionante, titulado:<\/p>\n\n\n\n<p><strong>\u00abLA VOZ A TI DEBIDA: LA LITERATURA AL SERVICIO DE LAS PERSONAS DEPENDIENTES\u00bb<\/strong><\/p>\n\n\n\n<p><strong>\u00bfQu\u00e9 es una Agrupaci\u00f3n de Centros?<\/strong><br>Se trata de una iniciativa del Ministerio de Educaci\u00f3n que busca fomentar el trabajo colaborativo entre centros educativos de diferentes comunidades aut\u00f3nomas, favoreciendo el intercambio de buenas pr\u00e1cticas, la innovaci\u00f3n metodol\u00f3gica y la participaci\u00f3n activa del alumnado en experiencias educativas compartidas.<\/p>\n\n\n\n<p><strong>Nuestro proyecto<\/strong>, centrado en el <strong>fomento de la lectura y el Aprendizaje-Servicio (ApS)<\/strong>, se desarrollar\u00e1 a lo largo de <strong>dos cursos acad\u00e9micos: 2025\/2026 y 2026\/2027<\/strong>, y supondr\u00e1 una oportunidad \u00fanica para que nuestros estudiantes y docentes participen en actividades con impacto social y educativo real, dirigidas a personas dependientes en nuestros entornos.<\/p>\n\n\n\n<p>El IES L\u00f3pez de Arenas <strong>coordina esta agrupaci\u00f3n<\/strong>, en la que participan los siguientes centros educativos:<\/p>\n\n\n\n<ul class=\"wp-block-list\">\n<li><strong>IES ISABEL PERILL\u00c1N Y QUIR\u00d3S<\/strong>, Campo de Criptana (Castilla-La Mancha)<\/li>\n\n\n\n<li><strong>IES ANTONIO DE NEBRIJA<\/strong>, Zalamea de la Serena (Extremadura)<\/li>\n\n\n\n<li><strong>IES LUIS DIEGO CUSCOY<\/strong>, Arona (Santa Cruz de Tenerife)<\/li>\n<\/ul>\n\n\n\n<p>Entre las actividades previstas, se contemplan <strong>movilidades del alumnado<\/strong> entre los centros participantes, permitiendo el intercambio de experiencias y el fortalecimiento de redes de colaboraci\u00f3n interterritorial. Es decir, que acogeremos en Marchena a alumnado de Campo de Criptana, Zalamea de la Serena y Arona y nuestro alumnado viajar\u00e1 a estos lugares tambi\u00e9n, gracias al amor por la lectura y a la solidaridad con las personas dependientes. As\u00ed que si eres alumno o alumna del centro o lees esto como padre o madre, apuesta por la lectura, ya que en el IES L\u00f3pez de Arenas, la lectura te puede llevar muy lejos literalmente.<\/p>\n\n\n\n<p>Estamos muy <strong>ilusionados<\/strong> con este nuevo reto y comprometidos con llevar adelante un proyecto que nos define como centro y que conecta la lectura con la acci\u00f3n solidaria, la cultura con el compromiso y la escuela con la vida.<\/p>\n\n\n\n<p>A lo largo del desarrollo del proyecto, <strong>compartiremos todas las novedades<\/strong> en nuestras plataformas oficiales. Adem\u00e1s, est\u00e1 prevista la creaci\u00f3n de una p\u00e1gina web espec\u00edfica del proyecto donde se podr\u00e1 seguir su evoluci\u00f3n y resultados.<\/p>\n\n\n\n<p>Permanezcan atentos, porque el IES L\u00f3pez de Arenas no deja de crecer, entre todos y todas lo hacemos cada vez m\u00e1s grande.<\/p>\n","protected":false},"excerpt":{"rendered":"<p>Nos complace comunicar que el IES L\u00f3pez de Arenas ha sido uno de los centros seleccionados en la Resoluci\u00f3n de la Secretar\u00eda de Estado de Educaci\u00f3n, en la convocatoria de ayudas destinadas a promover agrupaciones de centros educativos. Gracias a &hellip; <a href=\"https:\/\/lopezdearenas.org\/inicio\/blog\/el-iesla-coordina-una-agrupacion-de-centros-a-nivel-nacional-ministerio-de-educacion\/\">Sigue leyendo <span class=\"meta-nav\">&rarr;<\/span><\/a><\/p>\n","protected":false},"author":82,"featured_media":0,"comment_status":"closed","ping_status":"open","sticky":false,"template":"","format":"standard","meta":{"_jetpack_memberships_contains_paid_content":false,"footnotes":"","jetpack_publicize_message":"","jetpack_publicize_feature_enabled":true,"jetpack_social_post_already_shared":false,"jetpack_social_options":{"image_generator_settings":{"template":"highway","default_image_id":0,"enabled":false},"version":2}},"categories":[5],"tags":[171,174,166,175,167,172,173],"class_list":["post-17093","post","type-post","status-publish","format-standard","hentry","category-novedades","tag-agrupamientos-de-centros","tag-alumnado","tag-aps","tag-fomento-de-la-lectura","tag-la-voz-a-ti-debida","tag-ministerio-de-educacion","tag-movilidades"],"jetpack_publicize_connections":[],"jetpack_featured_media_url":"","jetpack_sharing_enabled":true,"_links":{"self":[{"href":"https:\/\/lopezdearenas.org\/inicio\/blog\/wp-json\/wp\/v2\/posts\/17093","targetHints":{"allow":["GET"]}}],"collection":[{"href":"https:\/\/lopezdearenas.org\/inicio\/blog\/wp-json\/wp\/v2\/posts"}],"about":[{"href":"https:\/\/lopezdearenas.org\/inicio\/blog\/wp-json\/wp\/v2\/types\/post"}],"author":[{"embeddable":true,"href":"https:\/\/lopezdearenas.org\/inicio\/blog\/wp-json\/wp\/v2\/users\/82"}],"replies":[{"embeddable":true,"href":"https:\/\/lopezdearenas.org\/inicio\/blog\/wp-json\/wp\/v2\/comments?post=17093"}],"version-history":[{"count":3,"href":"https:\/\/lopezdearenas.org\/inicio\/blog\/wp-json\/wp\/v2\/posts\/17093\/revisions"}],"predecessor-version":[{"id":17099,"href":"https:\/\/lopezdearenas.org\/inicio\/blog\/wp-json\/wp\/v2\/posts\/17093\/revisions\/17099"}],"wp:attachment":[{"href":"https:\/\/lopezdearenas.org\/inicio\/blog\/wp-json\/wp\/v2\/media?parent=17093"}],"wp:term":[{"taxonomy":"category","embeddable":true,"href":"https:\/\/lopezdearenas.org\/inicio\/blog\/wp-json\/wp\/v2\/categories?post=17093"},{"taxonomy":"post_tag","embeddable":true,"href":"https:\/\/lopezdearenas.org\/inicio\/blog\/wp-json\/wp\/v2\/tags?post=17093"}],"curies":[{"name":"wp","href":"https:\/\/api.w.org\/{rel}","templated":true}]}}