{"id":17091,"date":"2025-07-14T10:32:17","date_gmt":"2025-07-14T09:32:17","guid":{"rendered":"https:\/\/lopezdearenas.org\/inicio\/blog\/?p=17091"},"modified":"2025-07-18T10:43:45","modified_gmt":"2025-07-18T09:43:45","slug":"nuestro-centro-sera-aps-en-2025-2026","status":"publish","type":"post","link":"https:\/\/lopezdearenas.org\/inicio\/blog\/nuestro-centro-sera-aps-en-2025-2026\/","title":{"rendered":"\u00a1\u00a1NUESTRO CENTRO SER\u00c1 APS EN 2025\/2026!!"},"content":{"rendered":"\n<p>Nos complace compartir una excelente noticia: el IES L\u00f3pez de Arenas ha sido seleccionado oficialmente para desarrollar un Proyecto de Aprendizaje-Servicio (ApS) durante el curso 2025\/2026, tras la publicaci\u00f3n de la <a href=\"https:\/\/www.juntadeandalucia.es\/educacion\/portales\/web\/inspeccion-educativa\/w\/resolucion-provisional-de-3-de-julio-de-202-por-la-que-se-autorizan-los-centros-docentes-sostenidos-con-fondos-publicos-y-residencias-escolares-de-andalucia-para-la-implantacion-y-desarrollo-de-los-aps-para-el-curso-2025-2026\">Resoluci\u00f3n provisional del 3 de julio de 2025 por la Direcci\u00f3n General de Participaci\u00f3n e Inclusi\u00f3n Educativa<\/a>.<br>Con una puntuaci\u00f3n de 85 puntos sobre 100, hemos alcanzado el quinto puesto dicha Convocatoria de la Consejer\u00eda de Desarrollo Educativo y FP de Andaluc\u00eda, consolidando as\u00ed el reconocimiento a nuestro compromiso con una educaci\u00f3n transformadora, cr\u00edtica y solidaria.<\/p>\n\n\n\n<p>Este nuevo proyecto \u2014una evoluci\u00f3n natural del trabajo desarrollado en \u201c<strong>La voz a ti debida<\/strong>\u201d\u2014 ha sido concebido para <strong>crear comunidad a trav\u00e9s de la lectura, la palabra y la acci\u00f3n compartida<\/strong>, extendiendo el aula m\u00e1s all\u00e1 de sus muros.<\/p>\n\n\n\n<p>El proyecto se desarrollar\u00e1 en estrecha colaboraci\u00f3n con entidades locales y provinciales, con un car\u00e1cter social que han demostrado un firme compromiso con la educaci\u00f3n y el bien com\u00fan. Son las siguientes:<\/p>\n\n\n\n<ul class=\"wp-block-list\">\n<li><strong>Ayuntamiento de Marchena<\/strong>: Brindar\u00e1 apoyo institucional y log\u00edstico, colaborando especialmente a trav\u00e9s de las concejal\u00edas de Asuntos Sociales, Igualdad, Juventud, Cultura, Educaci\u00f3n.<\/li>\n\n\n\n<li><strong>RTV Marchena<\/strong>: Difundir\u00e1 nuestras actividades en medios locales y producir\u00e1 programas espec\u00edficos sobre los servicios de lectura y las experiencias de aprendizaje desarrolladas.<\/li>\n\n\n\n<li><strong>Residencia de mayores \u201cLA MILAGROSA\u201d (Diputaci\u00f3n de Sevilla) y el Centro Residencial para personas mayores (Junta de Andaluc\u00eda) <\/strong>: Acoger\u00e1n actividades lectoras y terap\u00e9uticas, promoviendo el v\u00ednculo entre generaciones y el bienestar emocional de sus residentes.<\/li>\n\n\n\n<li><strong>Asociaci\u00f3n ADISMAR<\/strong>: Desarrollar\u00e1 junto al centro talleres inclusivos adaptados, incorporando lecturas significativas para personas con discapacidad.<\/li>\n\n\n\n<li><strong>Aula Hospitalaria del Hospital Virgen del Roc\u00edo<\/strong>: Se sumar\u00e1 con iniciativas lectoras y educativas dirigidas a pacientes pedi\u00e1tricos, asegurando continuidad formativa y est\u00edmulo emocional durante su estancia hospitalaria.<\/li>\n\n\n\n<li><strong>Asociaci\u00f3n DIME (Memoria Hist\u00f3rica)<\/strong>: Promover\u00e1 actividades que vinculen la lectura con la memoria democr\u00e1tica, implicando al alumnado en la investigaci\u00f3n y difusi\u00f3n de la historia local.<\/li>\n<\/ul>\n\n\n\n<p>Gracias a esta red de alianzas, el IES L\u00f3pez de Arenas refuerza su papel como centro de referencia en metodolog\u00edas activas, lectura cr\u00edtica y compromiso social.<br>Seguimos leyendo. Seguimos construyendo comunidad. Seguimos aprendiendo haciendo.<\/p>\n","protected":false},"excerpt":{"rendered":"<p>Nos complace compartir una excelente noticia: el IES L\u00f3pez de Arenas ha sido seleccionado oficialmente para desarrollar un Proyecto de Aprendizaje-Servicio (ApS) durante el curso 2025\/2026, tras la publicaci\u00f3n de la Resoluci\u00f3n provisional del 3 de julio de 2025 por &hellip; <a href=\"https:\/\/lopezdearenas.org\/inicio\/blog\/nuestro-centro-sera-aps-en-2025-2026\/\">Sigue leyendo <span class=\"meta-nav\">&rarr;<\/span><\/a><\/p>\n","protected":false},"author":82,"featured_media":0,"comment_status":"closed","ping_status":"open","sticky":false,"template":"","format":"standard","meta":{"_jetpack_memberships_contains_paid_content":false,"footnotes":"","jetpack_publicize_message":"","jetpack_publicize_feature_enabled":true,"jetpack_social_post_already_shared":true,"jetpack_social_options":{"image_generator_settings":{"template":"highway","default_image_id":0,"enabled":false},"version":2}},"categories":[5],"tags":[166,167],"class_list":["post-17091","post","type-post","status-publish","format-standard","hentry","category-novedades","tag-aps","tag-la-voz-a-ti-debida"],"jetpack_publicize_connections":[],"jetpack_featured_media_url":"","jetpack_sharing_enabled":true,"_links":{"self":[{"href":"https:\/\/lopezdearenas.org\/inicio\/blog\/wp-json\/wp\/v2\/posts\/17091","targetHints":{"allow":["GET"]}}],"collection":[{"href":"https:\/\/lopezdearenas.org\/inicio\/blog\/wp-json\/wp\/v2\/posts"}],"about":[{"href":"https:\/\/lopezdearenas.org\/inicio\/blog\/wp-json\/wp\/v2\/types\/post"}],"author":[{"embeddable":true,"href":"https:\/\/lopezdearenas.org\/inicio\/blog\/wp-json\/wp\/v2\/users\/82"}],"replies":[{"embeddable":true,"href":"https:\/\/lopezdearenas.org\/inicio\/blog\/wp-json\/wp\/v2\/comments?post=17091"}],"version-history":[{"count":2,"href":"https:\/\/lopezdearenas.org\/inicio\/blog\/wp-json\/wp\/v2\/posts\/17091\/revisions"}],"predecessor-version":[{"id":17097,"href":"https:\/\/lopezdearenas.org\/inicio\/blog\/wp-json\/wp\/v2\/posts\/17091\/revisions\/17097"}],"wp:attachment":[{"href":"https:\/\/lopezdearenas.org\/inicio\/blog\/wp-json\/wp\/v2\/media?parent=17091"}],"wp:term":[{"taxonomy":"category","embeddable":true,"href":"https:\/\/lopezdearenas.org\/inicio\/blog\/wp-json\/wp\/v2\/categories?post=17091"},{"taxonomy":"post_tag","embeddable":true,"href":"https:\/\/lopezdearenas.org\/inicio\/blog\/wp-json\/wp\/v2\/tags?post=17091"}],"curies":[{"name":"wp","href":"https:\/\/api.w.org\/{rel}","templated":true}]}}