{"id":17058,"date":"2025-06-26T13:31:14","date_gmt":"2025-06-26T12:31:14","guid":{"rendered":"https:\/\/lopezdearenas.org\/inicio\/blog\/?p=17058"},"modified":"2025-07-14T09:50:07","modified_gmt":"2025-07-14T08:50:07","slug":"entrevista-a-antonia-espinosa-antoni","status":"publish","type":"post","link":"https:\/\/lopezdearenas.org\/inicio\/blog\/entrevista-a-antonia-espinosa-antoni\/","title":{"rendered":"Entrevista a Antonia Espinosa"},"content":{"rendered":"<div class=\"wp-block-image\">\n<figure class=\"aligncenter size-large is-resized\"><img loading=\"lazy\" decoding=\"async\" width=\"715\" height=\"1024\" src=\"https:\/\/lopezdearenas.org\/inicio\/blog\/wp-content\/uploads\/2025\/06\/WhatsApp-Image-2025-06-25-at-15.32.38-1-715x1024.jpeg\" alt=\"\" class=\"wp-image-17060\" style=\"width:315px;height:auto\" srcset=\"https:\/\/lopezdearenas.org\/inicio\/blog\/wp-content\/uploads\/2025\/06\/WhatsApp-Image-2025-06-25-at-15.32.38-1-715x1024.jpeg 715w, https:\/\/lopezdearenas.org\/inicio\/blog\/wp-content\/uploads\/2025\/06\/WhatsApp-Image-2025-06-25-at-15.32.38-1-210x300.jpeg 210w, https:\/\/lopezdearenas.org\/inicio\/blog\/wp-content\/uploads\/2025\/06\/WhatsApp-Image-2025-06-25-at-15.32.38-1-768x1099.jpeg 768w, https:\/\/lopezdearenas.org\/inicio\/blog\/wp-content\/uploads\/2025\/06\/WhatsApp-Image-2025-06-25-at-15.32.38-1-1073x1536.jpeg 1073w, https:\/\/lopezdearenas.org\/inicio\/blog\/wp-content\/uploads\/2025\/06\/WhatsApp-Image-2025-06-25-at-15.32.38-1-1431x2048.jpeg 1431w, https:\/\/lopezdearenas.org\/inicio\/blog\/wp-content\/uploads\/2025\/06\/WhatsApp-Image-2025-06-25-at-15.32.38-1-scaled.jpeg 1789w\" sizes=\"auto, (max-width: 715px) 100vw, 715px\" \/><\/figure><\/div>\n\n\n<p>Por el alumnado de Valores \u00c9ticos, 2\u00ba ESO C.<\/p>\n\n\n\n<p>Empezamos por lo \u00faltimo: el d\u00eda de tu despedida fue muy especial: \u00bfQu\u00e9 te pareci\u00f3 la sorpresa del profesorado, tus compa\u00f1eras y el alumnado? (Lucia Gavira).<br><strong>Fue una sorpresa que no me esperaba, para mi iba ser un d\u00eda como cualquier otro sabiendo que era mi \u00faltimo d\u00eda. Me qued\u00e9 sin palabras cuando vi a los alumnos, profesores, compa\u00f1eras y familia repartidos por los pasillos. Ese d\u00eda nunca lo olvidar\u00e9, dando siempre las gracias por como se han portado conmigo todos estos a\u00f1os.<\/strong><\/p>\n\n\n\n<p>Vamos a volver al inicio de todo: \u00bfC\u00f3mo fue tu primer d\u00eda en el IES L\u00f3pez de Arenas? (Manuel Garc\u00eda).<br><strong>Mi primer d\u00eda en el \u00cdES L\u00f3pez de Arenas no fue mi primer d\u00eda de trabajo, ya ven\u00eda del antiguo FP, pero mi primer d\u00eda en el \u00cdes L\u00f3pez de Arenas me pareci\u00f3 grand\u00edsimo el edificio y m\u00e1s de una vez me perd\u00eda con tantas escaleras y pasillos. Muy contenta porque estaba todo nuevo a estrenar, ten\u00edamos carros para transportar el material de limpieza, incluso lo que m\u00e1s me sorprendi\u00f3 fue las molas, ya que en el antiguo FP utiliz\u00e1bamos serr\u00edn h\u00famedo para barrer.<\/strong><\/p>\n\n\n\n<p>Si volvieras al pasado, \u00bfcambiar\u00edas de profesi\u00f3n y lugar de trabajo? (Gonzalo Vega)<br><strong>A mi me gusta mi trabajo. Pero si hubiera estado en mis manos seguir estudiando, me hubiera declinado por las matem\u00e1ticas y por supuesto no cambiar\u00eda el lugar de trabajo<\/strong>.<\/p>\n\n\n\n<p>45 a\u00f1os son muchos a\u00f1os, seguro que conservas en la memoria un d\u00eda muy especial entre todos. \u00bfPuedes compartirlo con todos los lectores de El Barranco? (Paola Romero).<br><strong>D\u00edas especiales hay muchos dentro de estos 45 a\u00f1os, pero me quedo con el m\u00e1s reciente, mi \u00faltimo d\u00eda de trabajo, para mi fue el m\u00e1s especial<\/strong><\/p>\n\n\n\n<p>No hay que ocultarlo, y de las cosas malas tambi\u00e9n se aprende: \u00bfQu\u00e9 mala experiencia recuerdas de tu paso por el IESLA? (Zara Castillo).<br><strong>Sinceramente no tengo ni una mala experiencia en el IESLA, pero si en el antiguo FP donde hab\u00eda un profesor que se esperaba a \u00faltima hora para ver si sal\u00edamos a nuestra hora o antes de tiempo a mi y a mis compa\u00f1eras, eso no nos gustaba nada, nos sent\u00edamos vigiladas.<\/strong><\/p>\n\n\n\n<p>A veces, cuando pasas por el centro en invierno y ves las luces porque est\u00e1is trabajando, debe dar miedo el centro. \u00bfHas sentido alguna vez esa sensaci\u00f3n o te ha pasado alguna an\u00e9cdota parecida? (Paola Romero)<br><strong>Si, tengo que reconocer que soy muy miedica, antes de que oscurezca en invierno ya estoy en la planta de abajo para sentirme acompa\u00f1ada por mis compa\u00f1eros y compa\u00f1eras, cuando llegu\u00e9 al IESLA el primer a\u00f1o, sent\u00eda crujir y muchos ruidos que dan miedo al verte sola en una planta<\/strong>.<\/p>\n\n\n\n<p>Ahora que ha llegado otra \u00e9poca de tu vida, \u00bfen qu\u00e9 piensas invertir tu tiempo? (Julia S\u00e1nchez).<br><strong>Disfrutar de mis hijos y nietos, de mi familia en general y de mi tiempo libre, intentar\u00e9 viajar todo lo posible, el norte de Espa\u00f1a entra en uno de mis lugares pendientes por conocer<\/strong>.<\/p>\n\n\n\n<p>A lo largo de tu trayectoria han pasado muchas generaciones por delante de usted, \u00bfhay diferencias entre las generaciones de estudiantes? (Juan Jos\u00e9 Garc\u00eda).<br><strong>Si, hay bastante diferencia entre hace 40 a\u00f1os y ahora, antes los alumnos le ten\u00edan m\u00e1s respeto a los profesores , hablo de la mayor\u00eda. No com\u00edan en clase, no com\u00edan pipas y las tiraban al suelo, etc.<\/strong><\/p>\n\n\n\n<p>\u00bfQu\u00e9 consejo le dar\u00edas a las personas que forman parte del centro? \u00bfC\u00f3mo querr\u00edas que se te recordaran en el centro? (Alejandro Montero)<br><strong>Que disfruten del camino. A veces, entre rutinas y responsabilidades, olvidamos lo valioso que es compartir tiempo, aprender unos de otros y crecer juntos. A los docentes, que sigan ense\u00f1ando con paciencia y vocaci\u00f3n. Al personal no docente, que nunca duden del impacto que tienen. Y a los alumnos, que no se queden solo con lo acad\u00e9mico: lo humano tambi\u00e9n forma parte del aprendizaje. Si me tienen que recordar, que me recuerden como alguien sencilla, que pas\u00f3 dejando algo bueno. Que estuvo con buena actitud, con ganas de ayudar y con respeto por todos. Si dejo un recuerdo positivo en quienes coincidieron conmigo, me doy por m\u00e1s que satisfecha.<\/strong><\/p>\n\n\n\n<p><\/p>\n","protected":false},"excerpt":{"rendered":"<p>Por el alumnado de Valores \u00c9ticos, 2\u00ba ESO C. Empezamos por lo \u00faltimo: el d\u00eda de tu despedida fue muy especial: \u00bfQu\u00e9 te pareci\u00f3 la sorpresa del profesorado, tus compa\u00f1eras y el alumnado? (Lucia Gavira).Fue una sorpresa que no me &hellip; <a href=\"https:\/\/lopezdearenas.org\/inicio\/blog\/entrevista-a-antonia-espinosa-antoni\/\">Sigue leyendo <span class=\"meta-nav\">&rarr;<\/span><\/a><\/p>\n","protected":false},"author":83,"featured_media":0,"comment_status":"closed","ping_status":"open","sticky":false,"template":"","format":"standard","meta":{"_jetpack_memberships_contains_paid_content":false,"footnotes":"","jetpack_publicize_message":"","jetpack_publicize_feature_enabled":true,"jetpack_social_post_already_shared":true,"jetpack_social_options":{"image_generator_settings":{"template":"highway","default_image_id":0,"enabled":false},"version":2}},"categories":[5],"tags":[170],"class_list":["post-17058","post","type-post","status-publish","format-standard","hentry","category-novedades","tag-jubilacion"],"jetpack_publicize_connections":[],"jetpack_featured_media_url":"","jetpack_sharing_enabled":true,"_links":{"self":[{"href":"https:\/\/lopezdearenas.org\/inicio\/blog\/wp-json\/wp\/v2\/posts\/17058","targetHints":{"allow":["GET"]}}],"collection":[{"href":"https:\/\/lopezdearenas.org\/inicio\/blog\/wp-json\/wp\/v2\/posts"}],"about":[{"href":"https:\/\/lopezdearenas.org\/inicio\/blog\/wp-json\/wp\/v2\/types\/post"}],"author":[{"embeddable":true,"href":"https:\/\/lopezdearenas.org\/inicio\/blog\/wp-json\/wp\/v2\/users\/83"}],"replies":[{"embeddable":true,"href":"https:\/\/lopezdearenas.org\/inicio\/blog\/wp-json\/wp\/v2\/comments?post=17058"}],"version-history":[{"count":4,"href":"https:\/\/lopezdearenas.org\/inicio\/blog\/wp-json\/wp\/v2\/posts\/17058\/revisions"}],"predecessor-version":[{"id":17064,"href":"https:\/\/lopezdearenas.org\/inicio\/blog\/wp-json\/wp\/v2\/posts\/17058\/revisions\/17064"}],"wp:attachment":[{"href":"https:\/\/lopezdearenas.org\/inicio\/blog\/wp-json\/wp\/v2\/media?parent=17058"}],"wp:term":[{"taxonomy":"category","embeddable":true,"href":"https:\/\/lopezdearenas.org\/inicio\/blog\/wp-json\/wp\/v2\/categories?post=17058"},{"taxonomy":"post_tag","embeddable":true,"href":"https:\/\/lopezdearenas.org\/inicio\/blog\/wp-json\/wp\/v2\/tags?post=17058"}],"curies":[{"name":"wp","href":"https:\/\/api.w.org\/{rel}","templated":true}]}}