{"id":17034,"date":"2025-06-23T11:21:23","date_gmt":"2025-06-23T10:21:23","guid":{"rendered":"https:\/\/lopezdearenas.org\/inicio\/blog\/?p=17034"},"modified":"2025-07-14T09:42:29","modified_gmt":"2025-07-14T08:42:29","slug":"fotos-y-video-de-la-graduacion-de-2-o-de-bachillerato-y-ciclos-superiores-del-ies-lopez-de-arenas","status":"publish","type":"post","link":"https:\/\/lopezdearenas.org\/inicio\/blog\/fotos-y-video-de-la-graduacion-de-2-o-de-bachillerato-y-ciclos-superiores-del-ies-lopez-de-arenas\/","title":{"rendered":"Fotos y v\u00eddeo de la Graduaci\u00f3n de 2.\u00ba de Bachillerato y Ciclos Superiores del IES L\u00f3pez de Arenas"},"content":{"rendered":"\n<p>El pasado viernes 20 de junio, celebramos la ceremonia de despedida para el alumnado de 2.\u00ba de Bachillerato y de los Ciclos Superiores de:<\/p>\n\n\n\n<ul class=\"wp-block-list\">\n<li>Servicios Administrativos<\/li>\n\n\n\n<li>Procesos y Calidad en la Industria Alimentaria<\/li>\n<\/ul>\n\n\n\n<p>Un acto lleno de agradecimientos, recuerdos y buenos deseos para el futuro. Ahora puedes revivir cada momento a trav\u00e9s del v\u00eddeo completo y de la galer\u00eda fotogr\u00e1fica que hemos preparado con mucho cari\u00f1o.<\/p>\n\n\n\n<p>Accede al contenido desde el siguiente enlace: <a href=\"https:\/\/drive.google.com\/open?id=1nuzmiejMLmYofi9W71zR6N2LGwz6ckui&amp;usp=drive_fs\" data-type=\"link\" data-id=\"https:\/\/drive.google.com\/open?id=1nuzmiejMLmYofi9W71zR6N2LGwz6ckui&amp;usp=drive_fs\">https:\/\/drive.google.com\/open?id=1nuzmiejMLmYofi9W71zR6N2LGwz6ckui&amp;usp=drive_fs<\/a><\/p>\n\n\n\n<p>Gracias a todas las familias, profesorado, equipo t\u00e9cnico y estudiantes que lo hicisteis posible<strong>. \u00a1Y enhorabuena, promoci\u00f3n 2024-2025!<\/strong><\/p>\n\n\n\n<figure class=\"wp-block-embed is-type-video is-provider-youtube wp-block-embed-youtube wp-embed-aspect-16-9 wp-has-aspect-ratio\"><div class=\"wp-block-embed__wrapper\">\n<iframe loading=\"lazy\" title=\"GRADUACION LOPEZ DE ARENAS 20-06-25\" width=\"584\" height=\"329\" src=\"https:\/\/www.youtube.com\/embed\/glusKAfZZzw?feature=oembed\" frameborder=\"0\" allow=\"accelerometer; autoplay; clipboard-write; encrypted-media; gyroscope; picture-in-picture; web-share\" referrerpolicy=\"strict-origin-when-cross-origin\" allowfullscreen><\/iframe>\n<\/div><\/figure>\n","protected":false},"excerpt":{"rendered":"<p>El pasado viernes 20 de junio, celebramos la ceremonia de despedida para el alumnado de 2.\u00ba de Bachillerato y de los Ciclos Superiores de: Un acto lleno de agradecimientos, recuerdos y buenos deseos para el futuro. Ahora puedes revivir cada &hellip; <a href=\"https:\/\/lopezdearenas.org\/inicio\/blog\/fotos-y-video-de-la-graduacion-de-2-o-de-bachillerato-y-ciclos-superiores-del-ies-lopez-de-arenas\/\">Sigue leyendo <span class=\"meta-nav\">&rarr;<\/span><\/a><\/p>\n","protected":false},"author":83,"featured_media":0,"comment_status":"closed","ping_status":"open","sticky":false,"template":"","format":"standard","meta":{"_jetpack_memberships_contains_paid_content":false,"footnotes":"","jetpack_publicize_message":"","jetpack_publicize_feature_enabled":true,"jetpack_social_post_already_shared":true,"jetpack_social_options":{"image_generator_settings":{"template":"highway","default_image_id":0,"enabled":false},"version":2}},"categories":[5],"tags":[163,44],"class_list":["post-17034","post","type-post","status-publish","format-standard","hentry","category-novedades","tag-2o-bachillerato","tag-graduacion"],"jetpack_publicize_connections":[],"jetpack_featured_media_url":"","jetpack_sharing_enabled":true,"_links":{"self":[{"href":"https:\/\/lopezdearenas.org\/inicio\/blog\/wp-json\/wp\/v2\/posts\/17034","targetHints":{"allow":["GET"]}}],"collection":[{"href":"https:\/\/lopezdearenas.org\/inicio\/blog\/wp-json\/wp\/v2\/posts"}],"about":[{"href":"https:\/\/lopezdearenas.org\/inicio\/blog\/wp-json\/wp\/v2\/types\/post"}],"author":[{"embeddable":true,"href":"https:\/\/lopezdearenas.org\/inicio\/blog\/wp-json\/wp\/v2\/users\/83"}],"replies":[{"embeddable":true,"href":"https:\/\/lopezdearenas.org\/inicio\/blog\/wp-json\/wp\/v2\/comments?post=17034"}],"version-history":[{"count":6,"href":"https:\/\/lopezdearenas.org\/inicio\/blog\/wp-json\/wp\/v2\/posts\/17034\/revisions"}],"predecessor-version":[{"id":17041,"href":"https:\/\/lopezdearenas.org\/inicio\/blog\/wp-json\/wp\/v2\/posts\/17034\/revisions\/17041"}],"wp:attachment":[{"href":"https:\/\/lopezdearenas.org\/inicio\/blog\/wp-json\/wp\/v2\/media?parent=17034"}],"wp:term":[{"taxonomy":"category","embeddable":true,"href":"https:\/\/lopezdearenas.org\/inicio\/blog\/wp-json\/wp\/v2\/categories?post=17034"},{"taxonomy":"post_tag","embeddable":true,"href":"https:\/\/lopezdearenas.org\/inicio\/blog\/wp-json\/wp\/v2\/tags?post=17034"}],"curies":[{"name":"wp","href":"https:\/\/api.w.org\/{rel}","templated":true}]}}