{"id":1685,"date":"2014-06-25T12:00:17","date_gmt":"2014-06-25T11:00:17","guid":{"rendered":"http:\/\/lopezdearenas.org\/inicio\/blog\/?p=1685"},"modified":"2014-06-25T05:23:03","modified_gmt":"2014-06-25T04:23:03","slug":"ii-jornadas-plan-quijote","status":"publish","type":"post","link":"https:\/\/lopezdearenas.org\/inicio\/blog\/ii-jornadas-plan-quijote\/","title":{"rendered":"II Jornada Plan Quijote"},"content":{"rendered":"<p><img loading=\"lazy\" decoding=\"async\" class=\"aligncenter size-full wp-image-1686\" src=\"http:\/\/lopezdearenas.org\/inicio\/blog\/wp-content\/uploads\/2014\/06\/cartel.jpg\" alt=\"cartel\" width=\"720\" height=\"540\" srcset=\"https:\/\/lopezdearenas.org\/inicio\/blog\/wp-content\/uploads\/2014\/06\/cartel.jpg 720w, https:\/\/lopezdearenas.org\/inicio\/blog\/wp-content\/uploads\/2014\/06\/cartel-300x225.jpg 300w, https:\/\/lopezdearenas.org\/inicio\/blog\/wp-content\/uploads\/2014\/06\/cartel-400x300.jpg 400w\" sizes=\"auto, (max-width: 720px) 100vw, 720px\" \/><\/p>\n<p>Este viernes 27 de Junio tendr\u00e1 lugar en el I.E.S. L\u00f3pez de Arenas las II Jornada de Formaci\u00f3n dentro del desarrollo del Plan Quijote.<\/p>\n<p>Esta jornada estar\u00e1 dedicada a: <span style=\"color: #ff0000;\"><strong>\u00abTEA y Asperger en Secundaria\u00bb<\/strong><\/span><\/p>\n<p>La jornada comenzar\u00e1 a las 10 y est\u00e1 previsto que finalice a las 13:30.<\/p>\n<p><a href=\"http:\/\/lopezdearenas.org\/inicio\/blog\/wp-content\/uploads\/2014\/06\/diptico.pdf\">D\u00edptico de la II Jornada<\/a><\/p>\n<p><a href=\"http:\/\/lopezdearenas.org\/inicio\/blog\/wp-content\/uploads\/2014\/06\/resena.pdf\">Rese\u00f1a<\/a><\/p>\n","protected":false},"excerpt":{"rendered":"<p>Este viernes 27 de Junio tendr\u00e1 lugar en el I.E.S. L\u00f3pez de Arenas las II Jornada de Formaci\u00f3n dentro del desarrollo del Plan Quijote. Esta jornada estar\u00e1 dedicada a: \u00abTEA y Asperger en Secundaria\u00bb La jornada comenzar\u00e1 a las 10 &hellip; <a href=\"https:\/\/lopezdearenas.org\/inicio\/blog\/ii-jornadas-plan-quijote\/\">Sigue leyendo <span class=\"meta-nav\">&rarr;<\/span><\/a><\/p>\n","protected":false},"author":1,"featured_media":0,"comment_status":"open","ping_status":"open","sticky":false,"template":"","format":"standard","meta":{"_jetpack_memberships_contains_paid_content":false,"footnotes":"","jetpack_publicize_message":"","jetpack_publicize_feature_enabled":true,"jetpack_social_post_already_shared":true,"jetpack_social_options":{"image_generator_settings":{"template":"highway","default_image_id":0,"enabled":false},"version":2}},"categories":[5],"tags":[],"class_list":["post-1685","post","type-post","status-publish","format-standard","hentry","category-novedades"],"jetpack_publicize_connections":[],"jetpack_featured_media_url":"","jetpack_sharing_enabled":true,"_links":{"self":[{"href":"https:\/\/lopezdearenas.org\/inicio\/blog\/wp-json\/wp\/v2\/posts\/1685","targetHints":{"allow":["GET"]}}],"collection":[{"href":"https:\/\/lopezdearenas.org\/inicio\/blog\/wp-json\/wp\/v2\/posts"}],"about":[{"href":"https:\/\/lopezdearenas.org\/inicio\/blog\/wp-json\/wp\/v2\/types\/post"}],"author":[{"embeddable":true,"href":"https:\/\/lopezdearenas.org\/inicio\/blog\/wp-json\/wp\/v2\/users\/1"}],"replies":[{"embeddable":true,"href":"https:\/\/lopezdearenas.org\/inicio\/blog\/wp-json\/wp\/v2\/comments?post=1685"}],"version-history":[{"count":2,"href":"https:\/\/lopezdearenas.org\/inicio\/blog\/wp-json\/wp\/v2\/posts\/1685\/revisions"}],"predecessor-version":[{"id":1690,"href":"https:\/\/lopezdearenas.org\/inicio\/blog\/wp-json\/wp\/v2\/posts\/1685\/revisions\/1690"}],"wp:attachment":[{"href":"https:\/\/lopezdearenas.org\/inicio\/blog\/wp-json\/wp\/v2\/media?parent=1685"}],"wp:term":[{"taxonomy":"category","embeddable":true,"href":"https:\/\/lopezdearenas.org\/inicio\/blog\/wp-json\/wp\/v2\/categories?post=1685"},{"taxonomy":"post_tag","embeddable":true,"href":"https:\/\/lopezdearenas.org\/inicio\/blog\/wp-json\/wp\/v2\/tags?post=1685"}],"curies":[{"name":"wp","href":"https:\/\/api.w.org\/{rel}","templated":true}]}}