{"id":16458,"date":"2025-01-28T10:04:33","date_gmt":"2025-01-28T09:04:33","guid":{"rendered":"https:\/\/lopezdearenas.org\/inicio\/blog\/?p=16458"},"modified":"2025-01-28T10:04:35","modified_gmt":"2025-01-28T09:04:35","slug":"movilidad-erasmus-2025-italia-15-dias","status":"publish","type":"post","link":"https:\/\/lopezdearenas.org\/inicio\/blog\/movilidad-erasmus-2025-italia-15-dias\/","title":{"rendered":"Movilidad ERASMUS+ 2025 (Italia &#8211; 15 d\u00edas)"},"content":{"rendered":"\n<p>Se abre el plazo para solicitar las movilidades ERASMUS+ para alumnado de Formaci\u00f3n Profesional.<\/p>\n\n\n\n<p>En los documentos que se facilitan, est\u00e1 disponible toda la informaci\u00f3n necesaria para participar en esta convocatoria.<\/p>\n\n\n<div class=\"wp-block-image\">\n<figure class=\"aligncenter size-full is-resized\"><img loading=\"lazy\" decoding=\"async\" width=\"450\" height=\"450\" src=\"https:\/\/lopezdearenas.org\/inicio\/blog\/wp-content\/uploads\/2024\/10\/erasmusplus-bridge-to-europe.jpg\" alt=\"\" class=\"wp-image-16200\" style=\"width:179px;height:auto\" srcset=\"https:\/\/lopezdearenas.org\/inicio\/blog\/wp-content\/uploads\/2024\/10\/erasmusplus-bridge-to-europe.jpg 450w, https:\/\/lopezdearenas.org\/inicio\/blog\/wp-content\/uploads\/2024\/10\/erasmusplus-bridge-to-europe-300x300.jpg 300w, https:\/\/lopezdearenas.org\/inicio\/blog\/wp-content\/uploads\/2024\/10\/erasmusplus-bridge-to-europe-150x150.jpg 150w\" sizes=\"auto, (max-width: 450px) 100vw, 450px\" \/><\/figure><\/div>\n\n\n<div class=\"wp-block-file\"><a id=\"wp-block-file--media-d99755a6-a75b-4116-a6aa-38d0e58d7920\" href=\"https:\/\/lopezdearenas.org\/inicio\/blog\/wp-content\/uploads\/2025\/01\/Bases-15D-Bridge-2025.docx\">Bases 15D Bridge 2025<\/a><a href=\"https:\/\/lopezdearenas.org\/inicio\/blog\/wp-content\/uploads\/2025\/01\/Bases-15D-Bridge-2025.docx\" class=\"wp-block-file__button wp-element-button\" download aria-describedby=\"wp-block-file--media-d99755a6-a75b-4116-a6aa-38d0e58d7920\">Descarga<\/a><\/div>\n\n\n\n<div class=\"wp-block-file\"><a id=\"wp-block-file--media-ff7614c7-d948-42d5-9655-15a6cba0465f\" href=\"https:\/\/lopezdearenas.org\/inicio\/blog\/wp-content\/uploads\/2025\/01\/Ficha-Inscripcioin-Bridge-15D-2025.pdf\">Ficha Inscripcio\u00ecn Bridge 15D 2025<\/a><a href=\"https:\/\/lopezdearenas.org\/inicio\/blog\/wp-content\/uploads\/2025\/01\/Ficha-Inscripcioin-Bridge-15D-2025.pdf\" class=\"wp-block-file__button wp-element-button\" download aria-describedby=\"wp-block-file--media-ff7614c7-d948-42d5-9655-15a6cba0465f\">Descarga<\/a><\/div>\n","protected":false},"excerpt":{"rendered":"<p>Se abre el plazo para solicitar las movilidades ERASMUS+ para alumnado de Formaci\u00f3n Profesional. En los documentos que se facilitan, est\u00e1 disponible toda la informaci\u00f3n necesaria para participar en esta convocatoria.<\/p>\n","protected":false},"author":1,"featured_media":0,"comment_status":"closed","ping_status":"open","sticky":false,"template":"","format":"standard","meta":{"_jetpack_memberships_contains_paid_content":false,"footnotes":"","jetpack_publicize_message":"","jetpack_publicize_feature_enabled":true,"jetpack_social_post_already_shared":true,"jetpack_social_options":{"image_generator_settings":{"template":"highway","default_image_id":0,"enabled":false},"version":2}},"categories":[150,12,5],"tags":[8,45,28],"class_list":["post-16458","post","type-post","status-publish","format-standard","hentry","category-erasmus","category-noticias_breves","category-novedades","tag-alumnos","tag-ciclos-formativos","tag-instituto"],"jetpack_publicize_connections":[],"jetpack_featured_media_url":"","jetpack_sharing_enabled":true,"_links":{"self":[{"href":"https:\/\/lopezdearenas.org\/inicio\/blog\/wp-json\/wp\/v2\/posts\/16458","targetHints":{"allow":["GET"]}}],"collection":[{"href":"https:\/\/lopezdearenas.org\/inicio\/blog\/wp-json\/wp\/v2\/posts"}],"about":[{"href":"https:\/\/lopezdearenas.org\/inicio\/blog\/wp-json\/wp\/v2\/types\/post"}],"author":[{"embeddable":true,"href":"https:\/\/lopezdearenas.org\/inicio\/blog\/wp-json\/wp\/v2\/users\/1"}],"replies":[{"embeddable":true,"href":"https:\/\/lopezdearenas.org\/inicio\/blog\/wp-json\/wp\/v2\/comments?post=16458"}],"version-history":[{"count":1,"href":"https:\/\/lopezdearenas.org\/inicio\/blog\/wp-json\/wp\/v2\/posts\/16458\/revisions"}],"predecessor-version":[{"id":16461,"href":"https:\/\/lopezdearenas.org\/inicio\/blog\/wp-json\/wp\/v2\/posts\/16458\/revisions\/16461"}],"wp:attachment":[{"href":"https:\/\/lopezdearenas.org\/inicio\/blog\/wp-json\/wp\/v2\/media?parent=16458"}],"wp:term":[{"taxonomy":"category","embeddable":true,"href":"https:\/\/lopezdearenas.org\/inicio\/blog\/wp-json\/wp\/v2\/categories?post=16458"},{"taxonomy":"post_tag","embeddable":true,"href":"https:\/\/lopezdearenas.org\/inicio\/blog\/wp-json\/wp\/v2\/tags?post=16458"}],"curies":[{"name":"wp","href":"https:\/\/api.w.org\/{rel}","templated":true}]}}