{"id":16123,"date":"2024-10-02T10:56:25","date_gmt":"2024-10-02T09:56:25","guid":{"rendered":"https:\/\/lopezdearenas.org\/inicio\/blog\/?p=16123"},"modified":"2024-10-02T10:56:25","modified_gmt":"2024-10-02T09:56:25","slug":"inauguracion-del-50-25-aniversario-del-ies-lopez-de-arenas","status":"publish","type":"post","link":"https:\/\/lopezdearenas.org\/inicio\/blog\/inauguracion-del-50-25-aniversario-del-ies-lopez-de-arenas\/","title":{"rendered":"Inauguraci\u00f3n del 50\/25 Aniversario del IES L\u00f3pez de Arenas"},"content":{"rendered":"\n<p>El pasado 30 de septiembre, celebramos el acto inaugural del 50\u00ba<br>aniversario de la Formaci\u00f3n Profesional y el 25\u00ba aniversario del<br>Bachillerato en el IES L\u00f3pez de Arenas. Este acto marca el inicio de<br>un a\u00f1o lleno de actividades y conmemoraciones que intentar\u00e1 reflejar<br>el legado de nuestro centro en la formaci\u00f3n de muchas generaciones de<br>estudiantes y queremos que sea una oportunidad para mostrar tambi\u00e9n el<br>potencial del centro en la actualidad.<\/p>\n\n\n\n<figure class=\"wp-block-image size-large\"><img loading=\"lazy\" decoding=\"async\" width=\"1024\" height=\"768\" src=\"https:\/\/lopezdearenas.org\/inicio\/blog\/wp-content\/uploads\/2024\/10\/foto3-1024x768.jpeg\" alt=\"\" class=\"wp-image-16124\" srcset=\"https:\/\/lopezdearenas.org\/inicio\/blog\/wp-content\/uploads\/2024\/10\/foto3-1024x768.jpeg 1024w, https:\/\/lopezdearenas.org\/inicio\/blog\/wp-content\/uploads\/2024\/10\/foto3-300x225.jpeg 300w, https:\/\/lopezdearenas.org\/inicio\/blog\/wp-content\/uploads\/2024\/10\/foto3-768x576.jpeg 768w, https:\/\/lopezdearenas.org\/inicio\/blog\/wp-content\/uploads\/2024\/10\/foto3-1536x1152.jpeg 1536w, https:\/\/lopezdearenas.org\/inicio\/blog\/wp-content\/uploads\/2024\/10\/foto3-400x300.jpeg 400w, https:\/\/lopezdearenas.org\/inicio\/blog\/wp-content\/uploads\/2024\/10\/foto3.jpeg 1600w\" sizes=\"auto, (max-width: 1024px) 100vw, 1024px\" \/><\/figure>\n\n\n\n<p>Durante la jornada, contamos con la asistencia de autoridades locales,<br>antiguos profesores, alumnos y miembros de la comunidad educativa,<br>quienes nos acompa\u00f1aron en esta celebraci\u00f3n tan especial. Como record\u00f3<br>en su discurso el director del centro, Juan Miguel Borrego Mart\u00edn, la<br>evoluci\u00f3n del centro, su papel fundamental en la educaci\u00f3n y el<br>compromiso con la calidad acad\u00e9mica y la formaci\u00f3n integral de nuestro<br>alumnado merece una celebraci\u00f3n de este tipo.<\/p>\n\n\n\n<figure class=\"wp-block-image size-large\"><img loading=\"lazy\" decoding=\"async\" width=\"1024\" height=\"768\" src=\"https:\/\/lopezdearenas.org\/inicio\/blog\/wp-content\/uploads\/2024\/10\/foto5-1024x768.jpeg\" alt=\"\" class=\"wp-image-16125\" srcset=\"https:\/\/lopezdearenas.org\/inicio\/blog\/wp-content\/uploads\/2024\/10\/foto5-1024x768.jpeg 1024w, https:\/\/lopezdearenas.org\/inicio\/blog\/wp-content\/uploads\/2024\/10\/foto5-300x225.jpeg 300w, https:\/\/lopezdearenas.org\/inicio\/blog\/wp-content\/uploads\/2024\/10\/foto5-768x576.jpeg 768w, https:\/\/lopezdearenas.org\/inicio\/blog\/wp-content\/uploads\/2024\/10\/foto5-1536x1152.jpeg 1536w, https:\/\/lopezdearenas.org\/inicio\/blog\/wp-content\/uploads\/2024\/10\/foto5-400x300.jpeg 400w, https:\/\/lopezdearenas.org\/inicio\/blog\/wp-content\/uploads\/2024\/10\/foto5.jpeg 1600w\" sizes=\"auto, (max-width: 1024px) 100vw, 1024px\" \/><\/figure>\n\n\n\n<p>Tambi\u00e9n se present\u00f3 el logo, realizado por Fidel Rodr\u00edguez, artista y<br>profesor del centro durante muchos a\u00f1os y se le agradeci\u00f3 su<br>generosidad y compromiso con el IES L\u00f3pez de Arenas.<\/p>\n\n\n\n<figure class=\"wp-block-image size-large\"><img loading=\"lazy\" decoding=\"async\" width=\"1024\" height=\"676\" src=\"https:\/\/lopezdearenas.org\/inicio\/blog\/wp-content\/uploads\/2024\/10\/logo_color-1024x676.png\" alt=\"\" class=\"wp-image-16126\" srcset=\"https:\/\/lopezdearenas.org\/inicio\/blog\/wp-content\/uploads\/2024\/10\/logo_color-1024x676.png 1024w, https:\/\/lopezdearenas.org\/inicio\/blog\/wp-content\/uploads\/2024\/10\/logo_color-300x198.png 300w, https:\/\/lopezdearenas.org\/inicio\/blog\/wp-content\/uploads\/2024\/10\/logo_color-768x507.png 768w, https:\/\/lopezdearenas.org\/inicio\/blog\/wp-content\/uploads\/2024\/10\/logo_color-1536x1015.png 1536w, https:\/\/lopezdearenas.org\/inicio\/blog\/wp-content\/uploads\/2024\/10\/logo_color-454x300.png 454w, https:\/\/lopezdearenas.org\/inicio\/blog\/wp-content\/uploads\/2024\/10\/logo_color.png 2000w\" sizes=\"auto, (max-width: 1024px) 100vw, 1024px\" \/><\/figure>\n\n\n\n<p>Por otra parte, se anunciaron las actividades previstas (creaci\u00f3n de<br>un libro; charlas, mesas redondas y encuentros con antiguos alumnos y<br>alumnas, directores del centro, profesorado; exposiciones de<br>fotograf\u00edas; torneo regional de debate; encuentro de personas-libro,<br>entre otras) y se hizo p\u00fablica la p\u00e1gina oficial del aniversario:<\/p>\n\n\n\n<p><a href=\"https:\/\/sites.google.com\/lopezdearenas.net\/aniversario50-25\">https:\/\/sites.google.com\/lopezdearenas.net\/aniversario50-25<\/a><\/p>\n\n\n\n<p>Se invit\u00f3 a la Comunidad Educativa a participar en los saludos y<br>felicitaciones por el aniversario en forma de v\u00eddeo, para compartirlos<br>en dicha p\u00e1gina y darle difusi\u00f3n.<\/p>\n\n\n\n<p>La prensa local, como La Voz de Marchena, y TV Marchena se han hecho<br>eco de este evento, dando visibilidad a\u00a0 este aniversario. Pod\u00e9is leer<br>m\u00e1s detalles del evento en el siguiente enlace a la noticia y ver la<br>cobertura televisiva aqu\u00ed.<\/p>\n\n\n\n<p><a href=\"https:\/\/lavozdemarchena.es\/portada\/17205-el-ies-lopez-de-arenas-programa-un-amplio-abanico-de-actividades-para-conmemorar-el-25-aniversario-del-bachillerato-y-el-50-de-la-formacion-profesional\">https:\/\/lavozdemarchena.es\/portada\/17205-el-ies-lopez-de-arenas-programa-un-amplio-abanico-de-actividades-para-conmemorar-el-25-aniversario-del-bachillerato-y-el-50-de-la-formacion-profesional<\/a><\/p>\n\n\n\n<figure class=\"wp-block-embed is-type-video is-provider-youtube wp-block-embed-youtube wp-embed-aspect-16-9 wp-has-aspect-ratio\"><div class=\"wp-block-embed__wrapper\">\n<iframe loading=\"lazy\" title=\"Presentaci\u00f3n Logotipo y Actividades 50-25 Aniversario IES L\u00f3pez de Arenas\" width=\"584\" height=\"329\" src=\"https:\/\/www.youtube.com\/embed\/ZUm2QMCPzCw?feature=oembed\" frameborder=\"0\" allow=\"accelerometer; autoplay; clipboard-write; encrypted-media; gyroscope; picture-in-picture; web-share\" referrerpolicy=\"strict-origin-when-cross-origin\" allowfullscreen><\/iframe>\n<\/div><\/figure>\n\n\n\n<figure class=\"wp-block-image size-large\"><img loading=\"lazy\" decoding=\"async\" width=\"1024\" height=\"682\" src=\"https:\/\/lopezdearenas.org\/inicio\/blog\/wp-content\/uploads\/2024\/10\/foto6-1024x682.jpeg\" alt=\"\" class=\"wp-image-16127\" srcset=\"https:\/\/lopezdearenas.org\/inicio\/blog\/wp-content\/uploads\/2024\/10\/foto6-1024x682.jpeg 1024w, https:\/\/lopezdearenas.org\/inicio\/blog\/wp-content\/uploads\/2024\/10\/foto6-300x200.jpeg 300w, https:\/\/lopezdearenas.org\/inicio\/blog\/wp-content\/uploads\/2024\/10\/foto6-768x512.jpeg 768w, https:\/\/lopezdearenas.org\/inicio\/blog\/wp-content\/uploads\/2024\/10\/foto6-1536x1023.jpeg 1536w, https:\/\/lopezdearenas.org\/inicio\/blog\/wp-content\/uploads\/2024\/10\/foto6-450x300.jpeg 450w, https:\/\/lopezdearenas.org\/inicio\/blog\/wp-content\/uploads\/2024\/10\/foto6.jpeg 1600w\" sizes=\"auto, (max-width: 1024px) 100vw, 1024px\" \/><\/figure>\n\n\n\n<p>Este aniversario acaba de empezar y esperamos que la participaci\u00f3n de<br>toda la Comunidad Educativa tenga la acogida que merece esta<br>iniciativa.<\/p>\n\n\n\n<p><\/p>\n","protected":false},"excerpt":{"rendered":"<p>El pasado 30 de septiembre, celebramos el acto inaugural del 50\u00baaniversario de la Formaci\u00f3n Profesional y el 25\u00ba aniversario delBachillerato en el IES L\u00f3pez de Arenas. Este acto marca el inicio deun a\u00f1o lleno de actividades y conmemoraciones que intentar\u00e1 &hellip; <a href=\"https:\/\/lopezdearenas.org\/inicio\/blog\/inauguracion-del-50-25-aniversario-del-ies-lopez-de-arenas\/\">Sigue leyendo <span class=\"meta-nav\">&rarr;<\/span><\/a><\/p>\n","protected":false},"author":1,"featured_media":0,"comment_status":"closed","ping_status":"open","sticky":false,"template":"","format":"standard","meta":{"_jetpack_memberships_contains_paid_content":false,"footnotes":"","jetpack_publicize_message":"","jetpack_publicize_feature_enabled":true,"jetpack_social_post_already_shared":true,"jetpack_social_options":{"image_generator_settings":{"template":"highway","default_image_id":0,"enabled":false},"version":2}},"categories":[149],"tags":[148,81,45],"class_list":["post-16123","post","type-post","status-publish","format-standard","hentry","category-aniversario-50-25","tag-aniversario-50-25","tag-bachilleratos","tag-ciclos-formativos"],"jetpack_publicize_connections":[],"jetpack_featured_media_url":"","jetpack_sharing_enabled":true,"_links":{"self":[{"href":"https:\/\/lopezdearenas.org\/inicio\/blog\/wp-json\/wp\/v2\/posts\/16123","targetHints":{"allow":["GET"]}}],"collection":[{"href":"https:\/\/lopezdearenas.org\/inicio\/blog\/wp-json\/wp\/v2\/posts"}],"about":[{"href":"https:\/\/lopezdearenas.org\/inicio\/blog\/wp-json\/wp\/v2\/types\/post"}],"author":[{"embeddable":true,"href":"https:\/\/lopezdearenas.org\/inicio\/blog\/wp-json\/wp\/v2\/users\/1"}],"replies":[{"embeddable":true,"href":"https:\/\/lopezdearenas.org\/inicio\/blog\/wp-json\/wp\/v2\/comments?post=16123"}],"version-history":[{"count":1,"href":"https:\/\/lopezdearenas.org\/inicio\/blog\/wp-json\/wp\/v2\/posts\/16123\/revisions"}],"predecessor-version":[{"id":16128,"href":"https:\/\/lopezdearenas.org\/inicio\/blog\/wp-json\/wp\/v2\/posts\/16123\/revisions\/16128"}],"wp:attachment":[{"href":"https:\/\/lopezdearenas.org\/inicio\/blog\/wp-json\/wp\/v2\/media?parent=16123"}],"wp:term":[{"taxonomy":"category","embeddable":true,"href":"https:\/\/lopezdearenas.org\/inicio\/blog\/wp-json\/wp\/v2\/categories?post=16123"},{"taxonomy":"post_tag","embeddable":true,"href":"https:\/\/lopezdearenas.org\/inicio\/blog\/wp-json\/wp\/v2\/tags?post=16123"}],"curies":[{"name":"wp","href":"https:\/\/api.w.org\/{rel}","templated":true}]}}