{"id":1511,"date":"2014-06-03T05:08:34","date_gmt":"2014-06-03T04:08:34","guid":{"rendered":"http:\/\/lopezdearenas.org\/inicio\/blog\/?p=1511"},"modified":"2014-06-03T05:12:27","modified_gmt":"2014-06-03T04:12:27","slug":"inscripcion-en-ciclos-formativos","status":"publish","type":"post","link":"https:\/\/lopezdearenas.org\/inicio\/blog\/inscripcion-en-ciclos-formativos\/","title":{"rendered":"Inscripci\u00f3n en Ciclos Formativos"},"content":{"rendered":"<p>El plazo de solicitud de admisi\u00f3n en Ciclos Formativos est\u00e1 abierto con las siguientes fechas:<\/p>\n<p>&#8211; Convocatoria de Junio: del <span style=\"color: #ff0000;\"><strong>1 al 25 de Junio<\/strong><\/span>.<\/p>\n<p>&#8211; Convocatoria de Septiembre: del <span style=\"color: #ff0000;\"><strong>1 al 10 de Septiembre<\/strong><\/span>.<\/p>\n<p>Puede acceder al Portal de Escolarizaci\u00f3n de la Junta de Andaluc\u00eda desde el siguiente enlace:<\/p>\n<p><a href=\"http:\/\/www.juntadeandalucia.es\/educacion\/webportal\/web\/portal-escolarizacion\/fp\/preguntas-frecuentes-fp\" target=\"_blank\">http:\/\/www.juntadeandalucia.es\/educacion\/webportal\/web\/portal-escolarizacion\/fp\/preguntas-frecuentes-fp<\/a><\/p>\n","protected":false},"excerpt":{"rendered":"<p>El plazo de solicitud de admisi\u00f3n en Ciclos Formativos est\u00e1 abierto con las siguientes fechas: &#8211; Convocatoria de Junio: del 1 al 25 de Junio. &#8211; Convocatoria de Septiembre: del 1 al 10 de Septiembre. Puede acceder al Portal de &hellip; <a href=\"https:\/\/lopezdearenas.org\/inicio\/blog\/inscripcion-en-ciclos-formativos\/\">Sigue leyendo <span class=\"meta-nav\">&rarr;<\/span><\/a><\/p>\n","protected":false},"author":1,"featured_media":0,"comment_status":"open","ping_status":"open","sticky":false,"template":"","format":"standard","meta":{"_jetpack_memberships_contains_paid_content":false,"footnotes":"","jetpack_publicize_message":"","jetpack_publicize_feature_enabled":true,"jetpack_social_post_already_shared":true,"jetpack_social_options":{"image_generator_settings":{"template":"highway","default_image_id":0,"enabled":false},"version":2}},"categories":[12,5],"tags":[45],"class_list":["post-1511","post","type-post","status-publish","format-standard","hentry","category-noticias_breves","category-novedades","tag-ciclos-formativos"],"jetpack_publicize_connections":[],"jetpack_featured_media_url":"","jetpack_sharing_enabled":true,"_links":{"self":[{"href":"https:\/\/lopezdearenas.org\/inicio\/blog\/wp-json\/wp\/v2\/posts\/1511","targetHints":{"allow":["GET"]}}],"collection":[{"href":"https:\/\/lopezdearenas.org\/inicio\/blog\/wp-json\/wp\/v2\/posts"}],"about":[{"href":"https:\/\/lopezdearenas.org\/inicio\/blog\/wp-json\/wp\/v2\/types\/post"}],"author":[{"embeddable":true,"href":"https:\/\/lopezdearenas.org\/inicio\/blog\/wp-json\/wp\/v2\/users\/1"}],"replies":[{"embeddable":true,"href":"https:\/\/lopezdearenas.org\/inicio\/blog\/wp-json\/wp\/v2\/comments?post=1511"}],"version-history":[{"count":1,"href":"https:\/\/lopezdearenas.org\/inicio\/blog\/wp-json\/wp\/v2\/posts\/1511\/revisions"}],"predecessor-version":[{"id":1512,"href":"https:\/\/lopezdearenas.org\/inicio\/blog\/wp-json\/wp\/v2\/posts\/1511\/revisions\/1512"}],"wp:attachment":[{"href":"https:\/\/lopezdearenas.org\/inicio\/blog\/wp-json\/wp\/v2\/media?parent=1511"}],"wp:term":[{"taxonomy":"category","embeddable":true,"href":"https:\/\/lopezdearenas.org\/inicio\/blog\/wp-json\/wp\/v2\/categories?post=1511"},{"taxonomy":"post_tag","embeddable":true,"href":"https:\/\/lopezdearenas.org\/inicio\/blog\/wp-json\/wp\/v2\/tags?post=1511"}],"curies":[{"name":"wp","href":"https:\/\/api.w.org\/{rel}","templated":true}]}}