{"id":1502,"date":"2014-06-02T13:00:01","date_gmt":"2014-06-02T12:00:01","guid":{"rendered":"http:\/\/lopezdearenas.org\/inicio\/blog\/?p=1502"},"modified":"2014-06-02T07:46:02","modified_gmt":"2014-06-02T06:46:02","slug":"musical-los-chicos-del-coro-2","status":"publish","type":"post","link":"https:\/\/lopezdearenas.org\/inicio\/blog\/musical-los-chicos-del-coro-2\/","title":{"rendered":"Musical \u00abLos chicos del Coro\u00bb"},"content":{"rendered":"<p>El pr\u00f3ximo viernes 6 de Junio tendr\u00e1 lugar el Musical \u00abLos chicos del Coro\u00bb, obra que llevan preparando los alumnos del I.E.S. L\u00f3pez de Arenas desde comienzos del presente curso.<\/p>\n<p>A las 12:00 tendr\u00e1 lugar la primera sesi\u00f3n destinada a los alumnos del I.E.S. L\u00f3pez de Arenas y de 6\u00ba de Primaria de los centros educativos de Marchena.<\/p>\n<p>A las 20:30 tendr\u00e1 lugar la segunda sesi\u00f3n destinada a todo el p\u00fablico en general, cuyo precio es de 2 \u20ac y destinando la recaudaci\u00f3n de la misma a una obra ben\u00e9fica.<\/p>\n<p>El musical ha sido dirigido y coordinado por la profesora de M\u00fasica D\u00f1a. Mar\u00eda Cornago.<\/p>\n<p><img loading=\"lazy\" decoding=\"async\" class=\"aligncenter size-large wp-image-1503\" src=\"http:\/\/lopezdearenas.org\/inicio\/blog\/wp-content\/uploads\/2014\/06\/carteldefinitivo-web-723x1024.jpg\" alt=\"carteldefinitivo-web\" width=\"584\" height=\"827\" srcset=\"https:\/\/lopezdearenas.org\/inicio\/blog\/wp-content\/uploads\/2014\/06\/carteldefinitivo-web-723x1024.jpg 723w, https:\/\/lopezdearenas.org\/inicio\/blog\/wp-content\/uploads\/2014\/06\/carteldefinitivo-web-212x300.jpg 212w, https:\/\/lopezdearenas.org\/inicio\/blog\/wp-content\/uploads\/2014\/06\/carteldefinitivo-web.jpg 900w\" sizes=\"auto, (max-width: 584px) 100vw, 584px\" \/><\/p>\n<p>Desde el I.E.S. L\u00f3pez de Arenas agradecemos la colaboraci\u00f3n del Ayuntamiento de Marchena y de la empresa Muebles Leon\u00e9s.<\/p>\n","protected":false},"excerpt":{"rendered":"<p>El pr\u00f3ximo viernes 6 de Junio tendr\u00e1 lugar el Musical \u00abLos chicos del Coro\u00bb, obra que llevan preparando los alumnos del I.E.S. L\u00f3pez de Arenas desde comienzos del presente curso. A las 12:00 tendr\u00e1 lugar la primera sesi\u00f3n destinada a &hellip; <a href=\"https:\/\/lopezdearenas.org\/inicio\/blog\/musical-los-chicos-del-coro-2\/\">Sigue leyendo <span class=\"meta-nav\">&rarr;<\/span><\/a><\/p>\n","protected":false},"author":1,"featured_media":0,"comment_status":"open","ping_status":"open","sticky":false,"template":"","format":"standard","meta":{"_jetpack_memberships_contains_paid_content":false,"footnotes":"","jetpack_publicize_message":"","jetpack_publicize_feature_enabled":true,"jetpack_social_post_already_shared":true,"jetpack_social_options":{"image_generator_settings":{"template":"highway","default_image_id":0,"enabled":false},"version":2}},"categories":[5],"tags":[],"class_list":["post-1502","post","type-post","status-publish","format-standard","hentry","category-novedades"],"jetpack_publicize_connections":[],"jetpack_featured_media_url":"","jetpack_sharing_enabled":true,"_links":{"self":[{"href":"https:\/\/lopezdearenas.org\/inicio\/blog\/wp-json\/wp\/v2\/posts\/1502","targetHints":{"allow":["GET"]}}],"collection":[{"href":"https:\/\/lopezdearenas.org\/inicio\/blog\/wp-json\/wp\/v2\/posts"}],"about":[{"href":"https:\/\/lopezdearenas.org\/inicio\/blog\/wp-json\/wp\/v2\/types\/post"}],"author":[{"embeddable":true,"href":"https:\/\/lopezdearenas.org\/inicio\/blog\/wp-json\/wp\/v2\/users\/1"}],"replies":[{"embeddable":true,"href":"https:\/\/lopezdearenas.org\/inicio\/blog\/wp-json\/wp\/v2\/comments?post=1502"}],"version-history":[{"count":4,"href":"https:\/\/lopezdearenas.org\/inicio\/blog\/wp-json\/wp\/v2\/posts\/1502\/revisions"}],"predecessor-version":[{"id":1507,"href":"https:\/\/lopezdearenas.org\/inicio\/blog\/wp-json\/wp\/v2\/posts\/1502\/revisions\/1507"}],"wp:attachment":[{"href":"https:\/\/lopezdearenas.org\/inicio\/blog\/wp-json\/wp\/v2\/media?parent=1502"}],"wp:term":[{"taxonomy":"category","embeddable":true,"href":"https:\/\/lopezdearenas.org\/inicio\/blog\/wp-json\/wp\/v2\/categories?post=1502"},{"taxonomy":"post_tag","embeddable":true,"href":"https:\/\/lopezdearenas.org\/inicio\/blog\/wp-json\/wp\/v2\/tags?post=1502"}],"curies":[{"name":"wp","href":"https:\/\/api.w.org\/{rel}","templated":true}]}}