{"id":1478,"date":"2014-05-29T12:50:46","date_gmt":"2014-05-29T11:50:46","guid":{"rendered":"http:\/\/lopezdearenas.org\/inicio\/blog\/?p=1478"},"modified":"2014-05-29T12:50:46","modified_gmt":"2014-05-29T11:50:46","slug":"graduacion-de-2o-bachillerato","status":"publish","type":"post","link":"https:\/\/lopezdearenas.org\/inicio\/blog\/graduacion-de-2o-bachillerato\/","title":{"rendered":"Graduaci\u00f3n de 2\u00ba Bachillerato"},"content":{"rendered":"<p style=\"margin-top: 0.21cm; line-height: 150%;\">Ma\u00f1ana viernes 30 de Mayo, a las 20:30 horas, tendr\u00e1 lugar en el I.E.S. L\u00f3pez de Arenas la Ceremonia de Graduaci\u00f3n del alumnado de 2\u00ba de Bachillerato.<\/p>\n<p style=\"margin-top: 0.21cm; line-height: 150%;\">El Acto se desarrollar\u00e1 con el siguiente gui\u00f3n:<\/p>\n<p><span style=\"font-family: Times New Roman,serif;\"><span style=\"font-size: medium;\">1.- Presentaci\u00f3n a cargo de D. Gonzalo Alcaide Aguilar<\/span><\/span><\/p>\n<p><span style=\"font-family: Times New Roman,serif;\"><span style=\"font-size: medium;\">2.- Bienvenida y Apertura del Acto a cargo del Director, D. Jos\u00e9 Francisco Rodr\u00edguez Cenizo<\/span><\/span><\/p>\n<p><span style=\"font-family: Times New Roman,serif;\"><span style=\"font-size: medium;\">3.- Intervenci\u00f3n de Tutores:<\/span><\/span><\/p>\n<ul>\n<li><span style=\"font-family: Times New Roman,serif;\"><span style=\"font-size: medium;\">D\u00f1a. Luisa P\u00e9rez V\u00e1zquez, tutora de 2\u00ba de Bachillerato de Humanidades y Ciencias y <\/span><\/span><\/li>\n<\/ul>\n<ul>\n<li><span style=\"font-family: Times New Roman,serif;\"><span style=\"font-size: medium;\">Don Manuel Maqueda Jim\u00e9nez, tutor de 2\u00ba de Bachillerato de Sociales .<\/span><\/span><\/li>\n<\/ul>\n<p style=\"margin-top: 0.21cm; line-height: 150%;\"><span style=\"font-family: Times New Roman,serif;\"><span style=\"font-size: medium;\">4.- Intervenci\u00f3n de Alumnos:<\/span><\/span><\/p>\n<ul>\n<li><span style=\"font-family: Times New Roman,serif;\"><span style=\"font-size: medium;\">M\u00aa Luisa Rodr\u00edguez S\u00e1nchez y Cristina Morilla Rodr\u00edguez <\/span><\/span><\/li>\n<\/ul>\n<ul>\n<li><span style=\"font-family: Times New Roman,serif;\"><span style=\"font-size: medium;\">Juan Polo L\u00f3pez y Alba Luc\u00eda Rojas Abad\u00eda y <\/span><\/span><\/li>\n<\/ul>\n<ul>\n<li><span style=\"font-family: Times New Roman,serif;\"><span style=\"font-size: medium;\">Juan Luis Labrador Gonz\u00e1lez<\/span><\/span><\/li>\n<\/ul>\n<p style=\"margin-top: 0.21cm; line-height: 150%;\"><span style=\"font-family: Times New Roman,serif;\"><span style=\"font-size: medium;\">5.- Entrega de orlas<\/span><\/span><\/p>\n<p style=\"margin-bottom: 0cm; line-height: 100%;\"><span style=\"font-family: Times New Roman,serif;\"><span style=\"font-size: medium;\">6.- Entrega de Matr\u00edculas de Honor<\/span><\/span><\/p>\n<p style=\"margin-top: 0.21cm; line-height: 150%;\"><span style=\"font-family: Times New Roman,serif;\"><span style=\"font-size: medium;\">7.- Intervenci\u00f3n de D\u00f1a. Antonia Luque, presidenta del AMPA.<\/span><\/span><\/p>\n<p style=\"margin-top: 0.21cm; line-height: 150%;\"><span style=\"font-family: Times New Roman,serif;\"><span style=\"font-size: medium;\">8- Intervenci\u00f3n del Director, D. Jos\u00e9 Francisco Rodr\u00edguez Cenizo.<\/span><\/span><\/p>\n<p style=\"margin-top: 0.21cm; line-height: 150%;\"><span style=\"font-family: Times New Roman,serif;\"><span style=\"font-size: medium;\">9.-Proyecci\u00f3n de fotograf\u00edas<\/span><\/span><\/p>\n","protected":false},"excerpt":{"rendered":"<p>Ma\u00f1ana viernes 30 de Mayo, a las 20:30 horas, tendr\u00e1 lugar en el I.E.S. L\u00f3pez de Arenas la Ceremonia de Graduaci\u00f3n del alumnado de 2\u00ba de Bachillerato. El Acto se desarrollar\u00e1 con el siguiente gui\u00f3n: 1.- Presentaci\u00f3n a cargo de &hellip; <a href=\"https:\/\/lopezdearenas.org\/inicio\/blog\/graduacion-de-2o-bachillerato\/\">Sigue leyendo <span class=\"meta-nav\">&rarr;<\/span><\/a><\/p>\n","protected":false},"author":1,"featured_media":0,"comment_status":"open","ping_status":"open","sticky":false,"template":"","format":"standard","meta":{"_jetpack_memberships_contains_paid_content":false,"footnotes":"","jetpack_publicize_message":"","jetpack_publicize_feature_enabled":true,"jetpack_social_post_already_shared":true,"jetpack_social_options":{"image_generator_settings":{"template":"highway","default_image_id":0,"enabled":false},"version":2}},"categories":[5],"tags":[],"class_list":["post-1478","post","type-post","status-publish","format-standard","hentry","category-novedades"],"jetpack_publicize_connections":[],"jetpack_featured_media_url":"","jetpack_sharing_enabled":true,"_links":{"self":[{"href":"https:\/\/lopezdearenas.org\/inicio\/blog\/wp-json\/wp\/v2\/posts\/1478","targetHints":{"allow":["GET"]}}],"collection":[{"href":"https:\/\/lopezdearenas.org\/inicio\/blog\/wp-json\/wp\/v2\/posts"}],"about":[{"href":"https:\/\/lopezdearenas.org\/inicio\/blog\/wp-json\/wp\/v2\/types\/post"}],"author":[{"embeddable":true,"href":"https:\/\/lopezdearenas.org\/inicio\/blog\/wp-json\/wp\/v2\/users\/1"}],"replies":[{"embeddable":true,"href":"https:\/\/lopezdearenas.org\/inicio\/blog\/wp-json\/wp\/v2\/comments?post=1478"}],"version-history":[{"count":1,"href":"https:\/\/lopezdearenas.org\/inicio\/blog\/wp-json\/wp\/v2\/posts\/1478\/revisions"}],"predecessor-version":[{"id":1479,"href":"https:\/\/lopezdearenas.org\/inicio\/blog\/wp-json\/wp\/v2\/posts\/1478\/revisions\/1479"}],"wp:attachment":[{"href":"https:\/\/lopezdearenas.org\/inicio\/blog\/wp-json\/wp\/v2\/media?parent=1478"}],"wp:term":[{"taxonomy":"category","embeddable":true,"href":"https:\/\/lopezdearenas.org\/inicio\/blog\/wp-json\/wp\/v2\/categories?post=1478"},{"taxonomy":"post_tag","embeddable":true,"href":"https:\/\/lopezdearenas.org\/inicio\/blog\/wp-json\/wp\/v2\/tags?post=1478"}],"curies":[{"name":"wp","href":"https:\/\/api.w.org\/{rel}","templated":true}]}}